{"id":37694,"date":"2025-08-06T11:18:19","date_gmt":"2025-08-06T14:18:19","guid":{"rendered":"https:\/\/acrj.org.br\/?p=37694"},"modified":"2025-08-11T16:53:48","modified_gmt":"2025-08-11T19:53:48","slug":"formacao-profissional-educacao-e-inovacao-foram-temas-de-debate-no-conselho","status":"publish","type":"post","link":"https:\/\/acrj.org.br\/index.php\/2025\/08\/06\/formacao-profissional-educacao-e-inovacao-foram-temas-de-debate-no-conselho\/","title":{"rendered":"Forma\u00e7\u00e3o profissional, educa\u00e7\u00e3o e inova\u00e7\u00e3o foram temas de debate no Conselho"},"content":{"rendered":"\n<p>A gerente da Firjan SENAI SESI, Joselaine Rampini, foi a convidada da reuni\u00e3o do Conselho Empresarial de Desenvolvimento Humano e Educa\u00e7\u00e3o Corporativa da ACRJ, realizada no dia 31 de julho e coordenada pelo presidente do Conselho, Roberto Godinho, e pela vice-presidente, Ma\u00edra Pimentel. O encontro contou com a presen\u00e7a do vice-presidente dos Conselhos Empresariais, Juedir Teixeira, e da vice-presidente de Comunica\u00e7\u00e3o, Jacyra Lucas.<\/p>\n\n\n\n<figure class=\"wp-block-image size-large is-resized\"><img fetchpriority=\"high\" decoding=\"async\" width=\"1024\" height=\"561\" src=\"https:\/\/acrj.org.br\/wp-content\/uploads\/2025\/08\/godinho-1024x561.jpg\" alt=\"\" class=\"wp-image-37696\" style=\"width:500px\" srcset=\"https:\/\/acrj.org.br\/wp-content\/uploads\/2025\/08\/godinho-1024x561.jpg 1024w, https:\/\/acrj.org.br\/wp-content\/uploads\/2025\/08\/godinho-300x164.jpg 300w, https:\/\/acrj.org.br\/wp-content\/uploads\/2025\/08\/godinho-768x421.jpg 768w, https:\/\/acrj.org.br\/wp-content\/uploads\/2025\/08\/godinho-1536x841.jpg 1536w, https:\/\/acrj.org.br\/wp-content\/uploads\/2025\/08\/godinho.jpg 1904w\" sizes=\"(max-width: 1024px) 100vw, 1024px\" \/><figcaption class=\"wp-element-caption\"><em>Joselaine Rampini, Roberto Godinho, Ma\u00edra Pimentel e Juedir Teixeira<\/em><\/figcaption><\/figure>\n\n\n\n<p>Joselaine Rampini falou sobre as forma\u00e7\u00f5es profissionais atrav\u00e9s das escolas do Sistema Firjan e apresentou um panorama da atua\u00e7\u00e3o da institui\u00e7\u00e3o na \u00e1rea de educa\u00e7\u00e3o b\u00e1sica e profissional. De acordo com ela, a inova\u00e7\u00e3o est\u00e1 no centro da estrat\u00e9gia educacional da Firjan SENAI, com iniciativas como o FabLab (laborat\u00f3rio de prototipagem r\u00e1pida), o Grand Prix de Inova\u00e7\u00e3o, o programa SAGA SENAI, e o Inova SENAI, que estimulam a criatividade e o empreendedorismo entre os alunos. A gerente adiantou que ainda este ano ser\u00e1 inaugurado o Centro de Refer\u00eancia DigiTech, uma unidade voltada exclusivamente \u00e0 Tecnologia da Informa\u00e7\u00e3o, com foco em Intelig\u00eancia Artificial, Computa\u00e7\u00e3o em Nuvem, Ciberseguran\u00e7a e Experi\u00eancias Imersivas.<\/p>\n\n\n\n<figure class=\"wp-block-image size-large is-resized\"><img decoding=\"async\" width=\"1024\" height=\"460\" src=\"https:\/\/acrj.org.br\/wp-content\/uploads\/2025\/08\/mesa-2-1024x460.jpg\" alt=\"\" class=\"wp-image-37699\" style=\"width:500px\" srcset=\"https:\/\/acrj.org.br\/wp-content\/uploads\/2025\/08\/mesa-2-1024x460.jpg 1024w, https:\/\/acrj.org.br\/wp-content\/uploads\/2025\/08\/mesa-2-300x135.jpg 300w, https:\/\/acrj.org.br\/wp-content\/uploads\/2025\/08\/mesa-2-768x345.jpg 768w, https:\/\/acrj.org.br\/wp-content\/uploads\/2025\/08\/mesa-2-1536x690.jpg 1536w, https:\/\/acrj.org.br\/wp-content\/uploads\/2025\/08\/mesa-2.jpg 2000w\" sizes=\"(max-width: 1024px) 100vw, 1024px\" \/><\/figure>\n\n\n\n<p>Em 2024, Joselaine informou que foram registradas mais de 118 mil matr\u00edculas na Firjan Senai, sendo 71% dos alunos oriundos de escolas p\u00fablicas. O Senai, com mais de 80 anos de atua\u00e7\u00e3o no estado do Rio de Janeiro, oferece um portf\u00f3lio que inclui Aprendizagem Profissional, Qualifica\u00e7\u00e3o e Aperfei\u00e7oamento, Cursos T\u00e9cnicos de N\u00edvel M\u00e9dio, Especializa\u00e7\u00e3o T\u00e9cnica e Inicia\u00e7\u00e3o Profissional. S\u00e3o 29 unidades fixas e 30 unidades m\u00f3veis, abrangendo mais de 30 \u00e1reas tecnol\u00f3gicas. \u201cSua metodologia \u00e9 pautada pelo desenvolvimento de compet\u00eancias t\u00e9cnicas e socioemocionais, aliando teoria e pr\u00e1tica em situa\u00e7\u00f5es reais de aprendizagem\u201d, explicou.<\/p>\n\n\n\n<p>Segundo ela, o modelo articulado entre SESI e SENAI permite que jovens tenham acesso a um Ensino M\u00e9dio integrado com cursos t\u00e9cnicos em \u00e1reas como Mecatr\u00f4nica, Tecnologia da Informa\u00e7\u00e3o, Energias Renov\u00e1veis, \u00c1udio e V\u00eddeo, entre outras. <strong><a href=\"https:\/\/acrj.org.br\/wp-content\/uploads\/2025\/07\/Apresentacao-CR-Educacao-e-Tecnologia-ACRJ-2025.pdf\"><mark style=\"background-color:rgba(0, 0, 0, 0)\" class=\"has-inline-color has-vivid-cyan-blue-color\">Acesse aqui<\/mark> <\/a><\/strong>a apresenta\u00e7\u00e3o na \u00edntegra.<\/p>\n\n\n\n<figure class=\"wp-block-image size-large is-resized\"><img decoding=\"async\" width=\"1024\" height=\"461\" src=\"https:\/\/acrj.org.br\/wp-content\/uploads\/2025\/08\/mesa1-1024x461.jpg\" alt=\"\" class=\"wp-image-37701\" style=\"width:500px\" srcset=\"https:\/\/acrj.org.br\/wp-content\/uploads\/2025\/08\/mesa1-1024x461.jpg 1024w, https:\/\/acrj.org.br\/wp-content\/uploads\/2025\/08\/mesa1-300x135.jpg 300w, https:\/\/acrj.org.br\/wp-content\/uploads\/2025\/08\/mesa1-768x346.jpg 768w, https:\/\/acrj.org.br\/wp-content\/uploads\/2025\/08\/mesa1-1536x692.jpg 1536w, https:\/\/acrj.org.br\/wp-content\/uploads\/2025\/08\/mesa1.jpg 2000w\" sizes=\"(max-width: 1024px) 100vw, 1024px\" \/><\/figure>\n\n\n\n<p><\/p>\n","protected":false},"excerpt":{"rendered":"<p>A gerente da Firjan SENAI SESI, Joselaine Rampini, foi a convidada da reuni\u00e3o do Conselho Empresarial de Desenvolvimento Humano e Educa\u00e7\u00e3o Corporativa da ACRJ, realizada&hellip;<\/p>\n","protected":false},"author":3,"featured_media":37695,"comment_status":"closed","ping_status":"closed","sticky":false,"template":"","format":"standard","meta":{"_exactmetrics_skip_tracking":false,"_exactmetrics_sitenote_active":false,"_exactmetrics_sitenote_note":"","_exactmetrics_sitenote_category":0,"footnotes":""},"categories":[56,10],"tags":[],"class_list":["post-37694","post","type-post","status-publish","format-standard","has-post-thumbnail","hentry","category-destaque_conselhos","category-noticias"],"_links":{"self":[{"href":"https:\/\/acrj.org.br\/index.php\/wp-json\/wp\/v2\/posts\/37694","targetHints":{"allow":["GET"]}}],"collection":[{"href":"https:\/\/acrj.org.br\/index.php\/wp-json\/wp\/v2\/posts"}],"about":[{"href":"https:\/\/acrj.org.br\/index.php\/wp-json\/wp\/v2\/types\/post"}],"author":[{"embeddable":true,"href":"https:\/\/acrj.org.br\/index.php\/wp-json\/wp\/v2\/users\/3"}],"replies":[{"embeddable":true,"href":"https:\/\/acrj.org.br\/index.php\/wp-json\/wp\/v2\/comments?post=37694"}],"version-history":[{"count":0,"href":"https:\/\/acrj.org.br\/index.php\/wp-json\/wp\/v2\/posts\/37694\/revisions"}],"wp:featuredmedia":[{"embeddable":true,"href":"https:\/\/acrj.org.br\/index.php\/wp-json\/wp\/v2\/media\/37695"}],"wp:attachment":[{"href":"https:\/\/acrj.org.br\/index.php\/wp-json\/wp\/v2\/media?parent=37694"}],"wp:term":[{"taxonomy":"category","embeddable":true,"href":"https:\/\/acrj.org.br\/index.php\/wp-json\/wp\/v2\/categories?post=37694"},{"taxonomy":"post_tag","embeddable":true,"href":"https:\/\/acrj.org.br\/index.php\/wp-json\/wp\/v2\/tags?post=37694"}],"curies":[{"name":"wp","href":"https:\/\/api.w.org\/{rel}","templated":true}]}}