{"id":37652,"date":"2025-08-05T10:51:26","date_gmt":"2025-08-05T13:51:26","guid":{"rendered":"https:\/\/acrj.org.br\/?p=37652"},"modified":"2025-08-12T12:15:19","modified_gmt":"2025-08-12T15:15:19","slug":"carlos-ferreirinha-defende-valorizacao-do-rio-como-mercado-de-luxo-em-palestra-no-conselho-da-mulher","status":"publish","type":"post","link":"https:\/\/acrj.org.br\/index.php\/2025\/08\/05\/carlos-ferreirinha-defende-valorizacao-do-rio-como-mercado-de-luxo-em-palestra-no-conselho-da-mulher\/","title":{"rendered":"Carlos Ferreirinha defende valoriza\u00e7\u00e3o do Rio como mercado de luxo em palestra no Conselho da Mulher"},"content":{"rendered":"\n<p>O empres\u00e1rio Carlos Ferreirinha, criador da MCF Consultoria, especializada no mercado de luxo e comportamento de consumo, foi o convidado do encontro promovido pelo Conselho Empresarial da Mulher no Ambiente de Neg\u00f3cios da ACRJ, dia 4 de agosto. Ferreirinha foi convidado pela presidente do Conselho, Michelle Novaes, para falar sobre o mercado do luxo como estrat\u00e9gia de marketing. Fluminense de nascimento, Ferreirinha tem uma trajet\u00f3ria de sucesso marcada pelo empreendedorismo, depois de anos trabalho como executivo de grandes marcas. Para uma plateia lotada, o empres\u00e1rio fez a palestra \u201cO olhar para o extraordin\u00e1rio: a experi\u00eancia do luxo como estrat\u00e9gia\u201d.<\/p>\n\n\n\n<p>O evento reuniu empres\u00e1rios, empreendedores e lideran\u00e7as para discutir o papel estrat\u00e9gico do luxo na economia, especialmente no Rio de Janeiro. Presentes tamb\u00e9m o presidente da ACRJ, Josier Vilar, e do Conselho Superior, Ruy Barreto Filho, o 1\u00ba vice-presidente Laudelino Mendes, e o 2\u00ba vice-presidente, Alexandre Accioly.<\/p>\n\n\n\n<figure class=\"wp-block-image size-large is-resized\"><img fetchpriority=\"high\" decoding=\"async\" width=\"2560\" height=\"1441\" src=\"https:\/\/acrj.org.br\/wp-content\/uploads\/2025\/08\/grupo-5-edited-scaled.jpg\" alt=\"\" class=\"wp-image-37672\" style=\"width:500px\" srcset=\"https:\/\/acrj.org.br\/wp-content\/uploads\/2025\/08\/grupo-5-edited-scaled.jpg 2560w, https:\/\/acrj.org.br\/wp-content\/uploads\/2025\/08\/grupo-5-edited-300x169.jpg 300w, https:\/\/acrj.org.br\/wp-content\/uploads\/2025\/08\/grupo-5-edited-1024x576.jpg 1024w, https:\/\/acrj.org.br\/wp-content\/uploads\/2025\/08\/grupo-5-edited-768x432.jpg 768w, https:\/\/acrj.org.br\/wp-content\/uploads\/2025\/08\/grupo-5-edited-1536x865.jpg 1536w, https:\/\/acrj.org.br\/wp-content\/uploads\/2025\/08\/grupo-5-edited-2048x1153.jpg 2048w\" sizes=\"(max-width: 2560px) 100vw, 2560px\" \/><\/figure>\n\n\n\n<p>Na abertura do encontro, a presidente do Conselho da Mulher, Michelle Novaes, lembrou que Ferreirinha transformou a forma como o mercado enxerga o mercado de luxo. \u201cN\u00e3o apenas como um segmento, mas como uma matriz poderosa de diferencia\u00e7\u00e3o e valor. Hoje vivemos um privil\u00e9gio raro. E hoje ele est\u00e1 aqui, no cora\u00e7\u00e3o do Rio de Janeiro, seu estado natal, e dentro do Conselho da Mulher da Casa de Mau\u00e1, para dividir conosco suas reflex\u00f5es\u201d, acrescentou\u201d, disse.<\/p>\n\n\n\n<p>Ao lado de Michelle Novaes, o vice Alexandre Accioly pontuou que o Rio de Janeiro vem se consolidando tamb\u00e9m como um polo de turismo de alto padr\u00e3o, impulsionado por marcas de peso no setor gastron\u00f4mico e hoteleiro. \u201cO cen\u00e1rio, que antes parecia distante da realidade carioca, hoje conta com grandes marcas que ajudam a posicionar a cidade no radar de turistas exigentes e de alto poder aquisitivo\u201d, pontuou.<\/p>\n\n\n\n<p>Ferreirinha, um dos maiores nomes do setor na Am\u00e9rica Latina, defendeu que o Rio de Janeiro tem potencial para ser refer\u00eancia no mercado de alto padr\u00e3o. \u201cO Rio precisa se reconhecer como um territ\u00f3rio de luxo. Temos hist\u00f3ria, beleza, autenticidade e experi\u00eancia, todos os pilares fundamentais desse segmento\u201d, afirmou.<\/p>\n\n\n\n<p>\u201cFoi um grande prazer ouvir esta magn\u00edfica palestra do Carlos Ferreirinha, muito inspiracional para todos n\u00f3s. Falar do mercado de luxo \u00e9 falar do Rio de Janeiro. E acho que a partir desta conversa, precisamos criar uma trilha de resgate do Rio como cidade luxo, uma cidade que todo mundo deseja ter como sua. O Conselho da Mulher da ACRJ est\u00e1 de parab\u00e9ns por promover este debate t\u00e3o importante e assim contribuirmos para transformar a nossa cidade em um lugar mais atrativo para se investir, trabalhar, empreender, viver e visitar\u201d, ressaltou Josier Vilar.<\/p>\n\n\n\n<figure class=\"wp-block-image size-large is-resized\"><img decoding=\"async\" width=\"2560\" height=\"1440\" src=\"https:\/\/acrj.org.br\/wp-content\/uploads\/2025\/08\/josier-2-edited-1-scaled.jpg\" alt=\"\" class=\"wp-image-37661\" style=\"width:500px\" srcset=\"https:\/\/acrj.org.br\/wp-content\/uploads\/2025\/08\/josier-2-edited-1-scaled.jpg 2560w, https:\/\/acrj.org.br\/wp-content\/uploads\/2025\/08\/josier-2-edited-1-300x169.jpg 300w, https:\/\/acrj.org.br\/wp-content\/uploads\/2025\/08\/josier-2-edited-1-1024x576.jpg 1024w, https:\/\/acrj.org.br\/wp-content\/uploads\/2025\/08\/josier-2-edited-1-768x432.jpg 768w, https:\/\/acrj.org.br\/wp-content\/uploads\/2025\/08\/josier-2-edited-1-1536x864.jpg 1536w, https:\/\/acrj.org.br\/wp-content\/uploads\/2025\/08\/josier-2-edited-1-2048x1152.jpg 2048w\" sizes=\"(max-width: 2560px) 100vw, 2560px\" \/><figcaption class=\"wp-element-caption\"><em>Josier Vilar: &#8220;precisamos criar uma trilha de resgate do Rio como cidade luxo&#8221;<\/em><\/figcaption><\/figure>\n\n\n\n<p>Carlos Ferreirinha disse ainda que a experi\u00eancia com clientes de alta renda no Brasil vive um momento \u00fanico, com \u201cdemanda concreta por produtos e experi\u00eancias de luxo.&nbsp; Mas criticou a repeti\u00e7\u00e3o de estrat\u00e9gias comuns, alertando que muitas empresas ainda n\u00e3o comunicam sua diferencia\u00e7\u00e3o com clareza. \u201c\u00c9 fundamental a busca pela autenticidade, originalidade e coragem para inovar, principalmente em tempos turbulentos.<\/p>\n\n\n\n<figure class=\"wp-block-image size-large is-resized\"><img decoding=\"async\" width=\"1024\" height=\"489\" src=\"https:\/\/acrj.org.br\/wp-content\/uploads\/2025\/08\/publico-1-1-1024x489.jpg\" alt=\"\" class=\"wp-image-37659\" style=\"width:500px\" srcset=\"https:\/\/acrj.org.br\/wp-content\/uploads\/2025\/08\/publico-1-1-1024x489.jpg 1024w, https:\/\/acrj.org.br\/wp-content\/uploads\/2025\/08\/publico-1-1-300x143.jpg 300w, https:\/\/acrj.org.br\/wp-content\/uploads\/2025\/08\/publico-1-1-768x367.jpg 768w, https:\/\/acrj.org.br\/wp-content\/uploads\/2025\/08\/publico-1-1-1536x733.jpg 1536w, https:\/\/acrj.org.br\/wp-content\/uploads\/2025\/08\/publico-1-1.jpg 1883w\" sizes=\"(max-width: 1024px) 100vw, 1024px\" \/><figcaption class=\"wp-element-caption\"><em>\u201cQual \u00e9 o seu real diferencial?\u201d, provocou Ferreirinha<\/em><\/figcaption><\/figure>\n\n\n\n<p>Ferreirinha tamb\u00e9m refor\u00e7ou a necessidade de ir at\u00e9 onde o cliente est\u00e1, citando como exemplo o movimento de marcas de luxo no Brasil e no exterior que t\u00eam investido em experi\u00eancias personalizadas, presen\u00e7a territorial e conex\u00e3o direta com o p\u00fablico. Por fim, convidou o p\u00fablico a refletir sobre \u201c<strong>qual \u00e9 o seu real diferencial?\u201d<\/strong> E deixou um recado claro \u201c\u00e9 hora de parar de copiar modelos prontos e construir um legado aut\u00eantico\u201d.<\/p>\n","protected":false},"excerpt":{"rendered":"<p>O empres\u00e1rio Carlos Ferreirinha, criador da MCF Consultoria, especializada no mercado de luxo e comportamento de consumo, foi o convidado do encontro promovido pelo Conselho&hellip;<\/p>\n","protected":false},"author":3,"featured_media":37653,"comment_status":"closed","ping_status":"closed","sticky":false,"template":"","format":"standard","meta":{"_exactmetrics_skip_tracking":false,"_exactmetrics_sitenote_active":false,"_exactmetrics_sitenote_note":"","_exactmetrics_sitenote_category":0,"footnotes":""},"categories":[56,10],"tags":[],"class_list":["post-37652","post","type-post","status-publish","format-standard","has-post-thumbnail","hentry","category-destaque_conselhos","category-noticias"],"_links":{"self":[{"href":"https:\/\/acrj.org.br\/index.php\/wp-json\/wp\/v2\/posts\/37652","targetHints":{"allow":["GET"]}}],"collection":[{"href":"https:\/\/acrj.org.br\/index.php\/wp-json\/wp\/v2\/posts"}],"about":[{"href":"https:\/\/acrj.org.br\/index.php\/wp-json\/wp\/v2\/types\/post"}],"author":[{"embeddable":true,"href":"https:\/\/acrj.org.br\/index.php\/wp-json\/wp\/v2\/users\/3"}],"replies":[{"embeddable":true,"href":"https:\/\/acrj.org.br\/index.php\/wp-json\/wp\/v2\/comments?post=37652"}],"version-history":[{"count":0,"href":"https:\/\/acrj.org.br\/index.php\/wp-json\/wp\/v2\/posts\/37652\/revisions"}],"wp:featuredmedia":[{"embeddable":true,"href":"https:\/\/acrj.org.br\/index.php\/wp-json\/wp\/v2\/media\/37653"}],"wp:attachment":[{"href":"https:\/\/acrj.org.br\/index.php\/wp-json\/wp\/v2\/media?parent=37652"}],"wp:term":[{"taxonomy":"category","embeddable":true,"href":"https:\/\/acrj.org.br\/index.php\/wp-json\/wp\/v2\/categories?post=37652"},{"taxonomy":"post_tag","embeddable":true,"href":"https:\/\/acrj.org.br\/index.php\/wp-json\/wp\/v2\/tags?post=37652"}],"curies":[{"name":"wp","href":"https:\/\/api.w.org\/{rel}","templated":true}]}}