{"id":37206,"date":"2025-07-10T17:08:40","date_gmt":"2025-07-10T20:08:40","guid":{"rendered":"https:\/\/acrj.org.br\/?p=37206"},"modified":"2025-07-14T12:05:02","modified_gmt":"2025-07-14T15:05:02","slug":"oito-queijos-artesanais-de-duas-queijarias-do-rio-apoiadas-pelo-instituto-bazzar-tiveram-o-selo-arte-aprovado","status":"publish","type":"post","link":"https:\/\/acrj.org.br\/index.php\/2025\/07\/10\/oito-queijos-artesanais-de-duas-queijarias-do-rio-apoiadas-pelo-instituto-bazzar-tiveram-o-selo-arte-aprovado\/","title":{"rendered":"Oito queijos artesanais de duas queijarias do Rio,  apoiadas pelo Instituto Bazzar, tiveram o Selo Arte aprovado"},"content":{"rendered":"\n<p>O Instituto Bazzar, dirigido pela vice-presidente da ACRJ, Cristiana Beltr\u00e3o, ajudou com uma ampla pesquisa hist\u00f3rica que validou a import\u00e2ncia da cultura queijeira na regi\u00e3o de Valen\u00e7a, al\u00e9m de fazer a ponte dos aspirantes ao selo com outros produtores, que ajudaram a abreviar o processo.<\/p>\n\n\n\n<p><strong>E o que \u00e9 o Selo Arte?<\/strong><\/p>\n\n\n\n<p>\u00c9 um certificado que assegura que o produto de origem animal tenha sido elaborado de forma artesanal, com receita e processo que possuem caracter\u00edsticas tradicionais, regionais ou culturais. E, tamb\u00e9m, que o produto tem propriedades \u00fanicas e inerentes ao &#8220;fazer artesanal&#8221; pr\u00f3prio de determinada regi\u00e3o, tradi\u00e7\u00e3o ou cultura.<\/p>\n\n\n\n<p>A partir de hoje, tanto a queijaria Du Vale, como a Capril do Lago, pequenos produtores de Valen\u00e7a, poder\u00e3o comercializar seus produtos em todo o Brasil. Da Capril do Lago temos o Sapucaia do Lago, o Caprinus do Lago, o Cabra Negra ou o Cabra Branca.<\/p>\n\n\n\n<figure class=\"wp-block-image size-large is-resized\"><img fetchpriority=\"high\" decoding=\"async\" width=\"2560\" height=\"1920\" src=\"https:\/\/acrj.org.br\/wp-content\/uploads\/2025\/07\/cristiana-e-fabricio-edited-scaled.jpeg\" alt=\"\" class=\"wp-image-37209\" style=\"width:500px\" srcset=\"https:\/\/acrj.org.br\/wp-content\/uploads\/2025\/07\/cristiana-e-fabricio-edited-scaled.jpeg 2560w, https:\/\/acrj.org.br\/wp-content\/uploads\/2025\/07\/cristiana-e-fabricio-edited-300x225.jpeg 300w, https:\/\/acrj.org.br\/wp-content\/uploads\/2025\/07\/cristiana-e-fabricio-edited-1024x768.jpeg 1024w, https:\/\/acrj.org.br\/wp-content\/uploads\/2025\/07\/cristiana-e-fabricio-edited-768x576.jpeg 768w, https:\/\/acrj.org.br\/wp-content\/uploads\/2025\/07\/cristiana-e-fabricio-edited-1536x1152.jpeg 1536w, https:\/\/acrj.org.br\/wp-content\/uploads\/2025\/07\/cristiana-e-fabricio-edited-2048x1536.jpeg 2048w\" sizes=\"(max-width: 2560px) 100vw, 2560px\" \/><figcaption class=\"wp-element-caption\"><em>Fabricio Vieira, propriet\u00e1rio da Capril do Lago, com Cristiana Beltr\u00e3o<\/em><\/figcaption><\/figure>\n\n\n\n<p>J\u00e1 a Du Vale, poder\u00e1 vender seu doce de leite, que alcan\u00e7ou o t\u00edtulo de Melhor Doce de Leite no 3\u00ba Mundial do Queijo do Brasil, em 2024, al\u00e9m de seus queijos maturados Serenata, Vale do Caf\u00e9 e P\u00e9rola.<\/p>\n\n\n\n<figure class=\"wp-block-image size-large is-resized\"><img decoding=\"async\" width=\"2560\" height=\"1920\" src=\"https:\/\/acrj.org.br\/wp-content\/uploads\/2025\/07\/Rodrigo-do-Vale-quinta-geracao-de-queijeiros-de-Valenca-1-edited-scaled.jpeg\" alt=\"\" class=\"wp-image-37212\" style=\"width:500px\" srcset=\"https:\/\/acrj.org.br\/wp-content\/uploads\/2025\/07\/Rodrigo-do-Vale-quinta-geracao-de-queijeiros-de-Valenca-1-edited-scaled.jpeg 2560w, https:\/\/acrj.org.br\/wp-content\/uploads\/2025\/07\/Rodrigo-do-Vale-quinta-geracao-de-queijeiros-de-Valenca-1-edited-300x225.jpeg 300w, https:\/\/acrj.org.br\/wp-content\/uploads\/2025\/07\/Rodrigo-do-Vale-quinta-geracao-de-queijeiros-de-Valenca-1-edited-1024x768.jpeg 1024w, https:\/\/acrj.org.br\/wp-content\/uploads\/2025\/07\/Rodrigo-do-Vale-quinta-geracao-de-queijeiros-de-Valenca-1-edited-768x576.jpeg 768w, https:\/\/acrj.org.br\/wp-content\/uploads\/2025\/07\/Rodrigo-do-Vale-quinta-geracao-de-queijeiros-de-Valenca-1-edited-1536x1152.jpeg 1536w, https:\/\/acrj.org.br\/wp-content\/uploads\/2025\/07\/Rodrigo-do-Vale-quinta-geracao-de-queijeiros-de-Valenca-1-edited-2048x1536.jpeg 2048w\" sizes=\"(max-width: 2560px) 100vw, 2560px\" \/><figcaption class=\"wp-element-caption\"><em>Rodrigo do Vale, quinta gera\u00e7\u00e3o de queijeiros de Valen\u00e7a, com seu doce de leite<\/em>,<br><em>1\u00ba lugar no Mundial du Fromage 2023, em Paris<\/em><br><\/figcaption><\/figure>\n\n\n\n<p>\u201cFoi uma luta de nove meses da qual muito nos orgulhamos, que permite que o melhor do Rio de Janeiro seja comercializado, agora, em todo o pa\u00eds. Conseguimos o imposs\u00edvel de hoje. Que venha o de amanh\u00e3!\u201d, comemorou Cristiana.<\/p>\n\n\n\n<p>Fotos: Divulga\u00e7\u00e3o\/Instituto Bazzar<\/p>\n","protected":false},"excerpt":{"rendered":"<p>O Instituto Bazzar, dirigido pela vice-presidente da ACRJ, Cristiana Beltr\u00e3o, ajudou com uma ampla pesquisa hist\u00f3rica que validou a import\u00e2ncia da cultura queijeira na regi\u00e3o&hellip;<\/p>\n","protected":false},"author":3,"featured_media":37207,"comment_status":"closed","ping_status":"closed","sticky":false,"template":"","format":"standard","meta":{"_exactmetrics_skip_tracking":false,"_exactmetrics_sitenote_active":false,"_exactmetrics_sitenote_note":"","_exactmetrics_sitenote_category":0,"footnotes":""},"categories":[10],"tags":[],"class_list":["post-37206","post","type-post","status-publish","format-standard","has-post-thumbnail","hentry","category-noticias"],"_links":{"self":[{"href":"https:\/\/acrj.org.br\/index.php\/wp-json\/wp\/v2\/posts\/37206","targetHints":{"allow":["GET"]}}],"collection":[{"href":"https:\/\/acrj.org.br\/index.php\/wp-json\/wp\/v2\/posts"}],"about":[{"href":"https:\/\/acrj.org.br\/index.php\/wp-json\/wp\/v2\/types\/post"}],"author":[{"embeddable":true,"href":"https:\/\/acrj.org.br\/index.php\/wp-json\/wp\/v2\/users\/3"}],"replies":[{"embeddable":true,"href":"https:\/\/acrj.org.br\/index.php\/wp-json\/wp\/v2\/comments?post=37206"}],"version-history":[{"count":0,"href":"https:\/\/acrj.org.br\/index.php\/wp-json\/wp\/v2\/posts\/37206\/revisions"}],"wp:featuredmedia":[{"embeddable":true,"href":"https:\/\/acrj.org.br\/index.php\/wp-json\/wp\/v2\/media\/37207"}],"wp:attachment":[{"href":"https:\/\/acrj.org.br\/index.php\/wp-json\/wp\/v2\/media?parent=37206"}],"wp:term":[{"taxonomy":"category","embeddable":true,"href":"https:\/\/acrj.org.br\/index.php\/wp-json\/wp\/v2\/categories?post=37206"},{"taxonomy":"post_tag","embeddable":true,"href":"https:\/\/acrj.org.br\/index.php\/wp-json\/wp\/v2\/tags?post=37206"}],"curies":[{"name":"wp","href":"https:\/\/api.w.org\/{rel}","templated":true}]}}