{"id":37170,"date":"2025-07-09T14:27:06","date_gmt":"2025-07-09T17:27:06","guid":{"rendered":"https:\/\/acrj.org.br\/?p=37170"},"modified":"2025-07-09T14:35:20","modified_gmt":"2025-07-09T17:35:20","slug":"foco-na-cultura-como-negocio-e-lancamento-de-podcast-sao-algumas-das-novidades-do-conselho-de-cultura","status":"publish","type":"post","link":"https:\/\/acrj.org.br\/index.php\/2025\/07\/09\/foco-na-cultura-como-negocio-e-lancamento-de-podcast-sao-algumas-das-novidades-do-conselho-de-cultura\/","title":{"rendered":"Cultura como neg\u00f3cio e lan\u00e7amento de Podcast s\u00e3o algumas das novidades do Conselho"},"content":{"rendered":"\n<p>O Conselho Empresarial de Cultura da ACRJ realizou sua primeira reuni\u00e3o, dia 9 de julho, sob a presid\u00eancia de S\u00e9rgio Costa e Silva e vice-presid\u00eancia de Reinaldo Paes Barreto, para o bi\u00eanio 2025-27. O encontro contou com a presen\u00e7a do presidente da ACRJ, Josier Vilar, e do vice-presidente dos Conselhos Empresariais, Juedir Teixeira.<\/p>\n\n\n\n<p>Josier Vilar reafirmou seu otimismo com rela\u00e7\u00e3o a este novo mandato e a participa\u00e7\u00e3o de todos os membros do Conselho. \u201cGostaria que este Conselho de Cultura tivesse esse olhar do empreendedorismo, que visse a cultura como um neg\u00f3cio para que possa ter uma fonte sustent\u00e1vel de recursos. Podem contar comigo nesta empreitada\u201d, afirmou.<\/p>\n\n\n\n<figure class=\"wp-block-image size-large is-resized\"><img fetchpriority=\"high\" decoding=\"async\" width=\"1024\" height=\"461\" src=\"https:\/\/acrj.org.br\/wp-content\/uploads\/2025\/07\/josier-1024x461.jpg\" alt=\"\" class=\"wp-image-37172\" style=\"width:500px\" srcset=\"https:\/\/acrj.org.br\/wp-content\/uploads\/2025\/07\/josier-1024x461.jpg 1024w, https:\/\/acrj.org.br\/wp-content\/uploads\/2025\/07\/josier-300x135.jpg 300w, https:\/\/acrj.org.br\/wp-content\/uploads\/2025\/07\/josier-768x345.jpg 768w, https:\/\/acrj.org.br\/wp-content\/uploads\/2025\/07\/josier-1536x691.jpg 1536w, https:\/\/acrj.org.br\/wp-content\/uploads\/2025\/07\/josier-2048x921.jpg 2048w\" sizes=\"(max-width: 1024px) 100vw, 1024px\" \/><figcaption class=\"wp-element-caption\"><em>Presidente Josier Vilar fala aos membros do Conselho  <\/em><\/figcaption><\/figure>\n\n\n\n<p>O vice Juedir Teixeira adiantou que buscar\u00e1 uma integra\u00e7\u00e3o eficiente e produtiva entre os 22 Conselhos Empresariais. \u201cNosso objetivo \u00e9 fortalecer o di\u00e1logo, otimizar sinergias e valorizar ainda mais cada \u00e1rea tem\u00e1tica. O Conselho de Cultura tem papel estrat\u00e9gico e relevante para a Associa\u00e7\u00e3o conquistado ao longo do tempo. Podem contar com meu apoio e presen\u00e7a sempre que necess\u00e1rio\u201d, disse.<\/p>\n\n\n\n<figure class=\"wp-block-image size-large is-resized\"><img decoding=\"async\" width=\"2560\" height=\"1441\" src=\"https:\/\/acrj.org.br\/wp-content\/uploads\/2025\/07\/juedir-edited-scaled.jpg\" alt=\"\" class=\"wp-image-37176\" style=\"width:500px\" srcset=\"https:\/\/acrj.org.br\/wp-content\/uploads\/2025\/07\/juedir-edited-scaled.jpg 2560w, https:\/\/acrj.org.br\/wp-content\/uploads\/2025\/07\/juedir-edited-300x169.jpg 300w, https:\/\/acrj.org.br\/wp-content\/uploads\/2025\/07\/juedir-edited-1024x577.jpg 1024w, https:\/\/acrj.org.br\/wp-content\/uploads\/2025\/07\/juedir-edited-768x432.jpg 768w, https:\/\/acrj.org.br\/wp-content\/uploads\/2025\/07\/juedir-edited-1536x865.jpg 1536w, https:\/\/acrj.org.br\/wp-content\/uploads\/2025\/07\/juedir-edited-2048x1153.jpg 2048w\" sizes=\"(max-width: 2560px) 100vw, 2560px\" \/><figcaption class=\"wp-element-caption\"><em>Juedir Teixeira, vice-presidente dos Conselhos Empresariais<\/em> <\/figcaption><\/figure>\n\n\n\n<p>S\u00e9rgio Costa e Silva abriu a reuni\u00e3o agradecendo aos membros por sua contribui\u00e7\u00e3o e engajamento nesta nova etapa de atua\u00e7\u00e3o do Conselho para os pr\u00f3ximos dois anos garantindo que o foco nesses pr\u00f3ximos dois anos ser\u00e1 pensar a Cultura como neg\u00f3cio. Em seguida os conselheiros foram diplomados.<\/p>\n\n\n\n<p>Uma das novidades desta gest\u00e3o ser\u00e1 a produ\u00e7\u00e3o de um Podcast do Conselho, com a apresenta\u00e7\u00e3o do presidente Sergio Costa e Silva. Ele adiantou que ser\u00e3o organizadas pautas de interesse da ACRJ e do Conselho e ter\u00e1 a contribui\u00e7\u00e3o de todos os conselheiros com sugest\u00f5es de temas a serem abordados e convidados.<\/p>\n\n\n\n<figure class=\"wp-block-image size-large is-resized\"><img decoding=\"async\" width=\"1024\" height=\"613\" src=\"https:\/\/acrj.org.br\/wp-content\/uploads\/2025\/07\/sergio-1024x613.jpg\" alt=\"\" class=\"wp-image-37180\" style=\"width:500px\" srcset=\"https:\/\/acrj.org.br\/wp-content\/uploads\/2025\/07\/sergio-1024x613.jpg 1024w, https:\/\/acrj.org.br\/wp-content\/uploads\/2025\/07\/sergio-300x180.jpg 300w, https:\/\/acrj.org.br\/wp-content\/uploads\/2025\/07\/sergio-768x460.jpg 768w, https:\/\/acrj.org.br\/wp-content\/uploads\/2025\/07\/sergio-1536x919.jpg 1536w, https:\/\/acrj.org.br\/wp-content\/uploads\/2025\/07\/sergio-2048x1226.jpg 2048w\" sizes=\"(max-width: 1024px) 100vw, 1024px\" \/><figcaption class=\"wp-element-caption\"><em>Reinaldo Paes Barreto e S\u00e9rgio Costa e Silva com Josier Vilar<\/em><\/figcaption><\/figure>\n\n\n\n<p>Durante a reuni\u00e3o os membros fizeram um breve relato sobre suas \u00e1reas de atua\u00e7\u00e3o e como poder\u00e3o contribuir para as a\u00e7\u00f5es previstas pela Conselho ao longo do pr\u00f3ximo mandato. Todas as sugest\u00f5es ser\u00e3o consolidadas pelo presidente Sergio Costa e Silva e o vice Reinaldo Paes Barreto e apresentadas na reuni\u00e3o de agosto para debate. Entre as primeiras sugest\u00f5es est\u00e3o a organiza\u00e7\u00e3o de eventos, a parceria com outros Conselhos Empresariais da Casa de Mau\u00e1 e tamb\u00e9m com outras institui\u00e7\u00f5es.<\/p>\n\n\n\n<figure class=\"wp-block-image size-large is-resized\"><img loading=\"lazy\" decoding=\"async\" width=\"2560\" height=\"1439\" src=\"https:\/\/acrj.org.br\/wp-content\/uploads\/2025\/07\/mesa-1-edited-scaled.jpg\" alt=\"\" class=\"wp-image-37184\" style=\"width:500px\" srcset=\"https:\/\/acrj.org.br\/wp-content\/uploads\/2025\/07\/mesa-1-edited-scaled.jpg 2560w, https:\/\/acrj.org.br\/wp-content\/uploads\/2025\/07\/mesa-1-edited-300x169.jpg 300w, https:\/\/acrj.org.br\/wp-content\/uploads\/2025\/07\/mesa-1-edited-1024x576.jpg 1024w, https:\/\/acrj.org.br\/wp-content\/uploads\/2025\/07\/mesa-1-edited-768x432.jpg 768w, https:\/\/acrj.org.br\/wp-content\/uploads\/2025\/07\/mesa-1-edited-1536x864.jpg 1536w, https:\/\/acrj.org.br\/wp-content\/uploads\/2025\/07\/mesa-1-edited-2048x1151.jpg 2048w\" sizes=\"(max-width: 2560px) 100vw, 2560px\" \/><\/figure>\n\n\n\n<figure class=\"wp-block-image size-large is-resized\"><img loading=\"lazy\" decoding=\"async\" width=\"2560\" height=\"1440\" src=\"https:\/\/acrj.org.br\/wp-content\/uploads\/2025\/07\/mesa1-3-edited-scaled.jpg\" alt=\"\" class=\"wp-image-37186\" style=\"width:500px\" srcset=\"https:\/\/acrj.org.br\/wp-content\/uploads\/2025\/07\/mesa1-3-edited-scaled.jpg 2560w, https:\/\/acrj.org.br\/wp-content\/uploads\/2025\/07\/mesa1-3-edited-300x169.jpg 300w, https:\/\/acrj.org.br\/wp-content\/uploads\/2025\/07\/mesa1-3-edited-1024x576.jpg 1024w, https:\/\/acrj.org.br\/wp-content\/uploads\/2025\/07\/mesa1-3-edited-768x432.jpg 768w, https:\/\/acrj.org.br\/wp-content\/uploads\/2025\/07\/mesa1-3-edited-1536x864.jpg 1536w, https:\/\/acrj.org.br\/wp-content\/uploads\/2025\/07\/mesa1-3-edited-2048x1152.jpg 2048w\" sizes=\"(max-width: 2560px) 100vw, 2560px\" \/><\/figure>\n","protected":false},"excerpt":{"rendered":"<p>O Conselho Empresarial de Cultura da ACRJ realizou sua primeira reuni\u00e3o, dia 9 de julho, sob a presid\u00eancia de S\u00e9rgio Costa e Silva e vice-presid\u00eancia&hellip;<\/p>\n","protected":false},"author":3,"featured_media":37171,"comment_status":"closed","ping_status":"closed","sticky":false,"template":"","format":"standard","meta":{"_exactmetrics_skip_tracking":false,"_exactmetrics_sitenote_active":false,"_exactmetrics_sitenote_note":"","_exactmetrics_sitenote_category":0,"footnotes":""},"categories":[56,10],"tags":[],"class_list":["post-37170","post","type-post","status-publish","format-standard","has-post-thumbnail","hentry","category-destaque_conselhos","category-noticias"],"_links":{"self":[{"href":"https:\/\/acrj.org.br\/index.php\/wp-json\/wp\/v2\/posts\/37170","targetHints":{"allow":["GET"]}}],"collection":[{"href":"https:\/\/acrj.org.br\/index.php\/wp-json\/wp\/v2\/posts"}],"about":[{"href":"https:\/\/acrj.org.br\/index.php\/wp-json\/wp\/v2\/types\/post"}],"author":[{"embeddable":true,"href":"https:\/\/acrj.org.br\/index.php\/wp-json\/wp\/v2\/users\/3"}],"replies":[{"embeddable":true,"href":"https:\/\/acrj.org.br\/index.php\/wp-json\/wp\/v2\/comments?post=37170"}],"version-history":[{"count":0,"href":"https:\/\/acrj.org.br\/index.php\/wp-json\/wp\/v2\/posts\/37170\/revisions"}],"wp:featuredmedia":[{"embeddable":true,"href":"https:\/\/acrj.org.br\/index.php\/wp-json\/wp\/v2\/media\/37171"}],"wp:attachment":[{"href":"https:\/\/acrj.org.br\/index.php\/wp-json\/wp\/v2\/media?parent=37170"}],"wp:term":[{"taxonomy":"category","embeddable":true,"href":"https:\/\/acrj.org.br\/index.php\/wp-json\/wp\/v2\/categories?post=37170"},{"taxonomy":"post_tag","embeddable":true,"href":"https:\/\/acrj.org.br\/index.php\/wp-json\/wp\/v2\/tags?post=37170"}],"curies":[{"name":"wp","href":"https:\/\/api.w.org\/{rel}","templated":true}]}}