{"id":37118,"date":"2025-07-04T14:58:57","date_gmt":"2025-07-04T17:58:57","guid":{"rendered":"https:\/\/acrj.org.br\/?p=37118"},"modified":"2025-07-04T15:13:07","modified_gmt":"2025-07-04T18:13:07","slug":"nr-1-saude-mental-e-assedio-sao-temas-da-reuniao-do-conselho-de-compliance","status":"publish","type":"post","link":"https:\/\/acrj.org.br\/index.php\/2025\/07\/04\/nr-1-saude-mental-e-assedio-sao-temas-da-reuniao-do-conselho-de-compliance\/","title":{"rendered":"NR-1, sa\u00fade mental e ass\u00e9dio s\u00e3o temas da reuni\u00e3o do Conselho de Compliance"},"content":{"rendered":"\n<p>A reuni\u00e3o mensal do Conselho Empresarial de Governan\u00e7a, Compliance e Diversidade da ACRJ, realizada dia 4 de julho, abordou os seguintes temas: \u201cContexto Hist\u00f3rico e Implica\u00e7\u00f5es Jur\u00eddicas\u201d, com Mayara Sant\u2019Anna; \u201cNR-1: principais altera\u00e7\u00f5es e como implementar\u201d, com Vin\u00edcius Cruz Chvojka; e \u201cSeguran\u00e7a psicol\u00f3gica e impacto nas rela\u00e7\u00f5es de trabalho\u201d, com Vanessa Pina.<\/p>\n\n\n\n<p>O presidente do Conselho, Humberto Mota Filho, abriu o encontro, destacando a import\u00e2ncia dos temas debatidos e como a ACRJ, atrav\u00e9s de seus Conselhos Empresariais, pode ajudar as empresas do Estado estabelecendo, especialmente, uma rela\u00e7\u00e3o com as pequenas e m\u00e9dias empresas para que tenham uma dire\u00e7\u00e3o a seguir em temas t\u00e3o importantes, como sa\u00fade mental e ass\u00e9dio, e como se adaptar \u00e0s novas regras que em um ano ter\u00e3o que seguir. \u201cAcho fundamental neste momento de adapta\u00e7\u00e3o, a ACRJ contribuir com as empresas e construir essa vis\u00e3o preventiva\u201d, disse.<\/p>\n\n\n\n<figure class=\"wp-block-image size-large is-resized\"><img fetchpriority=\"high\" decoding=\"async\" width=\"1024\" height=\"924\" src=\"https:\/\/acrj.org.br\/wp-content\/uploads\/2025\/07\/IMG_20250704_111141769_HDR_AE2-1024x924.jpg\" alt=\"\" class=\"wp-image-37130\" style=\"object-fit:cover;width:500px;height:350px\" srcset=\"https:\/\/acrj.org.br\/wp-content\/uploads\/2025\/07\/IMG_20250704_111141769_HDR_AE2-1024x924.jpg 1024w, https:\/\/acrj.org.br\/wp-content\/uploads\/2025\/07\/IMG_20250704_111141769_HDR_AE2-300x271.jpg 300w, https:\/\/acrj.org.br\/wp-content\/uploads\/2025\/07\/IMG_20250704_111141769_HDR_AE2-768x693.jpg 768w, https:\/\/acrj.org.br\/wp-content\/uploads\/2025\/07\/IMG_20250704_111141769_HDR_AE2-1536x1386.jpg 1536w, https:\/\/acrj.org.br\/wp-content\/uploads\/2025\/07\/IMG_20250704_111141769_HDR_AE2.jpg 1989w\" sizes=\"(max-width: 1024px) 100vw, 1024px\" \/><figcaption class=\"wp-element-caption\"><em>Humberto Mota Filho <\/em><\/figcaption><\/figure>\n\n\n\n<p>A associada s\u00eanior trabalhista do escrit\u00f3rio Veirano Advogados, Mayara Sant\u2019Anna, deu in\u00edcio \u00e0s apresenta\u00e7\u00f5es falando sobre ass\u00e9dio e burnout, destacando o contexto hist\u00f3rico e as implica\u00e7\u00f5es jur\u00eddicas nas empresas. Ela explicou que a pandemia provocou uma altera\u00e7\u00e3o abrupta do modelo de trabalho para uma atua\u00e7\u00e3o remota de muitos profissionais, o que ampliou o debate sobre a qualidade de vida do trabalhador e a responsabilidade empresarial.<\/p>\n\n\n\n<figure class=\"wp-block-image size-full is-resized\"><img decoding=\"async\" width=\"2553\" height=\"1436\" src=\"https:\/\/acrj.org.br\/wp-content\/uploads\/2025\/07\/mayara-1-edited.jpg\" alt=\"\" class=\"wp-image-37147\" style=\"width:500px\" srcset=\"https:\/\/acrj.org.br\/wp-content\/uploads\/2025\/07\/mayara-1-edited.jpg 2553w, https:\/\/acrj.org.br\/wp-content\/uploads\/2025\/07\/mayara-1-edited-300x169.jpg 300w, https:\/\/acrj.org.br\/wp-content\/uploads\/2025\/07\/mayara-1-edited-1024x576.jpg 1024w, https:\/\/acrj.org.br\/wp-content\/uploads\/2025\/07\/mayara-1-edited-768x432.jpg 768w, https:\/\/acrj.org.br\/wp-content\/uploads\/2025\/07\/mayara-1-edited-1536x864.jpg 1536w, https:\/\/acrj.org.br\/wp-content\/uploads\/2025\/07\/mayara-1-edited-2048x1152.jpg 2048w\" sizes=\"(max-width: 2553px) 100vw, 2553px\" \/><figcaption class=\"wp-element-caption\"><em>Mayara Sant&#8217;Anna e Humberto Mota Filho<\/em><\/figcaption><\/figure>\n\n\n\n<p>Ela disse que desde e 2020 houve um aumento das a\u00e7\u00f5es na Justi\u00e7a do Trabalho de ass\u00e9dio moral e sexual, ansiedade e depress\u00e3o, e Burnout. De 2020 a 2024, por exemplo, foram registrados 458 mil processos de ass\u00e9dio moral e 33 mil de ass\u00e9dio sexual. \u201cJ\u00e1 as a\u00e7\u00f5es na Justi\u00e7a do Trabalho relacionadas ao Burnout cresceram\u00a0<strong>14,5%<\/strong>\u00a0nos primeiros quatro meses de 2025 em compara\u00e7\u00e3o com o mesmo per\u00edodo de 2024, segundo dados da Folha de SP\u201d, acrescentou. Confira a apresenta\u00e7\u00e3o completa <strong><a href=\"https:\/\/acrj.org.br\/wp-content\/uploads\/2025\/07\/ACRJ-Futuro-do-Trabalho15074157.1.pdf\"><mark style=\"background-color:rgba(0, 0, 0, 0)\" class=\"has-inline-color has-vivid-cyan-blue-color\">aqui<\/mark>.<\/a> <\/strong><\/p>\n\n\n\n<p>O engenheiro de Sa\u00fade e Seguran\u00e7a do Trabalho, Vin\u00edcius Cruz Chvojka, falou sobre a revis\u00e3o da Norma Regulamentadora n\u00ba 1 (NR 1) que dever\u00e1 ser implementada pelas empresas at\u00e9 para 26 de maio de 2026. A revis\u00e3o da norma introduziu mudan\u00e7as estruturais na forma como as organiza\u00e7\u00f5es devem identificar, avaliar e controlar os riscos ocupacionais e explicou como as empresas precisam se adaptar ao novo Programa de Gerenciamento de Riscos (PGR), que substitui o antigo PPRA (Programa de Preven\u00e7\u00e3o de Riscos Ambientais), revogado pela nova norma.<\/p>\n\n\n\n<figure class=\"wp-block-image size-large is-resized\"><img decoding=\"async\" width=\"1596\" height=\"898\" src=\"https:\/\/acrj.org.br\/wp-content\/uploads\/2025\/07\/vinicius-1-edited.jpg\" alt=\"\" class=\"wp-image-37133\" style=\"width:500px\" srcset=\"https:\/\/acrj.org.br\/wp-content\/uploads\/2025\/07\/vinicius-1-edited.jpg 1596w, https:\/\/acrj.org.br\/wp-content\/uploads\/2025\/07\/vinicius-1-edited-300x169.jpg 300w, https:\/\/acrj.org.br\/wp-content\/uploads\/2025\/07\/vinicius-1-edited-1024x576.jpg 1024w, https:\/\/acrj.org.br\/wp-content\/uploads\/2025\/07\/vinicius-1-edited-768x432.jpg 768w, https:\/\/acrj.org.br\/wp-content\/uploads\/2025\/07\/vinicius-1-edited-1536x864.jpg 1536w\" sizes=\"(max-width: 1596px) 100vw, 1596px\" \/><figcaption class=\"wp-element-caption\"><em>Vin\u00edcius Cruz Chvojka<\/em><\/figcaption><\/figure>\n\n\n\n<p>Segundo ele, a implementa\u00e7\u00e3o da nova NR 1 exige planejamento e revis\u00e3o de processos internos, al\u00e9m de treinamentos adequados e bem documentados, auditorias internas peri\u00f3dicas e a integra\u00e7\u00e3o com outros sistemas da empresa para garantir a conformidade com a norma e mostrou os 10 mandamentos da nova NR-1. Confira a apresenta\u00e7\u00e3o completa<a href=\"ttps:\/\/acrj.org.br\/wp-content\/uploads\/2025\/07\/NR1-Riscos-Psicossociais-RJ_JPE_VF.pdf\"> <strong><mark style=\"background-color:rgba(0, 0, 0, 0)\" class=\"has-inline-color has-vivid-cyan-blue-color\">aqui<\/mark><\/strong><\/a><\/p>\n\n\n\n<figure class=\"wp-block-image size-large is-resized\"><img loading=\"lazy\" decoding=\"async\" width=\"2472\" height=\"1391\" src=\"https:\/\/acrj.org.br\/wp-content\/uploads\/2025\/07\/vanessa-edited.jpg\" alt=\"\" class=\"wp-image-37136\" style=\"width:500px\" srcset=\"https:\/\/acrj.org.br\/wp-content\/uploads\/2025\/07\/vanessa-edited.jpg 2472w, https:\/\/acrj.org.br\/wp-content\/uploads\/2025\/07\/vanessa-edited-300x169.jpg 300w, https:\/\/acrj.org.br\/wp-content\/uploads\/2025\/07\/vanessa-edited-1024x576.jpg 1024w, https:\/\/acrj.org.br\/wp-content\/uploads\/2025\/07\/vanessa-edited-768x432.jpg 768w, https:\/\/acrj.org.br\/wp-content\/uploads\/2025\/07\/vanessa-edited-1536x864.jpg 1536w, https:\/\/acrj.org.br\/wp-content\/uploads\/2025\/07\/vanessa-edited-2048x1152.jpg 2048w\" sizes=\"(max-width: 2472px) 100vw, 2472px\" \/><figcaption class=\"wp-element-caption\"><em>Vanessa Pina<\/em><\/figcaption><\/figure>\n\n\n\n<p>Encerrando as apresenta\u00e7\u00f5es, Vanessa Pina, vice-coordenadora da Comiss\u00e3o de Pessoas do IBGC (Instituto Brasileiro de Governan\u00e7a Corporativa) e s\u00f3cia da Faros Consultoria, abordou o tema \u201cSeguran\u00e7a psicol\u00f3gica e impacto nas rela\u00e7\u00f5es de trabalho\u201d. Ela mencionou alguns potenciais riscos de ambientes psicologicamente inseguros, como a falta de engajamento das pessoas, o afastamento do trabalho por doen\u00e7as, al\u00e9m do comprometimento da reputa\u00e7\u00e3o e da imagem da empresa, entre outros.<\/p>\n\n\n\n<figure class=\"wp-block-image size-large is-resized\"><img loading=\"lazy\" decoding=\"async\" width=\"1024\" height=\"461\" src=\"https:\/\/acrj.org.br\/wp-content\/uploads\/2025\/07\/mesa1-2-1024x461.jpg\" alt=\"\" class=\"wp-image-37139\" style=\"width:500px\" srcset=\"https:\/\/acrj.org.br\/wp-content\/uploads\/2025\/07\/mesa1-2-1024x461.jpg 1024w, https:\/\/acrj.org.br\/wp-content\/uploads\/2025\/07\/mesa1-2-300x135.jpg 300w, https:\/\/acrj.org.br\/wp-content\/uploads\/2025\/07\/mesa1-2-768x346.jpg 768w, https:\/\/acrj.org.br\/wp-content\/uploads\/2025\/07\/mesa1-2-1536x692.jpg 1536w, https:\/\/acrj.org.br\/wp-content\/uploads\/2025\/07\/mesa1-2.jpg 2000w\" sizes=\"(max-width: 1024px) 100vw, 1024px\" \/><\/figure>\n\n\n\n<p>Ela ainda diferenciou o que \u00e9 e o que n\u00e3o \u00e9 seguran\u00e7a psicol\u00f3gica, muito confundida dentro das empresas. \u201cAmbiente legal e agrad\u00e1vel o tempo todo, sem desafios, seguran\u00e7a no emprego e garantia de que todas as ideias ser\u00e3o aceitas ou aplaudidas, por exemplo, n\u00e3o significa seguran\u00e7a psicol\u00f3gica para o colaborador\u201d, explicou. Confira a apresenta\u00e7\u00e3o completa <strong><a href=\"https:\/\/acrj.org.br\/wp-content\/uploads\/2025\/07\/IBGC-SeguranA%C2%A7a-PsicolA%C2%B3gica-ACRJ-Jul-2025.pdf\"><mark style=\"background-color:rgba(0, 0, 0, 0)\" class=\"has-inline-color has-vivid-cyan-blue-color\">aqui<\/mark><\/a><\/strong><\/p>\n\n\n\n<figure class=\"wp-block-image size-large is-resized\"><img loading=\"lazy\" decoding=\"async\" width=\"1024\" height=\"461\" src=\"https:\/\/acrj.org.br\/wp-content\/uploads\/2025\/07\/mesa3-1-1024x461.jpg\" alt=\"\" class=\"wp-image-37140\" style=\"width:500px\" srcset=\"https:\/\/acrj.org.br\/wp-content\/uploads\/2025\/07\/mesa3-1-1024x461.jpg 1024w, https:\/\/acrj.org.br\/wp-content\/uploads\/2025\/07\/mesa3-1-300x135.jpg 300w, https:\/\/acrj.org.br\/wp-content\/uploads\/2025\/07\/mesa3-1-768x346.jpg 768w, https:\/\/acrj.org.br\/wp-content\/uploads\/2025\/07\/mesa3-1-1536x692.jpg 1536w, https:\/\/acrj.org.br\/wp-content\/uploads\/2025\/07\/mesa3-1.jpg 2000w\" sizes=\"(max-width: 1024px) 100vw, 1024px\" \/><\/figure>\n\n\n\n<figure class=\"wp-block-image size-large is-resized\"><img loading=\"lazy\" decoding=\"async\" width=\"1024\" height=\"461\" src=\"https:\/\/acrj.org.br\/wp-content\/uploads\/2025\/07\/mesa2-1-1024x461.jpg\" alt=\"\" class=\"wp-image-37141\" style=\"width:500px\" srcset=\"https:\/\/acrj.org.br\/wp-content\/uploads\/2025\/07\/mesa2-1-1024x461.jpg 1024w, https:\/\/acrj.org.br\/wp-content\/uploads\/2025\/07\/mesa2-1-300x135.jpg 300w, https:\/\/acrj.org.br\/wp-content\/uploads\/2025\/07\/mesa2-1-768x346.jpg 768w, https:\/\/acrj.org.br\/wp-content\/uploads\/2025\/07\/mesa2-1-1536x692.jpg 1536w, https:\/\/acrj.org.br\/wp-content\/uploads\/2025\/07\/mesa2-1.jpg 2000w\" sizes=\"(max-width: 1024px) 100vw, 1024px\" \/><\/figure>\n\n\n\n<figure class=\"wp-block-image size-large is-resized\"><img loading=\"lazy\" decoding=\"async\" width=\"1024\" height=\"461\" src=\"https:\/\/acrj.org.br\/wp-content\/uploads\/2025\/07\/mesa5-1-1024x461.jpg\" alt=\"\" class=\"wp-image-37143\" style=\"width:500px\" srcset=\"https:\/\/acrj.org.br\/wp-content\/uploads\/2025\/07\/mesa5-1-1024x461.jpg 1024w, https:\/\/acrj.org.br\/wp-content\/uploads\/2025\/07\/mesa5-1-300x135.jpg 300w, https:\/\/acrj.org.br\/wp-content\/uploads\/2025\/07\/mesa5-1-768x346.jpg 768w, https:\/\/acrj.org.br\/wp-content\/uploads\/2025\/07\/mesa5-1-1536x692.jpg 1536w, https:\/\/acrj.org.br\/wp-content\/uploads\/2025\/07\/mesa5-1.jpg 2000w\" sizes=\"(max-width: 1024px) 100vw, 1024px\" \/><\/figure>\n\n\n\n<p><\/p>\n","protected":false},"excerpt":{"rendered":"<p>A reuni\u00e3o mensal do Conselho Empresarial de Governan\u00e7a, Compliance e Diversidade da ACRJ, realizada dia 4 de julho, abordou os seguintes temas: \u201cContexto Hist\u00f3rico e&hellip;<\/p>\n","protected":false},"author":3,"featured_media":37119,"comment_status":"closed","ping_status":"closed","sticky":false,"template":"","format":"standard","meta":{"_exactmetrics_skip_tracking":false,"_exactmetrics_sitenote_active":false,"_exactmetrics_sitenote_note":"","_exactmetrics_sitenote_category":0,"footnotes":""},"categories":[56,10],"tags":[],"class_list":["post-37118","post","type-post","status-publish","format-standard","has-post-thumbnail","hentry","category-destaque_conselhos","category-noticias"],"_links":{"self":[{"href":"https:\/\/acrj.org.br\/index.php\/wp-json\/wp\/v2\/posts\/37118","targetHints":{"allow":["GET"]}}],"collection":[{"href":"https:\/\/acrj.org.br\/index.php\/wp-json\/wp\/v2\/posts"}],"about":[{"href":"https:\/\/acrj.org.br\/index.php\/wp-json\/wp\/v2\/types\/post"}],"author":[{"embeddable":true,"href":"https:\/\/acrj.org.br\/index.php\/wp-json\/wp\/v2\/users\/3"}],"replies":[{"embeddable":true,"href":"https:\/\/acrj.org.br\/index.php\/wp-json\/wp\/v2\/comments?post=37118"}],"version-history":[{"count":0,"href":"https:\/\/acrj.org.br\/index.php\/wp-json\/wp\/v2\/posts\/37118\/revisions"}],"wp:featuredmedia":[{"embeddable":true,"href":"https:\/\/acrj.org.br\/index.php\/wp-json\/wp\/v2\/media\/37119"}],"wp:attachment":[{"href":"https:\/\/acrj.org.br\/index.php\/wp-json\/wp\/v2\/media?parent=37118"}],"wp:term":[{"taxonomy":"category","embeddable":true,"href":"https:\/\/acrj.org.br\/index.php\/wp-json\/wp\/v2\/categories?post=37118"},{"taxonomy":"post_tag","embeddable":true,"href":"https:\/\/acrj.org.br\/index.php\/wp-json\/wp\/v2\/tags?post=37118"}],"curies":[{"name":"wp","href":"https:\/\/api.w.org\/{rel}","templated":true}]}}