{"id":37090,"date":"2025-06-30T16:47:00","date_gmt":"2025-06-30T19:47:00","guid":{"rendered":"https:\/\/acrj.org.br\/?p=37090"},"modified":"2025-09-16T15:30:50","modified_gmt":"2025-09-16T18:30:50","slug":"conselho-empresariais-realizam-a-1a-reuniao-do-novo-mandato-da-acrj","status":"publish","type":"post","link":"https:\/\/acrj.org.br\/index.php\/2025\/06\/30\/conselho-empresariais-realizam-a-1a-reuniao-do-novo-mandato-da-acrj\/","title":{"rendered":"Conselhos Empresariais realizam a 1\u00aa reuni\u00e3o do novo mandato da ACRJ"},"content":{"rendered":"\n<p>A ACRJ realizou, dia 30 de junho, a 1\u00aa Reuni\u00e3o Estrat\u00e9gica dos Conselhos Empresariais para o Bi\u00eanio 2025\/2027, que contou com a participa\u00e7\u00e3o de presidentes e vice-presidentes dos 22 Conselhos que foram reformulados para este novo mandato.<\/p>\n\n\n\n<p>A reuni\u00e3o foi aberta pelo presidente da ACRJ, Josier Vilar, que destacou a import\u00e2ncia do encontro e a disponibilidade de todos os membros presentes em contribuir com o futuro da ACRJ e da cidade do Rio. Ele ressaltou que os Conselhos Empresariais s\u00e3o a ess\u00eancia da ACRJ. \u201cNeste segundo mandato queremos integrar ainda mais os nossos conselhos, porque suas atividades n\u00e3o s\u00e3o individualizadas, na verdade, s\u00e3o setoriais, mas que se integram na maioria das vezes, tem uma rela\u00e7\u00e3o muito importante, existe uma transversalidade na maioria deles\u201d, disse.<\/p>\n\n\n\n<figure class=\"wp-block-image size-large is-resized\"><img fetchpriority=\"high\" decoding=\"async\" width=\"1024\" height=\"461\" src=\"https:\/\/acrj.org.br\/wp-content\/uploads\/2025\/07\/mesa1-1-1024x461.jpg\" alt=\"\" class=\"wp-image-37097\" style=\"width:500px\" srcset=\"https:\/\/acrj.org.br\/wp-content\/uploads\/2025\/07\/mesa1-1-1024x461.jpg 1024w, https:\/\/acrj.org.br\/wp-content\/uploads\/2025\/07\/mesa1-1-300x135.jpg 300w, https:\/\/acrj.org.br\/wp-content\/uploads\/2025\/07\/mesa1-1-768x346.jpg 768w, https:\/\/acrj.org.br\/wp-content\/uploads\/2025\/07\/mesa1-1.jpg 1489w\" sizes=\"(max-width: 1024px) 100vw, 1024px\" \/><\/figure>\n\n\n\n<p>Ele agradeceu aos que aceitaram assumir a presid\u00eancia e a vice-presid\u00eancia dos conselhos para que a Associa\u00e7\u00e3o Comercial possa exercer seu papel de advocacy nas rela\u00e7\u00f5es p\u00fablico-privadas e ser um grande facilitador das atividades focadas, principalmente, no desenvolvimento e na melhoria do ambiente de neg\u00f3cios na cidade do Rio de Janeiro. \u201cEsse \u00e9 o nosso prop\u00f3sito. E, se poss\u00edvel, ampliar isso para o estado do Rio de Janeiro como um todo porque n\u00e3o podemos estar apartados do resto do Estado. Que possamos fazer um trabalho integrado para criar prop\u00f3sito atrav\u00e9s das vis\u00f5es diferenciadas que temos sobre o futuro da Associa\u00e7\u00e3o Comercial e qual ser\u00e1 a nossa contribui\u00e7\u00e3o para o desenvolvimento da nossa Cidade e do nosso Estado\u201d, afirmou.<\/p>\n\n\n\n<figure class=\"wp-block-image size-large is-resized\"><img decoding=\"async\" width=\"1024\" height=\"460\" src=\"https:\/\/acrj.org.br\/wp-content\/uploads\/2025\/07\/mesa-1024x460.jpg\" alt=\"\" class=\"wp-image-37093\" style=\"width:500px\" srcset=\"https:\/\/acrj.org.br\/wp-content\/uploads\/2025\/07\/mesa-1024x460.jpg 1024w, https:\/\/acrj.org.br\/wp-content\/uploads\/2025\/07\/mesa-300x135.jpg 300w, https:\/\/acrj.org.br\/wp-content\/uploads\/2025\/07\/mesa-768x345.jpg 768w, https:\/\/acrj.org.br\/wp-content\/uploads\/2025\/07\/mesa-1536x690.jpg 1536w, https:\/\/acrj.org.br\/wp-content\/uploads\/2025\/07\/mesa.jpg 2000w\" sizes=\"(max-width: 1024px) 100vw, 1024px\" \/><\/figure>\n\n\n\n<p>O vice-presidente dos Conselhos Empresariais, Juedir Teixeira, que tamb\u00e9m preside o Conselho de Varejo, fez uma apresenta\u00e7\u00e3o sobre a nova composi\u00e7\u00e3o dos conselhos, que agora foram agrupados em 22, suas atribui\u00e7\u00f5es, os objetivos de cada um deles e seu papel na gera\u00e7\u00e3o de neg\u00f3cios, parcerias estrat\u00e9gicas e melhoria do ambiente empresarial fluminense.<\/p>\n\n\n\n<figure class=\"wp-block-image size-large is-resized\"><img decoding=\"async\" width=\"1024\" height=\"502\" src=\"https:\/\/acrj.org.br\/wp-content\/uploads\/2025\/07\/mesa4-1024x502.jpg\" alt=\"\" class=\"wp-image-37098\" style=\"width:500px\" srcset=\"https:\/\/acrj.org.br\/wp-content\/uploads\/2025\/07\/mesa4-1024x502.jpg 1024w, https:\/\/acrj.org.br\/wp-content\/uploads\/2025\/07\/mesa4-300x147.jpg 300w, https:\/\/acrj.org.br\/wp-content\/uploads\/2025\/07\/mesa4-768x377.jpg 768w, https:\/\/acrj.org.br\/wp-content\/uploads\/2025\/07\/mesa4-1536x753.jpg 1536w, https:\/\/acrj.org.br\/wp-content\/uploads\/2025\/07\/mesa4-2048x1004.jpg 2048w\" sizes=\"(max-width: 1024px) 100vw, 1024px\" \/><\/figure>\n\n\n\n<p>Em seguida, Juedir apresentou os prop\u00f3sitos de cada Conselho que ser\u00e3o analisados individualmente pelos presidentes, vice-presidentes e membros para que apresentem o seu planejamento estrat\u00e9gico para os pr\u00f3ximos dois anos. V\u00e1rias sugest\u00f5es foram feitas pelos integrantes presentes ao encontro e ser\u00e3o consolidadas posteriormente. Os pr\u00f3ximos passos a partir de agora, al\u00e9m da elabora\u00e7\u00e3o do planejamento de cada conselho, ser\u00e1 identificar oportunidades de parcerias e sinergias entre diferentes setores, potencializando resultados coletivos; transforme ideias em a\u00e7\u00f5es concretas, desenvolvendo projetos que gerem impacto positivo para a cidade e seus neg\u00f3cios; identificar poss\u00edveis patrocinadores para cada conselho; entre outros.<\/p>\n\n\n\n<figure class=\"wp-block-image size-large is-resized\"><img loading=\"lazy\" decoding=\"async\" width=\"1024\" height=\"524\" src=\"https:\/\/acrj.org.br\/wp-content\/uploads\/2025\/07\/mesa5-1024x524.jpg\" alt=\"\" class=\"wp-image-37096\" style=\"width:500px\" srcset=\"https:\/\/acrj.org.br\/wp-content\/uploads\/2025\/07\/mesa5-1024x524.jpg 1024w, https:\/\/acrj.org.br\/wp-content\/uploads\/2025\/07\/mesa5-300x153.jpg 300w, https:\/\/acrj.org.br\/wp-content\/uploads\/2025\/07\/mesa5-768x393.jpg 768w, https:\/\/acrj.org.br\/wp-content\/uploads\/2025\/07\/mesa5-1536x786.jpg 1536w, https:\/\/acrj.org.br\/wp-content\/uploads\/2025\/07\/mesa5-2048x1047.jpg 2048w\" sizes=\"(max-width: 1024px) 100vw, 1024px\" \/><\/figure>\n\n\n\n<figure class=\"wp-block-image size-large is-resized\"><img loading=\"lazy\" decoding=\"async\" width=\"1024\" height=\"453\" src=\"https:\/\/acrj.org.br\/wp-content\/uploads\/2025\/07\/mesa3-1024x453.jpg\" alt=\"\" class=\"wp-image-37099\" style=\"width:500px\" srcset=\"https:\/\/acrj.org.br\/wp-content\/uploads\/2025\/07\/mesa3-1024x453.jpg 1024w, https:\/\/acrj.org.br\/wp-content\/uploads\/2025\/07\/mesa3-300x133.jpg 300w, https:\/\/acrj.org.br\/wp-content\/uploads\/2025\/07\/mesa3-768x339.jpg 768w, https:\/\/acrj.org.br\/wp-content\/uploads\/2025\/07\/mesa3.jpg 1351w\" sizes=\"(max-width: 1024px) 100vw, 1024px\" \/><\/figure>\n","protected":false},"excerpt":{"rendered":"<p>A ACRJ realizou, dia 30 de junho, a 1\u00aa Reuni\u00e3o Estrat\u00e9gica dos Conselhos Empresariais para o Bi\u00eanio 2025\/2027, que contou com a participa\u00e7\u00e3o de presidentes&hellip;<\/p>\n","protected":false},"author":3,"featured_media":37091,"comment_status":"closed","ping_status":"closed","sticky":false,"template":"","format":"standard","meta":{"_exactmetrics_skip_tracking":false,"_exactmetrics_sitenote_active":false,"_exactmetrics_sitenote_note":"","_exactmetrics_sitenote_category":0,"footnotes":""},"categories":[56,10],"tags":[],"class_list":["post-37090","post","type-post","status-publish","format-standard","has-post-thumbnail","hentry","category-destaque_conselhos","category-noticias"],"_links":{"self":[{"href":"https:\/\/acrj.org.br\/index.php\/wp-json\/wp\/v2\/posts\/37090","targetHints":{"allow":["GET"]}}],"collection":[{"href":"https:\/\/acrj.org.br\/index.php\/wp-json\/wp\/v2\/posts"}],"about":[{"href":"https:\/\/acrj.org.br\/index.php\/wp-json\/wp\/v2\/types\/post"}],"author":[{"embeddable":true,"href":"https:\/\/acrj.org.br\/index.php\/wp-json\/wp\/v2\/users\/3"}],"replies":[{"embeddable":true,"href":"https:\/\/acrj.org.br\/index.php\/wp-json\/wp\/v2\/comments?post=37090"}],"version-history":[{"count":0,"href":"https:\/\/acrj.org.br\/index.php\/wp-json\/wp\/v2\/posts\/37090\/revisions"}],"wp:featuredmedia":[{"embeddable":true,"href":"https:\/\/acrj.org.br\/index.php\/wp-json\/wp\/v2\/media\/37091"}],"wp:attachment":[{"href":"https:\/\/acrj.org.br\/index.php\/wp-json\/wp\/v2\/media?parent=37090"}],"wp:term":[{"taxonomy":"category","embeddable":true,"href":"https:\/\/acrj.org.br\/index.php\/wp-json\/wp\/v2\/categories?post=37090"},{"taxonomy":"post_tag","embeddable":true,"href":"https:\/\/acrj.org.br\/index.php\/wp-json\/wp\/v2\/tags?post=37090"}],"curies":[{"name":"wp","href":"https:\/\/api.w.org\/{rel}","templated":true}]}}