{"id":37053,"date":"2025-07-01T15:57:48","date_gmt":"2025-07-01T18:57:48","guid":{"rendered":"https:\/\/acrj.org.br\/?p=37053"},"modified":"2025-07-14T12:07:26","modified_gmt":"2025-07-14T15:07:26","slug":"presidente-da-acrj-define-acesso-como-a-palavra-chave-do-2o-mandato-e-convida-parceiros-para-se-engajarem","status":"publish","type":"post","link":"https:\/\/acrj.org.br\/index.php\/2025\/07\/01\/presidente-da-acrj-define-acesso-como-a-palavra-chave-do-2o-mandato-e-convida-parceiros-para-se-engajarem\/","title":{"rendered":"Presidente da ACRJ define #Acesso como a palavra-chave do 2\u00ba mandato e convida parceiros para se engajarem"},"content":{"rendered":"\n<p>A ACRJ promoveu, dia 1\u00ba de julho, uma reuni\u00e3o que dar\u00e1 in\u00edcio \u00e0 constru\u00e7\u00e3o do Plano de Trabalho para o bi\u00eanio 2025-2027. O encontro foi conduzido pelo presidente da ACRJ, Josier Vilar, que apresentou algumas diretrizes da ACRJ para os pr\u00f3ximos dois anos e adiantou que a palavra chave da Associa\u00e7\u00e3o Comercial para seu mandato ser\u00e1 <strong><mark style=\"background-color:rgba(0, 0, 0, 0)\" class=\"has-inline-color has-vivid-cyan-blue-color\">Acesso<\/mark><\/strong>.<\/p>\n\n\n\n<p>O encontro contou com a participa\u00e7\u00e3o do presidente Sidney Levy, da Invest Rio, a empresa de promo\u00e7\u00e3o e atra\u00e7\u00e3o de investimentos da cidade do Rio de Janeiro, e a presen\u00e7a de vice-presidentes, diretores, conselheiros e associados da Casa de Mau\u00e1, al\u00e9m de convidados.<\/p>\n\n\n\n<figure class=\"wp-block-image size-large is-resized\"><img fetchpriority=\"high\" decoding=\"async\" width=\"2560\" height=\"1440\" src=\"https:\/\/acrj.org.br\/wp-content\/uploads\/2025\/07\/sidney-edited-scaled.jpg\" alt=\"\" class=\"wp-image-37055\" style=\"width:500px\" srcset=\"https:\/\/acrj.org.br\/wp-content\/uploads\/2025\/07\/sidney-edited-scaled.jpg 2560w, https:\/\/acrj.org.br\/wp-content\/uploads\/2025\/07\/sidney-edited-300x169.jpg 300w, https:\/\/acrj.org.br\/wp-content\/uploads\/2025\/07\/sidney-edited-1024x576.jpg 1024w, https:\/\/acrj.org.br\/wp-content\/uploads\/2025\/07\/sidney-edited-768x432.jpg 768w, https:\/\/acrj.org.br\/wp-content\/uploads\/2025\/07\/sidney-edited-1536x864.jpg 1536w, https:\/\/acrj.org.br\/wp-content\/uploads\/2025\/07\/sidney-edited-2048x1152.jpg 2048w\" sizes=\"(max-width: 2560px) 100vw, 2560px\" \/><figcaption class=\"wp-element-caption\"><em>Sidney Levy, presidente da InvestRio<\/em><\/figcaption><\/figure>\n\n\n\n<p>Levy falou sobre alguns projetos da Prefeitura do Rio nas \u00e1reas de infraestrutura digital, transporte p\u00fablico, turismo e seguran\u00e7a e disse que \u201ca gest\u00e3o urbana exige pragmatismo, vis\u00e3o estrat\u00e9gica e disposi\u00e7\u00e3o para negociar com o setor privado\u201d. &nbsp;Ele falou sobre o sistema robusto de energia criado por conta das Ol\u00edmpiadas de 2016 e que vai permitir que esta infraestrutura seja usada agora para a constru\u00e7\u00e3o de um hub de data centers de n\u00edvel mundial, em um terreno pr\u00f3ximo ao Parque Ol\u00edmpico, na Barra.<\/p>\n\n\n\n<p>De acordo com ele, a cidade precisa desta infraestrutura inteligente, \u201ce isso custa caro\u201d, por isso acredita que as parcerias p\u00fablico-privadas e com fundos internacionais s\u00e3o solu\u00e7\u00e3o vi\u00e1vel. \u201cCom apoio do BNDES, Petrobras, Eletrobras, Finep e Goldman Sachs est\u00e1 sendo costurado um investimento da ordem de US$ 50 bilh\u00f5es. Isso colocaria o Rio em uma rota estrat\u00e9gica de infraestrutura digital, ao lado de cidades como Frankfurt, Dallas e Singapura\u201d, explicou.<\/p>\n\n\n\n<p>Em seguida, Josier Vilar explicou que a ACRJ vai atuar fortemente atrav\u00e9s de seus Os 22 Conselhos Empresariais tem\u00e1ticos, que definir\u00e3o suas prioridades de acesso e formular\u00e3o suas estrat\u00e9gias operacionais. \u201cA Presid\u00eancia da ACRJ compartilhar\u00e1 essas a\u00e7\u00f5es com o Conselho Estrat\u00e9gico, rec\u00e9m-criado, para que possamos contribuir para sua execu\u00e7\u00e3o com efici\u00eancia e efic\u00e1cia\u201d, disse.<\/p>\n\n\n\n<p>Ele tamb\u00e9m adiantou que todas as a\u00e7\u00f5es de <mark style=\"background-color:rgba(0, 0, 0, 0)\" class=\"has-inline-color has-vivid-cyan-blue-color\"><strong>Acesso <\/strong><\/mark>precisam garantir \u00e0 ACRJ que ela preserve e\/ou amplie a pr\u00e1tica dos 5 \u201cR\u201ds em sua gest\u00e3o: Reputa\u00e7\u00e3o; Reconhecimento institucional; Relacionamento com governos, ecossistema empresarial e sociedade; Receitas; e Resultados.<\/p>\n\n\n\n<figure class=\"wp-block-image size-large is-resized\"><img decoding=\"async\" width=\"2560\" height=\"1706\" src=\"https:\/\/acrj.org.br\/wp-content\/uploads\/2025\/07\/publico-edited-scaled.jpg\" alt=\"\" class=\"wp-image-37061\" style=\"width:500px\" srcset=\"https:\/\/acrj.org.br\/wp-content\/uploads\/2025\/07\/publico-edited-scaled.jpg 2560w, https:\/\/acrj.org.br\/wp-content\/uploads\/2025\/07\/publico-edited-300x200.jpg 300w, https:\/\/acrj.org.br\/wp-content\/uploads\/2025\/07\/publico-edited-1024x683.jpg 1024w, https:\/\/acrj.org.br\/wp-content\/uploads\/2025\/07\/publico-edited-768x512.jpg 768w, https:\/\/acrj.org.br\/wp-content\/uploads\/2025\/07\/publico-edited-1536x1024.jpg 1536w, https:\/\/acrj.org.br\/wp-content\/uploads\/2025\/07\/publico-edited-2048x1365.jpg 2048w\" sizes=\"(max-width: 2560px) 100vw, 2560px\" \/><\/figure>\n\n\n\n<p>O presidente da ACRJ convidou as institui\u00e7\u00f5es parceiras, como Sebrae, Fecom\u00e9rcio, Firjan e outras p\u00fablicas e privadas, para estarem juntos com a ACRJ nessa constru\u00e7\u00e3o de uma pauta alinhada com o prop\u00f3sito de todo o ecossistema empresarial do Rio de Janeiro. \u201cGarantir, atrav\u00e9s do <strong><mark style=\"background-color:rgba(0, 0, 0, 0)\" class=\"has-inline-color has-vivid-cyan-blue-color\">Acesso<\/mark><\/strong>, uma Cidade e um Estado mais atrativos para seu ambiente de neg\u00f3cios e desenvolver uma cultura empreendedora como marca do Rio que queremos\u201d, afirmou.<\/p>\n\n\n\n<p>Confira a apresenta\u00e7\u00e3o do presidente Josier Vilar na \u00edntegra <strong><a href=\"https:\/\/acrj.org.br\/wp-content\/uploads\/2025\/07\/APRESENTACAO-ACRJ-BIENIO-25-27-Final.pdf\">aqui<\/a><\/strong><\/p>\n\n\n\n<p>Alguns momentos do evento:<\/p>\n\n\n\n<figure class=\"wp-block-image size-large is-resized\"><img decoding=\"async\" width=\"1124\" height=\"843\" src=\"https:\/\/acrj.org.br\/wp-content\/uploads\/2025\/07\/ruy-edited-1.jpg\" alt=\"\" class=\"wp-image-37068\" style=\"width:500px;height:auto\" srcset=\"https:\/\/acrj.org.br\/wp-content\/uploads\/2025\/07\/ruy-edited-1.jpg 1124w, https:\/\/acrj.org.br\/wp-content\/uploads\/2025\/07\/ruy-edited-1-300x225.jpg 300w, https:\/\/acrj.org.br\/wp-content\/uploads\/2025\/07\/ruy-edited-1-1024x768.jpg 1024w, https:\/\/acrj.org.br\/wp-content\/uploads\/2025\/07\/ruy-edited-1-768x576.jpg 768w\" sizes=\"(max-width: 1124px) 100vw, 1124px\" \/><figcaption class=\"wp-element-caption\"><em>Alexandre Accioly, Carlos Os\u00f3rio e Ruy Barreto Filho<\/em><\/figcaption><\/figure>\n\n\n\n<figure class=\"wp-block-image size-large is-resized\"><img loading=\"lazy\" decoding=\"async\" width=\"1024\" height=\"467\" src=\"https:\/\/acrj.org.br\/wp-content\/uploads\/2025\/07\/grupo-1024x467.jpg\" alt=\"\" class=\"wp-image-37072\" style=\"width:500px\" srcset=\"https:\/\/acrj.org.br\/wp-content\/uploads\/2025\/07\/grupo-1024x467.jpg 1024w, https:\/\/acrj.org.br\/wp-content\/uploads\/2025\/07\/grupo-300x137.jpg 300w, https:\/\/acrj.org.br\/wp-content\/uploads\/2025\/07\/grupo-768x350.jpg 768w, https:\/\/acrj.org.br\/wp-content\/uploads\/2025\/07\/grupo.jpg 1346w\" sizes=\"(max-width: 1024px) 100vw, 1024px\" \/><\/figure>\n\n\n\n<figure class=\"wp-block-image size-large is-resized\"><img loading=\"lazy\" decoding=\"async\" width=\"1024\" height=\"678\" src=\"https:\/\/acrj.org.br\/wp-content\/uploads\/2025\/07\/alavarenga-1024x678.jpeg\" alt=\"\" class=\"wp-image-37078\" style=\"width:500px\" srcset=\"https:\/\/acrj.org.br\/wp-content\/uploads\/2025\/07\/alavarenga-1024x678.jpeg 1024w, https:\/\/acrj.org.br\/wp-content\/uploads\/2025\/07\/alavarenga-300x199.jpeg 300w, https:\/\/acrj.org.br\/wp-content\/uploads\/2025\/07\/alavarenga-768x508.jpeg 768w, https:\/\/acrj.org.br\/wp-content\/uploads\/2025\/07\/alavarenga-1536x1017.jpeg 1536w, https:\/\/acrj.org.br\/wp-content\/uploads\/2025\/07\/alavarenga.jpeg 1600w\" sizes=\"(max-width: 1024px) 100vw, 1024px\" \/><figcaption class=\"wp-element-caption\"><em>Ant\u00f4nio Alvarenga, diretor-superintendente do Sebrae Rio<\/em><\/figcaption><\/figure>\n\n\n\n<figure class=\"wp-block-image size-large is-resized\"><img loading=\"lazy\" decoding=\"async\" width=\"1024\" height=\"732\" src=\"https:\/\/acrj.org.br\/wp-content\/uploads\/2025\/07\/Imagem1-1024x732.jpg\" alt=\"\" class=\"wp-image-37069\" style=\"width:500px\" srcset=\"https:\/\/acrj.org.br\/wp-content\/uploads\/2025\/07\/Imagem1-1024x732.jpg 1024w, https:\/\/acrj.org.br\/wp-content\/uploads\/2025\/07\/Imagem1-300x214.jpg 300w, https:\/\/acrj.org.br\/wp-content\/uploads\/2025\/07\/Imagem1-768x549.jpg 768w, https:\/\/acrj.org.br\/wp-content\/uploads\/2025\/07\/Imagem1-1536x1098.jpg 1536w, https:\/\/acrj.org.br\/wp-content\/uploads\/2025\/07\/Imagem1.jpg 1574w\" sizes=\"(max-width: 1024px) 100vw, 1024px\" \/><figcaption class=\"wp-element-caption\"><em>Josier Vilar, Juedir Teixeira e secret\u00e1rio M\u00e1rio Lopes<\/em><\/figcaption><\/figure>\n\n\n\n<figure class=\"wp-block-image size-large is-resized\"><img loading=\"lazy\" decoding=\"async\" width=\"1480\" height=\"987\" src=\"https:\/\/acrj.org.br\/wp-content\/uploads\/2025\/07\/sebrae-edited.jpg\" alt=\"\" class=\"wp-image-37071\" style=\"width:500px\" srcset=\"https:\/\/acrj.org.br\/wp-content\/uploads\/2025\/07\/sebrae-edited.jpg 1480w, https:\/\/acrj.org.br\/wp-content\/uploads\/2025\/07\/sebrae-edited-300x200.jpg 300w, https:\/\/acrj.org.br\/wp-content\/uploads\/2025\/07\/sebrae-edited-1024x683.jpg 1024w, https:\/\/acrj.org.br\/wp-content\/uploads\/2025\/07\/sebrae-edited-768x512.jpg 768w\" sizes=\"(max-width: 1480px) 100vw, 1480px\" \/><\/figure>\n\n\n\n<figure class=\"wp-block-image size-large is-resized\"><img loading=\"lazy\" decoding=\"async\" width=\"1024\" height=\"678\" src=\"https:\/\/acrj.org.br\/wp-content\/uploads\/2025\/07\/Alexandre-Monetiro-do-RioGaleao-1024x678.jpg\" alt=\"\" class=\"wp-image-37075\" style=\"width:500px\" srcset=\"https:\/\/acrj.org.br\/wp-content\/uploads\/2025\/07\/Alexandre-Monetiro-do-RioGaleao-1024x678.jpg 1024w, https:\/\/acrj.org.br\/wp-content\/uploads\/2025\/07\/Alexandre-Monetiro-do-RioGaleao-300x199.jpg 300w, https:\/\/acrj.org.br\/wp-content\/uploads\/2025\/07\/Alexandre-Monetiro-do-RioGaleao-768x509.jpg 768w, https:\/\/acrj.org.br\/wp-content\/uploads\/2025\/07\/Alexandre-Monetiro-do-RioGaleao-1536x1018.jpg 1536w, https:\/\/acrj.org.br\/wp-content\/uploads\/2025\/07\/Alexandre-Monetiro-do-RioGaleao.jpg 1698w\" sizes=\"(max-width: 1024px) 100vw, 1024px\" \/><figcaption class=\"wp-element-caption\"><em>Alexandre Monteiro, presidente do RioGale\u00e3o<\/em><\/figcaption><\/figure>\n\n\n\n<figure class=\"wp-block-image size-large is-resized\"><img loading=\"lazy\" decoding=\"async\" width=\"1024\" height=\"597\" src=\"https:\/\/acrj.org.br\/wp-content\/uploads\/2025\/07\/orla-1024x597.jpg\" alt=\"\" class=\"wp-image-37084\" style=\"width:500px\" srcset=\"https:\/\/acrj.org.br\/wp-content\/uploads\/2025\/07\/orla-1024x597.jpg 1024w, https:\/\/acrj.org.br\/wp-content\/uploads\/2025\/07\/orla-300x175.jpg 300w, https:\/\/acrj.org.br\/wp-content\/uploads\/2025\/07\/orla-768x448.jpg 768w, https:\/\/acrj.org.br\/wp-content\/uploads\/2025\/07\/orla-1536x896.jpg 1536w, https:\/\/acrj.org.br\/wp-content\/uploads\/2025\/07\/orla.jpg 1611w\" sizes=\"(max-width: 1024px) 100vw, 1024px\" \/><figcaption class=\"wp-element-caption\"><em>Savio Neves, Nilo S\u00e9rgio, Leonardo Maciel e Jo\u00e3o Marcello Barreto<\/em><\/figcaption><\/figure>\n\n\n\n<p><\/p>\n\n\n\n<p>Fotos: Estefan Radovicz<\/p>\n","protected":false},"excerpt":{"rendered":"<p>A ACRJ promoveu, dia 1\u00ba de julho, uma reuni\u00e3o que dar\u00e1 in\u00edcio \u00e0 constru\u00e7\u00e3o do Plano de Trabalho para o bi\u00eanio 2025-2027. O encontro foi&hellip;<\/p>\n","protected":false},"author":3,"featured_media":37081,"comment_status":"closed","ping_status":"closed","sticky":false,"template":"","format":"standard","meta":{"_exactmetrics_skip_tracking":false,"_exactmetrics_sitenote_active":false,"_exactmetrics_sitenote_note":"","_exactmetrics_sitenote_category":0,"footnotes":""},"categories":[6,10],"tags":[],"class_list":["post-37053","post","type-post","status-publish","format-standard","has-post-thumbnail","hentry","category-destaque_noticias","category-noticias"],"_links":{"self":[{"href":"https:\/\/acrj.org.br\/index.php\/wp-json\/wp\/v2\/posts\/37053","targetHints":{"allow":["GET"]}}],"collection":[{"href":"https:\/\/acrj.org.br\/index.php\/wp-json\/wp\/v2\/posts"}],"about":[{"href":"https:\/\/acrj.org.br\/index.php\/wp-json\/wp\/v2\/types\/post"}],"author":[{"embeddable":true,"href":"https:\/\/acrj.org.br\/index.php\/wp-json\/wp\/v2\/users\/3"}],"replies":[{"embeddable":true,"href":"https:\/\/acrj.org.br\/index.php\/wp-json\/wp\/v2\/comments?post=37053"}],"version-history":[{"count":0,"href":"https:\/\/acrj.org.br\/index.php\/wp-json\/wp\/v2\/posts\/37053\/revisions"}],"wp:featuredmedia":[{"embeddable":true,"href":"https:\/\/acrj.org.br\/index.php\/wp-json\/wp\/v2\/media\/37081"}],"wp:attachment":[{"href":"https:\/\/acrj.org.br\/index.php\/wp-json\/wp\/v2\/media?parent=37053"}],"wp:term":[{"taxonomy":"category","embeddable":true,"href":"https:\/\/acrj.org.br\/index.php\/wp-json\/wp\/v2\/categories?post=37053"},{"taxonomy":"post_tag","embeddable":true,"href":"https:\/\/acrj.org.br\/index.php\/wp-json\/wp\/v2\/tags?post=37053"}],"curies":[{"name":"wp","href":"https:\/\/api.w.org\/{rel}","templated":true}]}}