{"id":3705,"date":"2020-03-18T12:37:42","date_gmt":"2020-03-18T15:37:42","guid":{"rendered":"http:\/\/acrj.org.br\/?p=3705"},"modified":"2020-03-18T12:37:42","modified_gmt":"2020-03-18T15:37:42","slug":"coronavirus-saude-e-prevencao","status":"publish","type":"post","link":"https:\/\/acrj.org.br\/index.php\/2020\/03\/18\/coronavirus-saude-e-prevencao\/","title":{"rendered":"Coronav\u00edrus: sa\u00fade \u00e9 preven\u00e7\u00e3o"},"content":{"rendered":"\n<p><em>Artigo do presidente do Conselho Empresarial de Medicina e Sa\u00fade da ACRJ, Gilberto Ururahy, publicado originalmente em <a href=\"https:\/\/vejario.abril.com.br\/blog\/gilberto-ururahy\/coronavirus-saude-e-prevencao\/\">Veja Rio<\/a>, em 16 de mar\u00e7o.<\/em><\/p>\n\n\n\n<p>Neste momento em que uma pandemia acomete boa parte dos pa\u00edses do mundo, temos a oportunidade de ver o quanto a precau\u00e7\u00e3o \u00e9 a melhor atitude quando se trata de sa\u00fade. Na\u00e7\u00f5es que adotaram rapidamente as medidas restritivas e solicitaram a quarentena \u00e0 popula\u00e7\u00e3o s\u00e3o as que mais rapidamente est\u00e3o conseguindo retardar ou mitigar o crescimento do n\u00famero de casos. J\u00e1 os que demoraram a entender a gravidade da crise, est\u00e3o pagando um pre\u00e7o alto, como \u00e9 o caso da It\u00e1lia, infelizmente.<\/p>\n\n\n\n<p>O presidente franc\u00eas Emmanuel Macron acaba de declarar que \u201ca Fran\u00e7a est\u00e1 em guerra\u201d contra o coronav\u00edrus, com medidas mais agressivas de conten\u00e7\u00e3o, como o fechamento de fronteiras e do com\u00e9rcio.<\/p>\n\n\n\n<p>J\u00e1 o presidente americano Donald Trump, inicialmente reticente ao v\u00edrus, caiu em si, decretou estado de emerg\u00eancia e aderiu a sensatas orienta\u00e7\u00f5es de isolamento da popula\u00e7\u00e3o, fechando bares, restaurantes, museus, teatros, cinemas, restringindo viagens e recomendando que os americanos trabalhem de casa.<\/p>\n\n\n\n<p>Por aqui, o ministro da Sa\u00fade Luiz Henrique Mandetta puxou para si a responsabilidade de capitanear o plano de conten\u00e7\u00e3o do coronav\u00edrus no Brasil. At\u00e9 este momento, temos pouco mais de 200 casos na contagem oficial do governo. A previs\u00e3o das autoridades \u00e9 que este n\u00famero fatalmente crescer\u00e1 nos pr\u00f3ximos meses. Mas o fundamental para o sistema de sa\u00fade \u00e9 que este crescimento, mesmo que cont\u00ednuo, seja gradativo. Caso contr\u00e1rio, se for exponencial, com milhares de novos casos por semana, teremos um colapso. A boa not\u00edcia \u00e9 que isto ainda pode ser evitado no Brasil \u2013 e s\u00f3 depende de n\u00f3s.<\/p>\n\n\n\n<p>A popula\u00e7\u00e3o precisa entender que quarentena n\u00e3o \u00e9 f\u00e9rias. A imagem da popula\u00e7\u00e3o lotando a praia no domingo de sol \u00e9 alarmante. N\u00e3o \u00e9 hora disso. Neste momento, o que podemos fazer para evitar a r\u00e1pida propaga\u00e7\u00e3o do v\u00edrus \u00e9 ficar em casa, restringindo as sa\u00eddas apenas ao essencial, como supermercado e farm\u00e1cia.<\/p>\n\n\n\n<p>Outro ponto essencial \u00e9 a higiene pessoal: lavar bem as m\u00e3os com \u00e1gua e sab\u00e3o ou mant\u00ea-las higienizadas com \u00e1lcool gel. Se tossir ou espirrar, faz\u00ea-lo sobre o bra\u00e7o, na altura do cotovelo. \u00c9 muito importante evitar aglomera\u00e7\u00f5es e contatos pr\u00f3ximos, inferiores a um metro de dist\u00e2ncia.<\/p>\n\n\n\n<p>No final deste m\u00eas, o Governo Federal d\u00e1 inicio \u00e0 campanha de vacina\u00e7\u00e3o contra H1N1. \u00c9 vital que os p\u00fablicos- alvos, especialmente os idosos, compare\u00e7am e se vacinem.<\/p>\n\n\n\n<p>Por fim, evitem passar adiante informa\u00e7\u00f5es desencontradas ou fake news. A comunica\u00e7\u00e3o \u00e9 uma ferramenta valiosa neste momento. A Secretaria Estadual de Sa\u00fade do Rio e o Minist\u00e9rio da Sa\u00fade tem guias bastante completos e informativos em seus sites.<\/p>\n\n\n\n<p>Quando se trata de sa\u00fade, a preven\u00e7\u00e3o \u00e9 sempre a melhor alternativa. Cuidem-se e protejam seus familiares, amigos e colegas de trabalho para, juntos, enfrentarmos mais esta crise.<\/p>\n\n\n\n<p><em>Gilberto Ururahy \u00e9 m\u00e9dico h\u00e1 40 anos, com longa atua\u00e7\u00e3o em Medicina Preventiva. Em 1990, criou a Med Rio Check Up, l\u00edder brasileira em check up m\u00e9dico. \u00c9 detentor da Medalha da Academia Nacional de Medicina da Fran\u00e7a e autor de tr\u00eas livros: \u201cComo se tornar um bom estressado\u201d (Editora Salamandra), \u201cO c\u00e9rebro emocional\u201d (Editora Rocco) e \u201cEmo\u00e7\u00f5es e sa\u00fade\u201d (Editora Rocco).<\/em><\/p>\n","protected":false},"excerpt":{"rendered":"<p>Artigo do presidente do Conselho Empresarial de Medicina e Sa\u00fade da ACRJ, Gilberto Ururahy, publicado originalmente em Veja Rio, em 16 de mar\u00e7o. Neste momento&hellip;<\/p>\n","protected":false},"author":3,"featured_media":2914,"comment_status":"closed","ping_status":"open","sticky":false,"template":"","format":"standard","meta":{"_exactmetrics_skip_tracking":false,"_exactmetrics_sitenote_active":false,"_exactmetrics_sitenote_note":"","_exactmetrics_sitenote_category":0,"footnotes":""},"categories":[12],"tags":[],"class_list":["post-3705","post","type-post","status-publish","format-standard","has-post-thumbnail","hentry","category-artigos"],"_links":{"self":[{"href":"https:\/\/acrj.org.br\/index.php\/wp-json\/wp\/v2\/posts\/3705","targetHints":{"allow":["GET"]}}],"collection":[{"href":"https:\/\/acrj.org.br\/index.php\/wp-json\/wp\/v2\/posts"}],"about":[{"href":"https:\/\/acrj.org.br\/index.php\/wp-json\/wp\/v2\/types\/post"}],"author":[{"embeddable":true,"href":"https:\/\/acrj.org.br\/index.php\/wp-json\/wp\/v2\/users\/3"}],"replies":[{"embeddable":true,"href":"https:\/\/acrj.org.br\/index.php\/wp-json\/wp\/v2\/comments?post=3705"}],"version-history":[{"count":0,"href":"https:\/\/acrj.org.br\/index.php\/wp-json\/wp\/v2\/posts\/3705\/revisions"}],"wp:featuredmedia":[{"embeddable":true,"href":"https:\/\/acrj.org.br\/index.php\/wp-json\/wp\/v2\/media\/2914"}],"wp:attachment":[{"href":"https:\/\/acrj.org.br\/index.php\/wp-json\/wp\/v2\/media?parent=3705"}],"wp:term":[{"taxonomy":"category","embeddable":true,"href":"https:\/\/acrj.org.br\/index.php\/wp-json\/wp\/v2\/categories?post=3705"},{"taxonomy":"post_tag","embeddable":true,"href":"https:\/\/acrj.org.br\/index.php\/wp-json\/wp\/v2\/tags?post=3705"}],"curies":[{"name":"wp","href":"https:\/\/api.w.org\/{rel}","templated":true}]}}