{"id":36941,"date":"2025-06-27T16:24:12","date_gmt":"2025-06-27T19:24:12","guid":{"rendered":"https:\/\/acrj.org.br\/?p=36941"},"modified":"2025-06-30T18:09:21","modified_gmt":"2025-06-30T21:09:21","slug":"desafios-para-o-rio-de-janeiro-sao-tema-de-debate-na-acrj","status":"publish","type":"post","link":"https:\/\/acrj.org.br\/index.php\/2025\/06\/27\/desafios-para-o-rio-de-janeiro-sao-tema-de-debate-na-acrj\/","title":{"rendered":"Desafios para o Rio de Janeiro s\u00e3o tema de debate na ACRJ"},"content":{"rendered":"\n<p>O presidente da ACRJ, Josier Vilar, recebeu nesta 6\u00aa feira, 27 de junho, a historiadora Marly Motta, a economista Maria Silva Bastos, o professor e economista Mauro Os\u00f3rio e o deputado constituinte Miro Teixeira para debater os erros, acertos e os desafios do Rio de Janeiro ap\u00f3s 65 anos da mudan\u00e7a da capital para Bras\u00edlia e 50 anos da fus\u00e3o do Estado da Guanabara.<\/p>\n\n\n\n<p>Josier Vilar abriu o encontro destacando que n\u00e3o \u00e9 poss\u00edvel esquecer o passado, mas o Rio de Janeiro tem uma hist\u00f3ria que precisa ser valorizada e resgatada, sem o \u00f4nus de ter sido dependente do poder p\u00fablico durante muitos anos.<\/p>\n\n\n\n<figure class=\"wp-block-image size-large is-resized\"><img fetchpriority=\"high\" decoding=\"async\" width=\"1024\" height=\"678\" src=\"https:\/\/acrj.org.br\/wp-content\/uploads\/2025\/06\/josier-1-1024x678.jpg\" alt=\"\" class=\"wp-image-36943\" style=\"width:500px\" srcset=\"https:\/\/acrj.org.br\/wp-content\/uploads\/2025\/06\/josier-1-1024x678.jpg 1024w, https:\/\/acrj.org.br\/wp-content\/uploads\/2025\/06\/josier-1-300x199.jpg 300w, https:\/\/acrj.org.br\/wp-content\/uploads\/2025\/06\/josier-1-768x509.jpg 768w, https:\/\/acrj.org.br\/wp-content\/uploads\/2025\/06\/josier-1-1536x1018.jpg 1536w, https:\/\/acrj.org.br\/wp-content\/uploads\/2025\/06\/josier-1.jpg 1698w\" sizes=\"(max-width: 1024px) 100vw, 1024px\" \/><figcaption class=\"wp-element-caption\"><em>Josier Vilar abriu o encontro<\/em>, <em>ao lado de Miro Teixeira<\/em><\/figcaption><\/figure>\n\n\n\n<p>\u201c\u201cTemos feito aqui na ACRJ um esfor\u00e7o muito grande, particularmente junto a atual administra\u00e7\u00e3o do prefeito Eduardo Paes, no sentido de retomar para o Rio de Janeiro uma refer\u00eancia em inova\u00e7\u00e3o, empreendedorismo, um novo modelo de gest\u00e3o e de governan\u00e7a. Temos muitas voca\u00e7\u00f5es e precisamos criar uma cultura empreendedora na Cidade e no Estado\u201d, disse.<\/p>\n\n\n\n<p>A historiadora Marly Motta fez um contexto hist\u00f3rico dos dois importantes acontecimentos para a cidade e o estado do Rio de Janeiro e destacou que al\u00e9m da mudan\u00e7a administrativa, esses marcos contribu\u00edram, de certa maneira, para uma baixa autoestima das pessoas. \u201cN\u00e3o necessariamente foi administrativamente, mas sim no imagin\u00e1rio. Ao mesmo tempo que h\u00e1 essa baixa autoestima, por outro lado, a gente nunca conseguiu ser um munic\u00edpio como o outro qualquer\u201d disse.<\/p>\n\n\n\n<figure class=\"wp-block-image size-large is-resized\"><img decoding=\"async\" width=\"1024\" height=\"678\" src=\"https:\/\/acrj.org.br\/wp-content\/uploads\/2025\/06\/marly-1024x678.jpg\" alt=\"\" class=\"wp-image-36944\" style=\"width:500px\" srcset=\"https:\/\/acrj.org.br\/wp-content\/uploads\/2025\/06\/marly-1024x678.jpg 1024w, https:\/\/acrj.org.br\/wp-content\/uploads\/2025\/06\/marly-300x199.jpg 300w, https:\/\/acrj.org.br\/wp-content\/uploads\/2025\/06\/marly-768x509.jpg 768w, https:\/\/acrj.org.br\/wp-content\/uploads\/2025\/06\/marly-1536x1018.jpg 1536w, https:\/\/acrj.org.br\/wp-content\/uploads\/2025\/06\/marly.jpg 1698w\" sizes=\"(max-width: 1024px) 100vw, 1024px\" \/><figcaption class=\"wp-element-caption\"><em>A historiadora Marly Motta<\/em><\/figcaption><\/figure>\n\n\n\n<p>Maria Silvia Bastos, atualmente na Secretaria Especial de Grandes Projetos da Prefeitura do Rio, disse que \u00e9 preciso separar ou diferenciar correla\u00e7\u00e3o de causalidade de que uma grande cidade precisa se tornar a capital de um estado para haver uma agrega\u00e7\u00e3o da regi\u00e3o metropolitana. \u201cEmbora a gente tenha se tornado a capital do Rio, ainda temos uma das regi\u00f5es metropolitanas das mais fr\u00e1geis do pa\u00eds. Ou seja, fazer o Rio de Janeiro a capital do estado n\u00e3o transformou a regi\u00e3o metropolitana porque nunca houve um projeto integrado de Rio de Janeiro\u201d, afirmou Maria Silvia.<\/p>\n\n\n\n<p>A transfer\u00eancia da capital do Rio de Janeiro para Bras\u00edlia, oficializada em 21 de abril de 1960, foi uma decis\u00e3o estrat\u00e9gica, idealizada por Juscelino Kubitschek como parte do seu Plano de Metas. Este fato marcou a hist\u00f3ria pol\u00edtico-administrativa e urbana do pa\u00eds, particularmente do Rio de Janeiro, e gerou uma s\u00e9rie de erros, acertos e desafios, que muitos os especialistas dizem alguns deles ainda est\u00e3o em curso atualmente.<\/p>\n\n\n\n<figure class=\"wp-block-image size-large is-resized\"><img decoding=\"async\" width=\"1024\" height=\"678\" src=\"https:\/\/acrj.org.br\/wp-content\/uploads\/2025\/06\/maria-silvia-1024x678.jpg\" alt=\"\" class=\"wp-image-36945\" style=\"width:500px\" srcset=\"https:\/\/acrj.org.br\/wp-content\/uploads\/2025\/06\/maria-silvia-1024x678.jpg 1024w, https:\/\/acrj.org.br\/wp-content\/uploads\/2025\/06\/maria-silvia-300x199.jpg 300w, https:\/\/acrj.org.br\/wp-content\/uploads\/2025\/06\/maria-silvia-768x509.jpg 768w, https:\/\/acrj.org.br\/wp-content\/uploads\/2025\/06\/maria-silvia-1536x1018.jpg 1536w, https:\/\/acrj.org.br\/wp-content\/uploads\/2025\/06\/maria-silvia.jpg 1698w\" sizes=\"(max-width: 1024px) 100vw, 1024px\" \/><figcaption class=\"wp-element-caption\"><em>Maria Silvia Bastos<\/em><\/figcaption><\/figure>\n\n\n\n<p>O economista Mauro Os\u00f3rio ressaltou a dificuldade de entendimento de muitas pessoas sobre quais s\u00e3o os problemas centrais do Rio de Janeiro e, a partir disso, apontar as sa\u00eddas. Segundo ele, a quest\u00e3o \u00e9 pol\u00edtica. \u201cN\u00f3s precisamos mudar a pol\u00edtica no Estado brasileiro. Essa \u00e9 a quest\u00e3o. Esse \u00e9 um ponto absolutamente central que estamos discutindo no Estado brasileiro. Precisamos ter uma agenda. No ponto de vista econ\u00f4mico, eu acho que a ideia de reflexos produtivos, ou sistemas produtivos, \u00e9 muito importante. At\u00e9 porque os servi\u00e7os e ind\u00fastrias s\u00e3o muito flu\u00eddas\u201d, explicou.<\/p>\n\n\n\n<p>Ocorrida em mar\u00e7o de 1975, a fus\u00e3o entre o antigo Estado da Guanabara e o Estado do Rio de Janeiro, tinha como prop\u00f3sito simplificar a estrutura federativa e fortalecer a administra\u00e7\u00e3o regional. No entanto, especialistas apontam que os efeitos dessa unifica\u00e7\u00e3o provocaram desequil\u00edbrios institucionais e os impactos sociais e econ\u00f4micos perduram por cinco d\u00e9cadas.<\/p>\n\n\n\n<figure class=\"wp-block-image size-large is-resized\"><img loading=\"lazy\" decoding=\"async\" width=\"1698\" height=\"956\" src=\"https:\/\/acrj.org.br\/wp-content\/uploads\/2025\/06\/mauro-edited.jpg\" alt=\"\" class=\"wp-image-36947\" style=\"width:500px\" srcset=\"https:\/\/acrj.org.br\/wp-content\/uploads\/2025\/06\/mauro-edited.jpg 1698w, https:\/\/acrj.org.br\/wp-content\/uploads\/2025\/06\/mauro-edited-300x169.jpg 300w, https:\/\/acrj.org.br\/wp-content\/uploads\/2025\/06\/mauro-edited-1024x577.jpg 1024w, https:\/\/acrj.org.br\/wp-content\/uploads\/2025\/06\/mauro-edited-768x432.jpg 768w, https:\/\/acrj.org.br\/wp-content\/uploads\/2025\/06\/mauro-edited-1536x865.jpg 1536w\" sizes=\"(max-width: 1698px) 100vw, 1698px\" \/><figcaption class=\"wp-element-caption\"><em>Mauro Os\u00f3rio<\/em><\/figcaption><\/figure>\n\n\n\n<p>O debate est\u00e1 dispon\u00edvel no Canal ACRJ Divulga no YouTube. <strong><a href=\"https:\/\/youtu.be\/qz5CXr3MBRM\"><mark style=\"background-color:rgba(0, 0, 0, 0)\" class=\"has-inline-color has-vivid-cyan-blue-color\">Acesse aqui<\/mark><\/a><\/strong><\/p>\n\n\n\n<p>Alguns momentos do encontro:<\/p>\n\n\n\n<figure class=\"wp-block-image size-large is-resized\"><img loading=\"lazy\" decoding=\"async\" width=\"1024\" height=\"678\" src=\"https:\/\/acrj.org.br\/wp-content\/uploads\/2025\/06\/gabinete-1024x678.jpg\" alt=\"\" class=\"wp-image-36948\" style=\"width:500px\" srcset=\"https:\/\/acrj.org.br\/wp-content\/uploads\/2025\/06\/gabinete-1024x678.jpg 1024w, https:\/\/acrj.org.br\/wp-content\/uploads\/2025\/06\/gabinete-300x199.jpg 300w, https:\/\/acrj.org.br\/wp-content\/uploads\/2025\/06\/gabinete-768x509.jpg 768w, https:\/\/acrj.org.br\/wp-content\/uploads\/2025\/06\/gabinete-1536x1018.jpg 1536w, https:\/\/acrj.org.br\/wp-content\/uploads\/2025\/06\/gabinete.jpg 1698w\" sizes=\"(max-width: 1024px) 100vw, 1024px\" \/><\/figure>\n\n\n\n<figure class=\"wp-block-image size-large is-resized\"><img loading=\"lazy\" decoding=\"async\" width=\"1024\" height=\"678\" src=\"https:\/\/acrj.org.br\/wp-content\/uploads\/2025\/06\/caetano-1024x678.jpg\" alt=\"\" class=\"wp-image-36949\" style=\"width:500px\" srcset=\"https:\/\/acrj.org.br\/wp-content\/uploads\/2025\/06\/caetano-1024x678.jpg 1024w, https:\/\/acrj.org.br\/wp-content\/uploads\/2025\/06\/caetano-300x199.jpg 300w, https:\/\/acrj.org.br\/wp-content\/uploads\/2025\/06\/caetano-768x509.jpg 768w, https:\/\/acrj.org.br\/wp-content\/uploads\/2025\/06\/caetano-1536x1018.jpg 1536w, https:\/\/acrj.org.br\/wp-content\/uploads\/2025\/06\/caetano.jpg 1698w\" sizes=\"(max-width: 1024px) 100vw, 1024px\" \/><figcaption class=\"wp-element-caption\"><em>Luiz C\u00e9sio Caetano, presidente da Firjan, com o presidente Josier Vilar<\/em><\/figcaption><\/figure>\n\n\n\n<figure class=\"wp-block-image size-large is-resized\"><img loading=\"lazy\" decoding=\"async\" width=\"1024\" height=\"678\" src=\"https:\/\/acrj.org.br\/wp-content\/uploads\/2025\/06\/ruy-1024x678.jpg\" alt=\"\" class=\"wp-image-36958\" style=\"width:500px\" srcset=\"https:\/\/acrj.org.br\/wp-content\/uploads\/2025\/06\/ruy-1024x678.jpg 1024w, https:\/\/acrj.org.br\/wp-content\/uploads\/2025\/06\/ruy-300x199.jpg 300w, https:\/\/acrj.org.br\/wp-content\/uploads\/2025\/06\/ruy-768x509.jpg 768w, https:\/\/acrj.org.br\/wp-content\/uploads\/2025\/06\/ruy-1536x1018.jpg 1536w, https:\/\/acrj.org.br\/wp-content\/uploads\/2025\/06\/ruy.jpg 1698w\" sizes=\"(max-width: 1024px) 100vw, 1024px\" \/><figcaption class=\"wp-element-caption\"><em>Ruy Barreto Filho, presidente do Conselho Superior da ACRJ<\/em><\/figcaption><\/figure>\n\n\n\n<figure class=\"wp-block-image size-large is-resized\"><img loading=\"lazy\" decoding=\"async\" width=\"1024\" height=\"678\" src=\"https:\/\/acrj.org.br\/wp-content\/uploads\/2025\/06\/marta-rocha-1024x678.jpg\" alt=\"\" class=\"wp-image-36951\" style=\"width:500px\" srcset=\"https:\/\/acrj.org.br\/wp-content\/uploads\/2025\/06\/marta-rocha-1024x678.jpg 1024w, https:\/\/acrj.org.br\/wp-content\/uploads\/2025\/06\/marta-rocha-300x199.jpg 300w, https:\/\/acrj.org.br\/wp-content\/uploads\/2025\/06\/marta-rocha-768x509.jpg 768w, https:\/\/acrj.org.br\/wp-content\/uploads\/2025\/06\/marta-rocha-1536x1018.jpg 1536w, https:\/\/acrj.org.br\/wp-content\/uploads\/2025\/06\/marta-rocha.jpg 1698w\" sizes=\"(max-width: 1024px) 100vw, 1024px\" \/><\/figure>\n\n\n\n<figure class=\"wp-block-image size-large is-resized\"><img loading=\"lazy\" decoding=\"async\" width=\"1698\" height=\"956\" src=\"https:\/\/acrj.org.br\/wp-content\/uploads\/2025\/06\/gabinete1-edited.jpg\" alt=\"\" class=\"wp-image-36954\" style=\"width:500px\" srcset=\"https:\/\/acrj.org.br\/wp-content\/uploads\/2025\/06\/gabinete1-edited.jpg 1698w, https:\/\/acrj.org.br\/wp-content\/uploads\/2025\/06\/gabinete1-edited-300x169.jpg 300w, https:\/\/acrj.org.br\/wp-content\/uploads\/2025\/06\/gabinete1-edited-1024x577.jpg 1024w, https:\/\/acrj.org.br\/wp-content\/uploads\/2025\/06\/gabinete1-edited-768x432.jpg 768w, https:\/\/acrj.org.br\/wp-content\/uploads\/2025\/06\/gabinete1-edited-1536x865.jpg 1536w\" sizes=\"(max-width: 1698px) 100vw, 1698px\" \/><\/figure>\n\n\n\n<figure class=\"wp-block-image size-large is-resized\"><img loading=\"lazy\" decoding=\"async\" width=\"1024\" height=\"613\" src=\"https:\/\/acrj.org.br\/wp-content\/uploads\/2025\/06\/Imagem2-1024x613.jpg\" alt=\"\" class=\"wp-image-36956\" style=\"width:500px\" srcset=\"https:\/\/acrj.org.br\/wp-content\/uploads\/2025\/06\/Imagem2-1024x613.jpg 1024w, https:\/\/acrj.org.br\/wp-content\/uploads\/2025\/06\/Imagem2-300x180.jpg 300w, https:\/\/acrj.org.br\/wp-content\/uploads\/2025\/06\/Imagem2-768x460.jpg 768w, https:\/\/acrj.org.br\/wp-content\/uploads\/2025\/06\/Imagem2-1536x919.jpg 1536w, https:\/\/acrj.org.br\/wp-content\/uploads\/2025\/06\/Imagem2.jpg 1698w\" sizes=\"(max-width: 1024px) 100vw, 1024px\" \/><\/figure>\n\n\n\n<figure class=\"wp-block-image size-large is-resized\"><img loading=\"lazy\" decoding=\"async\" width=\"1024\" height=\"678\" src=\"https:\/\/acrj.org.br\/wp-content\/uploads\/2025\/06\/Imagem1-3-1024x678.jpg\" alt=\"\" class=\"wp-image-36950\" style=\"width:500px\" srcset=\"https:\/\/acrj.org.br\/wp-content\/uploads\/2025\/06\/Imagem1-3-1024x678.jpg 1024w, https:\/\/acrj.org.br\/wp-content\/uploads\/2025\/06\/Imagem1-3-300x199.jpg 300w, https:\/\/acrj.org.br\/wp-content\/uploads\/2025\/06\/Imagem1-3-768x509.jpg 768w, https:\/\/acrj.org.br\/wp-content\/uploads\/2025\/06\/Imagem1-3-1536x1018.jpg 1536w, https:\/\/acrj.org.br\/wp-content\/uploads\/2025\/06\/Imagem1-3.jpg 1698w\" sizes=\"(max-width: 1024px) 100vw, 1024px\" \/><\/figure>\n\n\n\n<p><em>Fotos Estefan Radovicz<\/em><\/p>\n","protected":false},"excerpt":{"rendered":"<p>O presidente da ACRJ, Josier Vilar, recebeu nesta 6\u00aa feira, 27 de junho, a historiadora Marly Motta, a economista Maria Silva Bastos, o professor e&hellip;<\/p>\n","protected":false},"author":3,"featured_media":36942,"comment_status":"closed","ping_status":"closed","sticky":false,"template":"","format":"standard","meta":{"_exactmetrics_skip_tracking":false,"_exactmetrics_sitenote_active":false,"_exactmetrics_sitenote_note":"","_exactmetrics_sitenote_category":0,"footnotes":""},"categories":[6,10,1],"tags":[],"class_list":["post-36941","post","type-post","status-publish","format-standard","has-post-thumbnail","hentry","category-destaque_noticias","category-noticias","category-sem-categoria"],"_links":{"self":[{"href":"https:\/\/acrj.org.br\/index.php\/wp-json\/wp\/v2\/posts\/36941","targetHints":{"allow":["GET"]}}],"collection":[{"href":"https:\/\/acrj.org.br\/index.php\/wp-json\/wp\/v2\/posts"}],"about":[{"href":"https:\/\/acrj.org.br\/index.php\/wp-json\/wp\/v2\/types\/post"}],"author":[{"embeddable":true,"href":"https:\/\/acrj.org.br\/index.php\/wp-json\/wp\/v2\/users\/3"}],"replies":[{"embeddable":true,"href":"https:\/\/acrj.org.br\/index.php\/wp-json\/wp\/v2\/comments?post=36941"}],"version-history":[{"count":0,"href":"https:\/\/acrj.org.br\/index.php\/wp-json\/wp\/v2\/posts\/36941\/revisions"}],"wp:featuredmedia":[{"embeddable":true,"href":"https:\/\/acrj.org.br\/index.php\/wp-json\/wp\/v2\/media\/36942"}],"wp:attachment":[{"href":"https:\/\/acrj.org.br\/index.php\/wp-json\/wp\/v2\/media?parent=36941"}],"wp:term":[{"taxonomy":"category","embeddable":true,"href":"https:\/\/acrj.org.br\/index.php\/wp-json\/wp\/v2\/categories?post=36941"},{"taxonomy":"post_tag","embeddable":true,"href":"https:\/\/acrj.org.br\/index.php\/wp-json\/wp\/v2\/tags?post=36941"}],"curies":[{"name":"wp","href":"https:\/\/api.w.org\/{rel}","templated":true}]}}