{"id":36934,"date":"2025-06-27T12:54:39","date_gmt":"2025-06-27T15:54:39","guid":{"rendered":"https:\/\/acrj.org.br\/?p=36934"},"modified":"2025-06-27T14:00:13","modified_gmt":"2025-06-27T17:00:13","slug":"nota-de-pesar-por-suely-mendes-de-almeida","status":"publish","type":"post","link":"https:\/\/acrj.org.br\/index.php\/2025\/06\/27\/nota-de-pesar-por-suely-mendes-de-almeida\/","title":{"rendered":"Nota de Pesar pela Benem\u00e9rita Suely Mendes de Almeida"},"content":{"rendered":"\n<p>Os presidentes do Conselho Superior, Ruy Barreto Filho, e da Associa\u00e7\u00e3o Comercial do Rio de Janeiro (ACRJ), Josier Vilar, e toda sua diretoria lamentam profundamente a perda da Benem\u00e9rita Suely da Costa Velho Mendes de Almeida, membro do Conselho Superior da ACRJ desde 2003. Suely participava das atividades na Casa de Mau\u00e1 desde a d\u00e9cada de 1980.<\/p>\n\n\n\n<p>O presidente Ruy Barreto Filho destacou: &#8220;Nos solidarizamos com a fam\u00edlia Mendes de Almeida, pela perda da nossa amiga e Benem\u00e9rita Suely Mendes de Almeida. A professora Suely foi uma entusiasta da nossa Casa de Mau\u00e1 e teve importante participa\u00e7\u00e3o nas diversas a\u00e7\u00f5es e projetos em favor do empreendedorismo. Dentre os v\u00e1rios momentos de sua participa\u00e7\u00e3o, destaca-se em 1995 ter assumido a presid\u00eancia do Conselho da Mulher Executiva. Um marco na nossa ACRJ que contou com a importante lideran\u00e7a de uma mulher empres\u00e1ria e uma executiva a frente de seu tempo. Que seus ensinamentos se perpetuem e inspirem futuras gera\u00e7\u00f5es.<br>Com os nossos mais profundos&nbsp;sentimentos.&#8221;<\/p>\n","protected":false},"excerpt":{"rendered":"<p>Os presidentes do Conselho Superior, Ruy Barreto Filho, e da Associa\u00e7\u00e3o Comercial do Rio de Janeiro (ACRJ), Josier Vilar, e toda sua diretoria lamentam profundamente&hellip;<\/p>\n","protected":false},"author":1,"featured_media":36769,"comment_status":"closed","ping_status":"closed","sticky":false,"template":"","format":"standard","meta":{"_exactmetrics_skip_tracking":false,"_exactmetrics_sitenote_active":false,"_exactmetrics_sitenote_note":"","_exactmetrics_sitenote_category":0,"footnotes":""},"categories":[16],"tags":[],"class_list":["post-36934","post","type-post","status-publish","format-standard","has-post-thumbnail","hentry","category-interno"],"_links":{"self":[{"href":"https:\/\/acrj.org.br\/index.php\/wp-json\/wp\/v2\/posts\/36934","targetHints":{"allow":["GET"]}}],"collection":[{"href":"https:\/\/acrj.org.br\/index.php\/wp-json\/wp\/v2\/posts"}],"about":[{"href":"https:\/\/acrj.org.br\/index.php\/wp-json\/wp\/v2\/types\/post"}],"author":[{"embeddable":true,"href":"https:\/\/acrj.org.br\/index.php\/wp-json\/wp\/v2\/users\/1"}],"replies":[{"embeddable":true,"href":"https:\/\/acrj.org.br\/index.php\/wp-json\/wp\/v2\/comments?post=36934"}],"version-history":[{"count":0,"href":"https:\/\/acrj.org.br\/index.php\/wp-json\/wp\/v2\/posts\/36934\/revisions"}],"wp:featuredmedia":[{"embeddable":true,"href":"https:\/\/acrj.org.br\/index.php\/wp-json\/wp\/v2\/media\/36769"}],"wp:attachment":[{"href":"https:\/\/acrj.org.br\/index.php\/wp-json\/wp\/v2\/media?parent=36934"}],"wp:term":[{"taxonomy":"category","embeddable":true,"href":"https:\/\/acrj.org.br\/index.php\/wp-json\/wp\/v2\/categories?post=36934"},{"taxonomy":"post_tag","embeddable":true,"href":"https:\/\/acrj.org.br\/index.php\/wp-json\/wp\/v2\/tags?post=36934"}],"curies":[{"name":"wp","href":"https:\/\/api.w.org\/{rel}","templated":true}]}}