{"id":36803,"date":"2025-06-24T10:58:39","date_gmt":"2025-06-24T13:58:39","guid":{"rendered":"https:\/\/acrj.org.br\/?p=36803"},"modified":"2025-06-24T14:56:56","modified_gmt":"2025-06-24T17:56:56","slug":"acrj-recebe-comitiva-da-camara-de-comercio-internacional-da-provincia-chinesa-de-shanxi","status":"publish","type":"post","link":"https:\/\/acrj.org.br\/index.php\/2025\/06\/24\/acrj-recebe-comitiva-da-camara-de-comercio-internacional-da-provincia-chinesa-de-shanxi\/","title":{"rendered":"ACRJ recebe comitiva da C\u00e2mara de Com\u00e9rcio Internacional da prov\u00edncia chinesa de Shanxi"},"content":{"rendered":"\n<p>A ACRJ recebeu nesta 2\u00aa feira (23\/6) uma delega\u00e7\u00e3o com 16 membros do CCPIT da prov\u00edncia chinesa de Shanxi. A comitiva do Conselho chin\u00eas para promo\u00e7\u00e3o do com\u00e9rcio internacional (China Council for the Promotion of International Trade), liderada pelo vice-presidente do Conselho, Mi Bingsheng, foi recebida pelo presidente da ACRJ, Josier Vilar, o 1\u00ba vice-presidente, Laudelino da Costa Mendes Neto, e mais 12 vice-presidentes da Casa de Mau\u00e1.<\/p>\n\n\n\n<p>Ao dar as boas-vindas aos visitantes, Josier Vilar fez uma breve apresenta\u00e7\u00e3o sobre a atua\u00e7\u00e3o da Associa\u00e7\u00e3o Comercial, enquanto os vice-presidentes e os integrantes da comitiva chinesa fizeram uma explana\u00e7\u00e3o sobre suas \u00e1reas de atua\u00e7\u00e3o.<\/p>\n\n\n\n<figure class=\"wp-block-image size-large is-resized\"><img fetchpriority=\"high\" decoding=\"async\" width=\"1024\" height=\"534\" src=\"https:\/\/acrj.org.br\/wp-content\/uploads\/2025\/06\/Imagem1-2-1024x534.jpg\" alt=\"\" class=\"wp-image-36843\" style=\"width:500px\" srcset=\"https:\/\/acrj.org.br\/wp-content\/uploads\/2025\/06\/Imagem1-2-1024x534.jpg 1024w, https:\/\/acrj.org.br\/wp-content\/uploads\/2025\/06\/Imagem1-2-300x156.jpg 300w, https:\/\/acrj.org.br\/wp-content\/uploads\/2025\/06\/Imagem1-2-768x400.jpg 768w, https:\/\/acrj.org.br\/wp-content\/uploads\/2025\/06\/Imagem1-2-1536x800.jpg 1536w, https:\/\/acrj.org.br\/wp-content\/uploads\/2025\/06\/Imagem1-2.jpg 1729w\" sizes=\"(max-width: 1024px) 100vw, 1024px\" \/><figcaption class=\"wp-element-caption\"><em>Josier Vilar prop\u00f4s a formaliza\u00e7\u00e3o de um acordo de coopera\u00e7\u00e3o<\/em><\/figcaption><\/figure>\n\n\n\n<p>Ele destacou as in\u00fameras oportunidades de neg\u00f3cios entre os empres\u00e1rios do Rio de Janeiro e do CCPIT e prop\u00f4s a assinatura de um acordo de coopera\u00e7\u00e3o entre as duas institui\u00e7\u00f5es, criando simbolicamente \u201ca figura das entidades g\u00eameas\u201d, para viabilizar o desenvolvimento e a execu\u00e7\u00e3o de projetos em conjunto. Josier Vilar citou como exemplos, a transfer\u00eancia de tecnologia e o desenvolvimento de neg\u00f3cios para a prov\u00edncia de Shanxi e a cidade do Rio, especialmente no que se refere ao meio ambiente e \u00e0 energia renov\u00e1vel. Josier. E sugeriu a cria\u00e7\u00e3o de comit\u00eas espec\u00edficos para tratar dos diversos assuntos setoriais.<\/p>\n\n\n\n<figure class=\"wp-block-image size-large is-resized\"><img decoding=\"async\" width=\"1842\" height=\"1037\" src=\"https:\/\/acrj.org.br\/wp-content\/uploads\/2025\/06\/josier-e-chines-edited.jpg\" alt=\"\" class=\"wp-image-36808\" style=\"width:500px\" srcset=\"https:\/\/acrj.org.br\/wp-content\/uploads\/2025\/06\/josier-e-chines-edited.jpg 1842w, https:\/\/acrj.org.br\/wp-content\/uploads\/2025\/06\/josier-e-chines-edited-300x169.jpg 300w, https:\/\/acrj.org.br\/wp-content\/uploads\/2025\/06\/josier-e-chines-edited-1024x576.jpg 1024w, https:\/\/acrj.org.br\/wp-content\/uploads\/2025\/06\/josier-e-chines-edited-768x432.jpg 768w, https:\/\/acrj.org.br\/wp-content\/uploads\/2025\/06\/josier-e-chines-edited-1536x865.jpg 1536w\" sizes=\"(max-width: 1842px) 100vw, 1842px\" \/><figcaption class=\"wp-element-caption\"><em>Presidente Josier Vilar e o vice-presidente Mi Bingsheng<\/em><\/figcaption><\/figure>\n\n\n\n<p>\u201cTenho certeza que esta coopera\u00e7\u00e3o t\u00e9cnica e a colabora\u00e7\u00e3o entre os empres\u00e1rios chineses e brasileiros, em especial os que est\u00e3o aqui no Rio de Janeiro, ser\u00e1 muito positiva e vamos encontrar as melhores oportunidades de neg\u00f3cios para ambas as institui\u00e7\u00f5es. Podemos trabalhar juntos em v\u00e1rias \u00e1reas, como sa\u00fade, meio ambiente, inova\u00e7\u00e3o, tecnologia, economia do mar, energia renov\u00e1vel, entre outras&#8221;, afirmou o presidente.<\/p>\n\n\n\n<p>O vice-presidente Mi Bingsheng e os demais integrantes da comitiva ficaram muito entusiasmados com a proposta para a cria\u00e7\u00e3o desses comit\u00eas. O vice-presidente aceitou a sugest\u00e3o do presidente Josier para esta colabora\u00e7\u00e3o m\u00fatua e adiantou que em breve entrar\u00e1 em contato para a formaliza\u00e7\u00e3o deste acordo de coopera\u00e7\u00e3o entre as duas institui\u00e7\u00f5es.<\/p>\n\n\n\n<div class=\"wp-block-group\"><div class=\"wp-block-group__inner-container is-layout-constrained wp-block-group-is-layout-constrained\">\n<figure class=\"wp-block-image size-large is-resized\"><img decoding=\"async\" width=\"1024\" height=\"679\" src=\"https:\/\/acrj.org.br\/wp-content\/uploads\/2025\/06\/josier-e-chines_livro-1-1024x679.jpg\" alt=\"\" class=\"wp-image-36817\" style=\"width:500px\" srcset=\"https:\/\/acrj.org.br\/wp-content\/uploads\/2025\/06\/josier-e-chines_livro-1-1024x679.jpg 1024w, https:\/\/acrj.org.br\/wp-content\/uploads\/2025\/06\/josier-e-chines_livro-1-300x199.jpg 300w, https:\/\/acrj.org.br\/wp-content\/uploads\/2025\/06\/josier-e-chines_livro-1-768x509.jpg 768w, https:\/\/acrj.org.br\/wp-content\/uploads\/2025\/06\/josier-e-chines_livro-1-1536x1019.jpg 1536w, https:\/\/acrj.org.br\/wp-content\/uploads\/2025\/06\/josier-e-chines_livro-1.jpg 2032w\" sizes=\"(max-width: 1024px) 100vw, 1024px\" \/><figcaption class=\"wp-element-caption\"><em>O vice-presidente Mi Bingsheng presenteou o presidente Josier Vilar com <\/em><br><em>um livro sobre a prov\u00edncia de Shanxi <\/em><\/figcaption><\/figure>\n<\/div><\/div>\n\n\n\n<p>O Conselho chin\u00eas \u00e9 uma importante organiza\u00e7\u00e3o da prov\u00edncia de Shanxi que busca promover o com\u00e9rcio exterior, o investimento estrangeiro e a coopera\u00e7\u00e3o econ\u00f4mica e tecnol\u00f3gica entre a China e outros pa\u00edses, incluindo o Brasil. O Conselho tamb\u00e9m \u00e9 conhecido como a C\u00e2mara Chinesa de Com\u00e9rcio Internacional, foi criado em 1952 e faz parte do Minist\u00e9rio do Com\u00e9rcio da China.<\/p>\n\n\n\n<figure class=\"wp-block-image size-large is-resized\"><img loading=\"lazy\" decoding=\"async\" width=\"1024\" height=\"506\" src=\"https:\/\/acrj.org.br\/wp-content\/uploads\/2025\/06\/mesa3-1024x506.jpg\" alt=\"\" class=\"wp-image-36805\" style=\"width:500px\" srcset=\"https:\/\/acrj.org.br\/wp-content\/uploads\/2025\/06\/mesa3-1024x506.jpg 1024w, https:\/\/acrj.org.br\/wp-content\/uploads\/2025\/06\/mesa3-300x148.jpg 300w, https:\/\/acrj.org.br\/wp-content\/uploads\/2025\/06\/mesa3-768x380.jpg 768w, https:\/\/acrj.org.br\/wp-content\/uploads\/2025\/06\/mesa3-1536x759.jpg 1536w, https:\/\/acrj.org.br\/wp-content\/uploads\/2025\/06\/mesa3.jpg 1554w\" sizes=\"(max-width: 1024px) 100vw, 1024px\" \/><\/figure>\n\n\n\n<figure class=\"wp-block-image size-large is-resized\"><img loading=\"lazy\" decoding=\"async\" width=\"1024\" height=\"527\" src=\"https:\/\/acrj.org.br\/wp-content\/uploads\/2025\/06\/mesa1-1024x527.jpg\" alt=\"\" class=\"wp-image-36813\" style=\"width:500px\" srcset=\"https:\/\/acrj.org.br\/wp-content\/uploads\/2025\/06\/mesa1-1024x527.jpg 1024w, https:\/\/acrj.org.br\/wp-content\/uploads\/2025\/06\/mesa1-300x154.jpg 300w, https:\/\/acrj.org.br\/wp-content\/uploads\/2025\/06\/mesa1-768x395.jpg 768w, https:\/\/acrj.org.br\/wp-content\/uploads\/2025\/06\/mesa1-1536x791.jpg 1536w, https:\/\/acrj.org.br\/wp-content\/uploads\/2025\/06\/mesa1.jpg 1548w\" sizes=\"(max-width: 1024px) 100vw, 1024px\" \/><\/figure>\n\n\n\n<figure class=\"wp-block-image size-large is-resized\"><img loading=\"lazy\" decoding=\"async\" width=\"1024\" height=\"461\" src=\"https:\/\/acrj.org.br\/wp-content\/uploads\/2025\/06\/mesa2-1024x461.jpg\" alt=\"\" class=\"wp-image-36814\" style=\"width:500px\" srcset=\"https:\/\/acrj.org.br\/wp-content\/uploads\/2025\/06\/mesa2-1024x461.jpg 1024w, https:\/\/acrj.org.br\/wp-content\/uploads\/2025\/06\/mesa2-300x135.jpg 300w, https:\/\/acrj.org.br\/wp-content\/uploads\/2025\/06\/mesa2-768x346.jpg 768w, https:\/\/acrj.org.br\/wp-content\/uploads\/2025\/06\/mesa2-1536x692.jpg 1536w, https:\/\/acrj.org.br\/wp-content\/uploads\/2025\/06\/mesa2.jpg 2000w\" sizes=\"(max-width: 1024px) 100vw, 1024px\" \/><\/figure>\n\n\n\n<figure class=\"wp-block-image size-large is-resized\"><img loading=\"lazy\" decoding=\"async\" width=\"1602\" height=\"901\" src=\"https:\/\/acrj.org.br\/wp-content\/uploads\/2025\/06\/grupo-edited.jpg\" alt=\"\" class=\"wp-image-36825\" style=\"width:500px\" srcset=\"https:\/\/acrj.org.br\/wp-content\/uploads\/2025\/06\/grupo-edited.jpg 1602w, https:\/\/acrj.org.br\/wp-content\/uploads\/2025\/06\/grupo-edited-300x169.jpg 300w, https:\/\/acrj.org.br\/wp-content\/uploads\/2025\/06\/grupo-edited-1024x576.jpg 1024w, https:\/\/acrj.org.br\/wp-content\/uploads\/2025\/06\/grupo-edited-768x432.jpg 768w, https:\/\/acrj.org.br\/wp-content\/uploads\/2025\/06\/grupo-edited-1536x864.jpg 1536w\" sizes=\"(max-width: 1602px) 100vw, 1602px\" \/><\/figure>\n","protected":false},"excerpt":{"rendered":"<p>A ACRJ recebeu nesta 2\u00aa feira (23\/6) uma delega\u00e7\u00e3o com 16 membros do CCPIT da prov\u00edncia chinesa de Shanxi. A comitiva do Conselho chin\u00eas para&hellip;<\/p>\n","protected":false},"author":3,"featured_media":36804,"comment_status":"closed","ping_status":"closed","sticky":false,"template":"","format":"standard","meta":{"_exactmetrics_skip_tracking":false,"_exactmetrics_sitenote_active":false,"_exactmetrics_sitenote_note":"","_exactmetrics_sitenote_category":0,"footnotes":""},"categories":[6,10],"tags":[],"class_list":["post-36803","post","type-post","status-publish","format-standard","has-post-thumbnail","hentry","category-destaque_noticias","category-noticias"],"_links":{"self":[{"href":"https:\/\/acrj.org.br\/index.php\/wp-json\/wp\/v2\/posts\/36803","targetHints":{"allow":["GET"]}}],"collection":[{"href":"https:\/\/acrj.org.br\/index.php\/wp-json\/wp\/v2\/posts"}],"about":[{"href":"https:\/\/acrj.org.br\/index.php\/wp-json\/wp\/v2\/types\/post"}],"author":[{"embeddable":true,"href":"https:\/\/acrj.org.br\/index.php\/wp-json\/wp\/v2\/users\/3"}],"replies":[{"embeddable":true,"href":"https:\/\/acrj.org.br\/index.php\/wp-json\/wp\/v2\/comments?post=36803"}],"version-history":[{"count":0,"href":"https:\/\/acrj.org.br\/index.php\/wp-json\/wp\/v2\/posts\/36803\/revisions"}],"wp:featuredmedia":[{"embeddable":true,"href":"https:\/\/acrj.org.br\/index.php\/wp-json\/wp\/v2\/media\/36804"}],"wp:attachment":[{"href":"https:\/\/acrj.org.br\/index.php\/wp-json\/wp\/v2\/media?parent=36803"}],"wp:term":[{"taxonomy":"category","embeddable":true,"href":"https:\/\/acrj.org.br\/index.php\/wp-json\/wp\/v2\/categories?post=36803"},{"taxonomy":"post_tag","embeddable":true,"href":"https:\/\/acrj.org.br\/index.php\/wp-json\/wp\/v2\/tags?post=36803"}],"curies":[{"name":"wp","href":"https:\/\/api.w.org\/{rel}","templated":true}]}}