{"id":36768,"date":"2025-06-18T11:19:50","date_gmt":"2025-06-18T14:19:50","guid":{"rendered":"https:\/\/acrj.org.br\/?p=36768"},"modified":"2025-06-19T18:43:38","modified_gmt":"2025-06-19T21:43:38","slug":"nota-de-pesar-14","status":"publish","type":"post","link":"https:\/\/acrj.org.br\/index.php\/2025\/06\/18\/nota-de-pesar-14\/","title":{"rendered":"Nota de Pesar pelo benem\u00e9rito Haroldo Bezerra"},"content":{"rendered":"\n<p>O Conselho Superior, a Presid\u00eancia da Associa\u00e7\u00e3o Comercial do Rio de Janeiro e toda sua diretoria lamentam a perda do benem\u00e9rito Haroldo Bezerra. Com 103 anos de idade, dedicou 48 anos de sua vida \u00e0 ACRJ. Sua primeira participa\u00e7\u00e3o na Associa\u00e7\u00e3o foi em 1971 quando tomou posse como membro do Conselho Diretor. Ao longo desse tempo foi eleito diretor, membro do Conselho Fiscal, integrante do Conselho Empresarial de Economia e vice-presidente. Em 1987 foi eleito benem\u00e9rito. Haroldo Bezerra sempre contribuiu de forma generosa para a preserva\u00e7\u00e3o da hist\u00f3ria e representatividade da ACRJ no Rio de Janeiro e em todo o Brasil.<\/p>\n\n\n\n<p>\u201cHaroldo Bezerra, carinhosamente chamado de Haroldinho ou gravatinha por todos que o conheciam e admiravam a sua alegria, generosidade e maestria. Um homem de qualidades intang\u00edveis, poliglota e profundo conhecedor do Com\u00e9rcio Exterior, atividade que desempenhou ao longo de sua vida profissional. Frequentador ass\u00edduo da Casa de Mau\u00e1, era um paraibano apaixonado pelo Rio. Que seus ensinamentos e li\u00e7\u00f5es de vida sejam um espelho para todos n\u00f3s.\u00a0 Descanse em paz amigo Haroldinho. Aos amigos que tiveram o prazer da sua conviv\u00eancia deixo o meu abra\u00e7o de solidariedade\u201d, disse Ruy Barreto Filho, presidente do Conselho Superior.<\/p>\n","protected":false},"excerpt":{"rendered":"<p>O Conselho Superior, a Presid\u00eancia da Associa\u00e7\u00e3o Comercial do Rio de Janeiro e toda sua diretoria lamentam a perda do benem\u00e9rito Haroldo Bezerra. Com 103&hellip;<\/p>\n","protected":false},"author":3,"featured_media":36769,"comment_status":"closed","ping_status":"closed","sticky":false,"template":"","format":"standard","meta":{"_exactmetrics_skip_tracking":false,"_exactmetrics_sitenote_active":false,"_exactmetrics_sitenote_note":"","_exactmetrics_sitenote_category":0,"footnotes":""},"categories":[10],"tags":[],"class_list":["post-36768","post","type-post","status-publish","format-standard","has-post-thumbnail","hentry","category-noticias"],"_links":{"self":[{"href":"https:\/\/acrj.org.br\/index.php\/wp-json\/wp\/v2\/posts\/36768","targetHints":{"allow":["GET"]}}],"collection":[{"href":"https:\/\/acrj.org.br\/index.php\/wp-json\/wp\/v2\/posts"}],"about":[{"href":"https:\/\/acrj.org.br\/index.php\/wp-json\/wp\/v2\/types\/post"}],"author":[{"embeddable":true,"href":"https:\/\/acrj.org.br\/index.php\/wp-json\/wp\/v2\/users\/3"}],"replies":[{"embeddable":true,"href":"https:\/\/acrj.org.br\/index.php\/wp-json\/wp\/v2\/comments?post=36768"}],"version-history":[{"count":0,"href":"https:\/\/acrj.org.br\/index.php\/wp-json\/wp\/v2\/posts\/36768\/revisions"}],"wp:featuredmedia":[{"embeddable":true,"href":"https:\/\/acrj.org.br\/index.php\/wp-json\/wp\/v2\/media\/36769"}],"wp:attachment":[{"href":"https:\/\/acrj.org.br\/index.php\/wp-json\/wp\/v2\/media?parent=36768"}],"wp:term":[{"taxonomy":"category","embeddable":true,"href":"https:\/\/acrj.org.br\/index.php\/wp-json\/wp\/v2\/categories?post=36768"},{"taxonomy":"post_tag","embeddable":true,"href":"https:\/\/acrj.org.br\/index.php\/wp-json\/wp\/v2\/tags?post=36768"}],"curies":[{"name":"wp","href":"https:\/\/api.w.org\/{rel}","templated":true}]}}