{"id":36674,"date":"2025-06-16T13:49:50","date_gmt":"2025-06-16T16:49:50","guid":{"rendered":"https:\/\/acrj.org.br\/?p=36674"},"modified":"2025-12-01T17:28:33","modified_gmt":"2025-12-01T20:28:33","slug":"presidente-josier-vilar-conselho-superior-e-diretoria-tomam-posse-na-associacao-comercial-do-rio-de-janeiro-acrj","status":"publish","type":"post","link":"https:\/\/acrj.org.br\/index.php\/2025\/06\/16\/presidente-josier-vilar-conselho-superior-e-diretoria-tomam-posse-na-associacao-comercial-do-rio-de-janeiro-acrj\/","title":{"rendered":"Presidente Josier Vilar, Conselho Superior e diretoria tomam posse na Associa\u00e7\u00e3o Comercial do Rio de Janeiro \u2013 ACRJ"},"content":{"rendered":"\n<p>Em uma concorrida cerim\u00f4nia, o m\u00e9dico e empres\u00e1rio Josier Vilar e a nova diretoria da ACRJ foram empossados dia 16 de junho, em cerim\u00f4nia na sede da Casa de Mau\u00e1, pelo presidente do Conselho Superior, Ruy Barreto Filho. Josier Vilar assume o 2\u00ba mandato \u00e0 frente da presid\u00eancia da Associa\u00e7\u00e3o Comercial do Rio de Janeiro para o bi\u00eanio 2025\/27, juntamente com o Conselho Superior, tamb\u00e9m reeleito nas elei\u00e7\u00f5es realizadas em maio deste ano.<\/p>\n\n\n\n<figure class=\"wp-block-image size-large is-resized\"><img fetchpriority=\"high\" decoding=\"async\" width=\"1024\" height=\"678\" src=\"https:\/\/acrj.org.br\/wp-content\/uploads\/2025\/06\/josier-assinando-1024x678.jpeg\" alt=\"\" class=\"wp-image-36692\" style=\"width:500px\" srcset=\"https:\/\/acrj.org.br\/wp-content\/uploads\/2025\/06\/josier-assinando-1024x678.jpeg 1024w, https:\/\/acrj.org.br\/wp-content\/uploads\/2025\/06\/josier-assinando-300x199.jpeg 300w, https:\/\/acrj.org.br\/wp-content\/uploads\/2025\/06\/josier-assinando-768x508.jpeg 768w, https:\/\/acrj.org.br\/wp-content\/uploads\/2025\/06\/josier-assinando-1536x1017.jpeg 1536w, https:\/\/acrj.org.br\/wp-content\/uploads\/2025\/06\/josier-assinando.jpeg 1600w\" sizes=\"(max-width: 1024px) 100vw, 1024px\" \/><figcaption class=\"wp-element-caption\"><em>Assinatura do Termo de Posse<\/em><\/figcaption><\/figure>\n\n\n\n<p>A cerim\u00f4nia contou com a presen\u00e7a representantes do Poder P\u00fablico, como o secret\u00e1rio-Chefe da Casa Civil do Governo do Estado do Rio de Janeiro, Nicola Miccione; o prefeito em exerc\u00edcio da cidade do Rio, Eduardo Cavalieri; o presidente da C\u00e2mara do Vereadores do Rio, Carlo Caiado; o&nbsp; desembargador Henrique Figueiras, representando o presidente do TJ, Ricardo Couto; &nbsp;o presidente do Conselho Superior da Firjan e benem\u00e9rito da ACRJ; Eduardo Eugenio Gouv\u00eaa Vieira; o presidente da Facerj e do Conselho do Sebrae Rio, Robson Carneiro; o superintendente do Sebrae Rio, Ant\u00f4nio Alvarenga, entre outros convidados.<\/p>\n\n\n\n<figure class=\"wp-block-image size-full is-resized\"><img decoding=\"async\" width=\"993\" height=\"559\" src=\"https:\/\/acrj.org.br\/wp-content\/uploads\/2025\/06\/ruy-assinando1-edited.jpeg\" alt=\"\" class=\"wp-image-36696\" style=\"width:500px\" srcset=\"https:\/\/acrj.org.br\/wp-content\/uploads\/2025\/06\/ruy-assinando1-edited.jpeg 993w, https:\/\/acrj.org.br\/wp-content\/uploads\/2025\/06\/ruy-assinando1-edited-300x169.jpeg 300w, https:\/\/acrj.org.br\/wp-content\/uploads\/2025\/06\/ruy-assinando1-edited-768x432.jpeg 768w\" sizes=\"(max-width: 993px) 100vw, 993px\" \/><figcaption class=\"wp-element-caption\"><em>Assinatura do termo de Posse<\/em><\/figcaption><\/figure>\n\n\n\n<p>Tamb\u00e9m tomaram posse, o presidente do Conselho Superior, Ruy Barreto Filho, a vice-presidente do Conselho Superior, Marta Arakaki, e o diretor-secret\u00e1rio, Marco Antonio Moreira Leite, al\u00e9m dos 1\u00ba e 2\u00ba vice-presidentes indicados, Laudelino da Costa Mendes Neto e Alexandre Accioly, respectivamente, vice-presidentes e diretores da Casa de Mau\u00e1.<\/p>\n\n\n\n<figure class=\"wp-block-image size-large is-resized\"><img decoding=\"async\" width=\"1698\" height=\"956\" src=\"https:\/\/acrj.org.br\/wp-content\/uploads\/2025\/06\/conselho-superior-edited.jpg\" alt=\"\" class=\"wp-image-36680\" style=\"width:500px\" srcset=\"https:\/\/acrj.org.br\/wp-content\/uploads\/2025\/06\/conselho-superior-edited.jpg 1698w, https:\/\/acrj.org.br\/wp-content\/uploads\/2025\/06\/conselho-superior-edited-300x169.jpg 300w, https:\/\/acrj.org.br\/wp-content\/uploads\/2025\/06\/conselho-superior-edited-1024x577.jpg 1024w, https:\/\/acrj.org.br\/wp-content\/uploads\/2025\/06\/conselho-superior-edited-768x432.jpg 768w, https:\/\/acrj.org.br\/wp-content\/uploads\/2025\/06\/conselho-superior-edited-1536x865.jpg 1536w\" sizes=\"(max-width: 1698px) 100vw, 1698px\" \/><figcaption class=\"wp-element-caption\"><em>Josier Vilar, Marta Arakaki, Marco Ant\u00f4nio Moreira leite e Ruy Barreto Filho<\/em><\/figcaption><\/figure>\n\n\n\n<figure class=\"wp-block-image size-large is-resized\"><img loading=\"lazy\" decoding=\"async\" width=\"1024\" height=\"678\" src=\"https:\/\/acrj.org.br\/wp-content\/uploads\/2025\/06\/accioly-e-laudelino-1024x678.jpg\" alt=\"\" class=\"wp-image-36681\" style=\"width:500px\" srcset=\"https:\/\/acrj.org.br\/wp-content\/uploads\/2025\/06\/accioly-e-laudelino-1024x678.jpg 1024w, https:\/\/acrj.org.br\/wp-content\/uploads\/2025\/06\/accioly-e-laudelino-300x199.jpg 300w, https:\/\/acrj.org.br\/wp-content\/uploads\/2025\/06\/accioly-e-laudelino-768x509.jpg 768w, https:\/\/acrj.org.br\/wp-content\/uploads\/2025\/06\/accioly-e-laudelino-1536x1018.jpg 1536w, https:\/\/acrj.org.br\/wp-content\/uploads\/2025\/06\/accioly-e-laudelino.jpg 1698w\" sizes=\"(max-width: 1024px) 100vw, 1024px\" \/><figcaption class=\"wp-element-caption\"><em>Laudelino Costa, Josier Vilar e Alexandre Accioly<\/em><\/figcaption><\/figure>\n\n\n\n<p>Em seu discurso para um audit\u00f3rio lotado, Josier Vilar refor\u00e7ou seu compromisso em transformar a ACRJ em uma refer\u00eancia nacional de associa\u00e7\u00e3o empresarial e contribuir para fortalecer, qualificar e ampliar o n\u00famero de microempreendedores de nossa cidade e Estado. Ele ressaltou que \u201ccada presidente que por aqui passa tem a obriga\u00e7\u00e3o de honrar a heran\u00e7a gen\u00e9tica de nossa Associa\u00e7\u00e3o que o Bar\u00e3o de Mau\u00e1, nosso patrono e 3\u00ba presidente, nos legou e do qual somos guardi\u00f5es\u201d. &nbsp;E afirmou que: \u201co quero junto a mim nesse 2\u00ba mandato s\u00e3o parceiros resilientes e determinados para a mesma jornada de esperan\u00e7a\u201d. <\/p>\n\n\n\n<figure class=\"wp-block-image size-large is-resized\"><img loading=\"lazy\" decoding=\"async\" width=\"1024\" height=\"678\" src=\"https:\/\/acrj.org.br\/wp-content\/uploads\/2025\/06\/josier1-1024x678.jpg\" alt=\"\" class=\"wp-image-36683\" style=\"width:500px\" srcset=\"https:\/\/acrj.org.br\/wp-content\/uploads\/2025\/06\/josier1-1024x678.jpg 1024w, https:\/\/acrj.org.br\/wp-content\/uploads\/2025\/06\/josier1-300x199.jpg 300w, https:\/\/acrj.org.br\/wp-content\/uploads\/2025\/06\/josier1-768x509.jpg 768w, https:\/\/acrj.org.br\/wp-content\/uploads\/2025\/06\/josier1-1536x1018.jpg 1536w, https:\/\/acrj.org.br\/wp-content\/uploads\/2025\/06\/josier1.jpg 1698w\" sizes=\"(max-width: 1024px) 100vw, 1024px\" \/><figcaption class=\"wp-element-caption\"><em>Josier Vilar<\/em> <em>faz seu discurso na cerim\u00f4nia<\/em><\/figcaption><\/figure>\n\n\n\n<p>Ele chamou a aten\u00e7\u00e3o para os grandes temas nacionais como seguran\u00e7a p\u00fablica, cuja solu\u00e7\u00e3o \u00e9 fundamental para o Estado do Rio, a Reforma Tribut\u00e1ria, o novo c\u00f3digo civil. &#8220;Agora iniciaremos uma forte discuss\u00e3o sobre a necess\u00e1ria e fundamental implanta\u00e7\u00e3o de uma reforma administrativa que redignifique o servidor p\u00fablico, que transforme a administra\u00e7\u00e3o p\u00fablica em uma estrutura eficiente e a servi\u00e7o do cidad\u00e3o, introduzindo inova\u00e7\u00f5es que permitam entregas de qualidade, impe\u00e7am redund\u00e2ncias e desperd\u00edcios, reduzam a burocracia e garantam um melhor controle dos gastos operacionais, incluindo excessivas e inaceit\u00e1veis vantagens e benef\u00edcios, para que, dessa forma, possamos honrar os impostos e taxas que todos recolhemos para o Estado funcionar a favor da sociedade. Conclamo todos os presentes a estarem conosco nessa maratona do bem e que, juntos, possamos ter uma representatividade cada vez mais forte e uma participa\u00e7\u00e3o mais ativa no ecossistema empresarial do Rio de Janeiro&#8221;, afirmou.<\/p>\n\n\n\n<p><strong><a href=\"https:\/\/acrj.org.br\/wp-content\/uploads\/2025\/06\/DISCURSO-DE-POSSE-2_rev.pdf\"><mark style=\"background-color:rgba(0, 0, 0, 0)\" class=\"has-inline-color has-vivid-cyan-blue-color\">Confira aqui<\/mark><\/a><\/strong> o discurso do presidente Josier Vilar<a href=\"https:\/\/acrj.org.br\/wp-content\/uploads\/2025\/06\/DISCURSO-DE-POSSE-2_rev.pdf\">.<\/a><\/p>\n\n\n\n<p>Durante a cerim\u00f4nia, a ACRJ apresentou alguns projetos que ser\u00e3o lan\u00e7ados a partir deste segundo mandato, entre eles, o <strong>Ninho do Empreendedor<\/strong>, iniciativa em parceria com diversas institui\u00e7\u00f5es p\u00fablicas e privadas, que tem o objetivo de facilitar o acesso a servi\u00e7os e orienta\u00e7\u00f5es para quem deseja empreender, crescer ou formalizar um neg\u00f3cio no estado do Rio de Janeiro. O espa\u00e7o funcionar\u00e1 no anexo ao pr\u00e9dio da ACRJ, no Centro do Rio, e ter\u00e1 atendimento consultivo, coworking, local para mentorias, assessorias e eventos, entre outros.<\/p>\n\n\n\n<p>Tamb\u00e9m foi anunciada a realiza\u00e7\u00e3o da III\u00aa edi\u00e7\u00e3o do <strong>F\u00f3rum Rio Empreendedor<\/strong>, que ser\u00e1 realizada dias 8 e 9 de outubro, que chega cheia de novidades, novos formatos e conex\u00f5es. O tema central desta edi\u00e7\u00e3o \u00e9 \u201cO Rio que queremos \u00e9 o Rio que oferece um mar de oportunidades para quem deseja aqui Viver, Trabalhar, Empreender, Investir e Visitar\u201d.<\/p>\n\n\n\n<p>Foram apresentados o <strong>Projeto Empower Pro<\/strong>, mais uma iniciativa liderada pela ACRJ, em parceria com a Ernest Young, Paramis Capital e Iep\u00ea Comunica\u00e7\u00e3o Estrat\u00e9gica, para oferecer solu\u00e7\u00f5es integradas de servi\u00e7os que alinham efici\u00eancia operacional, comunica\u00e7\u00e3o, marketing e intelig\u00eancia financeira para pequenas e m\u00e9dias empresas com um custo mais acess\u00edvel; e o <strong>Projeto Cr\u00e9dito Carioca<\/strong>, um fundo para concess\u00e3o de microcr\u00e9dito, com a taxas de juros bastante acess\u00edveis e utilizando a plataforma Est\u00edmulo,, voltado para apoio a mulheres empreendedoras e empreendedores em Favelas e periferias.<\/p>\n\n\n\n<p>A cerim\u00f4nia na \u00edntegra est\u00e1 dispon\u00edvel no<strong> Canal ACRJ Divulga no YouTube<\/strong>. <a href=\"https:\/\/youtu.be\/vjgBt8Agsi0\"><strong><mark style=\"background-color:rgba(0, 0, 0, 0)\" class=\"has-inline-color has-vivid-cyan-blue-color\">Acesse aqui<\/mark><\/strong><\/a><\/p>\n\n\n\n<p><strong>PERFIL &#8211; Josier Vilar<\/strong><\/p>\n\n\n\n<p>Formado em Medicina pela Universidade Federal Fluminense (UFF), com P\u00f3s-Gradua\u00e7\u00e3o em Gest\u00e3o de Crise e Governan\u00e7a Corporativa pelo Ibmec, MBA pela Coppead-UFRJ e mestrado em Pneumologia pela Universidade Federal Fluminense (UFF). Organizador do Livro Governan\u00e7a Corporativa em Sa\u00fade e coautor do livro Gest\u00e3o em Servi\u00e7os da Editora FGV. Autor de centenas de artigos sobre governan\u00e7a e gest\u00e3o em sa\u00fade e s\u00f3cio fundador da Pronep Home Care e do IBKL. Possui mais de 30 anos de experi\u00eancia profissional em gest\u00e3o empresarial e atualmente \u00e9 o presidente do Conselho Estrat\u00e9gico da Iniciativa FIS (F\u00f3rum Inova\u00e7\u00e3o e Sa\u00fade), uma organiza\u00e7\u00e3o sem fins lucrativos cujo prop\u00f3sito \u00e9 consolidar o ecossistema da sa\u00fade com foco na garantia de acesso a servi\u00e7os de medicina de qualidade para toda popula\u00e7\u00e3o. \u00c9 benem\u00e9rito da ACRJ e foi presidente do Conselho Empresarial de Medicina e Sa\u00fade da Associa\u00e7\u00e3o. Foi eleito em maio de 2023 para a presid\u00eancia da Associa\u00e7\u00e3o Comercial do Rio de Janeiro e reeleito por unanimidade em maio de 2025, para o bi\u00eanio 2025\/27.<\/p>\n\n\n\n<figure class=\"wp-block-image size-large is-resized\"><img loading=\"lazy\" decoding=\"async\" width=\"1024\" height=\"685\" src=\"https:\/\/acrj.org.br\/wp-content\/uploads\/2025\/06\/cavalieri-1024x685.jpg\" alt=\"\" class=\"wp-image-36686\" style=\"width:500px\" srcset=\"https:\/\/acrj.org.br\/wp-content\/uploads\/2025\/06\/cavalieri-1024x685.jpg 1024w, https:\/\/acrj.org.br\/wp-content\/uploads\/2025\/06\/cavalieri-300x201.jpg 300w, https:\/\/acrj.org.br\/wp-content\/uploads\/2025\/06\/cavalieri-768x514.jpg 768w, https:\/\/acrj.org.br\/wp-content\/uploads\/2025\/06\/cavalieri-1536x1027.jpg 1536w, https:\/\/acrj.org.br\/wp-content\/uploads\/2025\/06\/cavalieri.jpg 1682w\" sizes=\"(max-width: 1024px) 100vw, 1024px\" \/><figcaption class=\"wp-element-caption\"><em>Prefeito em exerc\u00edcio, Eduardo Cavalieri<\/em><\/figcaption><\/figure>\n\n\n\n<figure class=\"wp-block-image size-large is-resized\"><img loading=\"lazy\" decoding=\"async\" width=\"1024\" height=\"615\" src=\"https:\/\/acrj.org.br\/wp-content\/uploads\/2025\/06\/nicola-1024x615.jpg\" alt=\"\" class=\"wp-image-36689\" style=\"width:500px\" srcset=\"https:\/\/acrj.org.br\/wp-content\/uploads\/2025\/06\/nicola-1024x615.jpg 1024w, https:\/\/acrj.org.br\/wp-content\/uploads\/2025\/06\/nicola-300x180.jpg 300w, https:\/\/acrj.org.br\/wp-content\/uploads\/2025\/06\/nicola-768x461.jpg 768w, https:\/\/acrj.org.br\/wp-content\/uploads\/2025\/06\/nicola-1536x922.jpg 1536w, https:\/\/acrj.org.br\/wp-content\/uploads\/2025\/06\/nicola.jpg 1621w\" sizes=\"(max-width: 1024px) 100vw, 1024px\" \/><figcaption class=\"wp-element-caption\"><em>Secret\u00e1rio de Estado da Casa Civil, Nicola Miccione<\/em><\/figcaption><\/figure>\n\n\n\n<figure class=\"wp-block-image size-large is-resized\"><img loading=\"lazy\" decoding=\"async\" width=\"1024\" height=\"678\" src=\"https:\/\/acrj.org.br\/wp-content\/uploads\/2025\/06\/caiado-1024x678.jpg\" alt=\"\" class=\"wp-image-36685\" style=\"width:500px\" srcset=\"https:\/\/acrj.org.br\/wp-content\/uploads\/2025\/06\/caiado-1024x678.jpg 1024w, https:\/\/acrj.org.br\/wp-content\/uploads\/2025\/06\/caiado-300x199.jpg 300w, https:\/\/acrj.org.br\/wp-content\/uploads\/2025\/06\/caiado-768x509.jpg 768w, https:\/\/acrj.org.br\/wp-content\/uploads\/2025\/06\/caiado-1536x1018.jpg 1536w, https:\/\/acrj.org.br\/wp-content\/uploads\/2025\/06\/caiado.jpg 1698w\" sizes=\"(max-width: 1024px) 100vw, 1024px\" \/><figcaption class=\"wp-element-caption\"><em>Presidente da C\u00e2mara, Carlo Caiado<\/em><\/figcaption><\/figure>\n\n\n\n<figure class=\"wp-block-image size-large is-resized\"><img loading=\"lazy\" decoding=\"async\" width=\"2560\" height=\"1441\" src=\"https:\/\/acrj.org.br\/wp-content\/uploads\/2025\/06\/henrique-edited-scaled.jpg\" alt=\"\" class=\"wp-image-36688\" style=\"width:500px\" srcset=\"https:\/\/acrj.org.br\/wp-content\/uploads\/2025\/06\/henrique-edited-scaled.jpg 2560w, https:\/\/acrj.org.br\/wp-content\/uploads\/2025\/06\/henrique-edited-300x169.jpg 300w, https:\/\/acrj.org.br\/wp-content\/uploads\/2025\/06\/henrique-edited-1024x576.jpg 1024w, https:\/\/acrj.org.br\/wp-content\/uploads\/2025\/06\/henrique-edited-768x432.jpg 768w, https:\/\/acrj.org.br\/wp-content\/uploads\/2025\/06\/henrique-edited-1536x864.jpg 1536w, https:\/\/acrj.org.br\/wp-content\/uploads\/2025\/06\/henrique-edited-2048x1152.jpg 2048w\" sizes=\"(max-width: 2560px) 100vw, 2560px\" \/><figcaption class=\"wp-element-caption\"><em>Desembargador Henrique Figueira<\/em><\/figcaption><\/figure>\n\n\n\n<figure class=\"wp-block-image size-large is-resized\"><img loading=\"lazy\" decoding=\"async\" width=\"1024\" height=\"678\" src=\"https:\/\/acrj.org.br\/wp-content\/uploads\/2025\/06\/robson-1024x678.jpg\" alt=\"\" class=\"wp-image-36699\" style=\"width:500px\" srcset=\"https:\/\/acrj.org.br\/wp-content\/uploads\/2025\/06\/robson-1024x678.jpg 1024w, https:\/\/acrj.org.br\/wp-content\/uploads\/2025\/06\/robson-300x199.jpg 300w, https:\/\/acrj.org.br\/wp-content\/uploads\/2025\/06\/robson-768x509.jpg 768w, https:\/\/acrj.org.br\/wp-content\/uploads\/2025\/06\/robson-1536x1018.jpg 1536w, https:\/\/acrj.org.br\/wp-content\/uploads\/2025\/06\/robson.jpg 1698w\" sizes=\"(max-width: 1024px) 100vw, 1024px\" \/><figcaption class=\"wp-element-caption\"><em>Josier Vilar e Robson Carneiro<\/em>, <em>presidente da Facerj e do Conselho do Sebrae Rio<\/em><\/figcaption><\/figure>\n\n\n\n<figure class=\"wp-block-image size-large is-resized\"><img loading=\"lazy\" decoding=\"async\" width=\"1688\" height=\"950\" src=\"https:\/\/acrj.org.br\/wp-content\/uploads\/2025\/06\/ancelmo-EGV-edited.jpg\" alt=\"\" class=\"wp-image-36741\" style=\"width:500px\" srcset=\"https:\/\/acrj.org.br\/wp-content\/uploads\/2025\/06\/ancelmo-EGV-edited.jpg 1688w, https:\/\/acrj.org.br\/wp-content\/uploads\/2025\/06\/ancelmo-EGV-edited-300x169.jpg 300w, https:\/\/acrj.org.br\/wp-content\/uploads\/2025\/06\/ancelmo-EGV-edited-1024x576.jpg 1024w, https:\/\/acrj.org.br\/wp-content\/uploads\/2025\/06\/ancelmo-EGV-edited-768x432.jpg 768w, https:\/\/acrj.org.br\/wp-content\/uploads\/2025\/06\/ancelmo-EGV-edited-1536x864.jpg 1536w\" sizes=\"(max-width: 1688px) 100vw, 1688px\" \/><figcaption class=\"wp-element-caption\"><em>Jornalista Ancelmo Gois, Eduardo Eugenio Gouv\u00eaa Vieira e Josier Vilar<\/em> <br>(Foto: Paula Johas)<\/figcaption><\/figure>\n\n\n\n<figure class=\"wp-block-image size-large is-resized\"><img loading=\"lazy\" decoding=\"async\" width=\"1024\" height=\"678\" src=\"https:\/\/acrj.org.br\/wp-content\/uploads\/2025\/06\/primeira-fila-1024x678.jpg\" alt=\"\" class=\"wp-image-36701\" style=\"width:500px\" srcset=\"https:\/\/acrj.org.br\/wp-content\/uploads\/2025\/06\/primeira-fila-1024x678.jpg 1024w, https:\/\/acrj.org.br\/wp-content\/uploads\/2025\/06\/primeira-fila-300x199.jpg 300w, https:\/\/acrj.org.br\/wp-content\/uploads\/2025\/06\/primeira-fila-768x509.jpg 768w, https:\/\/acrj.org.br\/wp-content\/uploads\/2025\/06\/primeira-fila-1536x1018.jpg 1536w, https:\/\/acrj.org.br\/wp-content\/uploads\/2025\/06\/primeira-fila.jpg 1698w\" sizes=\"(max-width: 1024px) 100vw, 1024px\" \/><\/figure>\n\n\n\n<figure class=\"wp-block-image size-large is-resized\"><img loading=\"lazy\" decoding=\"async\" width=\"1491\" height=\"839\" src=\"https:\/\/acrj.org.br\/wp-content\/uploads\/2025\/06\/ruy-jacyra-edited.jpg\" alt=\"\" class=\"wp-image-36782\" style=\"width:500px\" srcset=\"https:\/\/acrj.org.br\/wp-content\/uploads\/2025\/06\/ruy-jacyra-edited.jpg 1491w, https:\/\/acrj.org.br\/wp-content\/uploads\/2025\/06\/ruy-jacyra-edited-300x169.jpg 300w, https:\/\/acrj.org.br\/wp-content\/uploads\/2025\/06\/ruy-jacyra-edited-1024x576.jpg 1024w, https:\/\/acrj.org.br\/wp-content\/uploads\/2025\/06\/ruy-jacyra-edited-768x432.jpg 768w\" sizes=\"(max-width: 1491px) 100vw, 1491px\" \/><figcaption class=\"wp-element-caption\"><em>O casal<\/em> <em>Bruna Barreto e Ruy Barreto Filho<\/em> <em>com a VP<\/em> <em>Jacyra Lucas <\/em>(c.)<\/figcaption><\/figure>\n\n\n\n<figure class=\"wp-block-image size-large is-resized\"><img loading=\"lazy\" decoding=\"async\" width=\"1024\" height=\"678\" src=\"https:\/\/acrj.org.br\/wp-content\/uploads\/2025\/06\/familia-1-1024x678.jpg\" alt=\"\" class=\"wp-image-36776\" style=\"width:500px\" srcset=\"https:\/\/acrj.org.br\/wp-content\/uploads\/2025\/06\/familia-1-1024x678.jpg 1024w, https:\/\/acrj.org.br\/wp-content\/uploads\/2025\/06\/familia-1-300x199.jpg 300w, https:\/\/acrj.org.br\/wp-content\/uploads\/2025\/06\/familia-1-768x509.jpg 768w, https:\/\/acrj.org.br\/wp-content\/uploads\/2025\/06\/familia-1-1536x1018.jpg 1536w, https:\/\/acrj.org.br\/wp-content\/uploads\/2025\/06\/familia-1.jpg 1698w\" sizes=\"(max-width: 1024px) 100vw, 1024px\" \/><figcaption class=\"wp-element-caption\"><em>Fam\u00edlia do presidente Josier Vilar: Rodrigo, Enoi e Manuela<\/em><\/figcaption><\/figure>\n\n\n\n<figure class=\"wp-block-image size-large is-resized\"><img loading=\"lazy\" decoding=\"async\" width=\"1024\" height=\"678\" src=\"https:\/\/acrj.org.br\/wp-content\/uploads\/2025\/06\/Imagem1-1-1024x678.jpg\" alt=\"\" class=\"wp-image-36778\" style=\"width:500px\" srcset=\"https:\/\/acrj.org.br\/wp-content\/uploads\/2025\/06\/Imagem1-1-1024x678.jpg 1024w, https:\/\/acrj.org.br\/wp-content\/uploads\/2025\/06\/Imagem1-1-300x199.jpg 300w, https:\/\/acrj.org.br\/wp-content\/uploads\/2025\/06\/Imagem1-1-768x509.jpg 768w, https:\/\/acrj.org.br\/wp-content\/uploads\/2025\/06\/Imagem1-1-1536x1018.jpg 1536w, https:\/\/acrj.org.br\/wp-content\/uploads\/2025\/06\/Imagem1-1.jpg 1698w\" sizes=\"(max-width: 1024px) 100vw, 1024px\" \/><\/figure>\n\n\n\n<p><\/p>\n\n\n\n<p><strong><a href=\"https:\/\/drive.google.com\/drive\/folders\/1os9e9lsfQK-EAiu75Wve-SWuYmACj1Rg?usp=sharing\"><mark style=\"background-color:rgba(0, 0, 0, 0)\" class=\"has-inline-color has-vivid-cyan-blue-color\">Confira aqui<\/mark><\/a> as fotos do evento<\/strong><\/p>\n\n\n\n<p><em>Fotos Estefan Radovicz<\/em><\/p>\n\n\n\n<p><\/p>\n","protected":false},"excerpt":{"rendered":"<p>Em uma concorrida cerim\u00f4nia, o m\u00e9dico e empres\u00e1rio Josier Vilar e a nova diretoria da ACRJ foram empossados dia 16 de junho, em cerim\u00f4nia na&hellip;<\/p>\n","protected":false},"author":3,"featured_media":36677,"comment_status":"closed","ping_status":"closed","sticky":false,"template":"","format":"standard","meta":{"_exactmetrics_skip_tracking":false,"_exactmetrics_sitenote_active":false,"_exactmetrics_sitenote_note":"","_exactmetrics_sitenote_category":0,"footnotes":""},"categories":[6,10],"tags":[],"class_list":["post-36674","post","type-post","status-publish","format-standard","has-post-thumbnail","hentry","category-destaque_noticias","category-noticias"],"_links":{"self":[{"href":"https:\/\/acrj.org.br\/index.php\/wp-json\/wp\/v2\/posts\/36674","targetHints":{"allow":["GET"]}}],"collection":[{"href":"https:\/\/acrj.org.br\/index.php\/wp-json\/wp\/v2\/posts"}],"about":[{"href":"https:\/\/acrj.org.br\/index.php\/wp-json\/wp\/v2\/types\/post"}],"author":[{"embeddable":true,"href":"https:\/\/acrj.org.br\/index.php\/wp-json\/wp\/v2\/users\/3"}],"replies":[{"embeddable":true,"href":"https:\/\/acrj.org.br\/index.php\/wp-json\/wp\/v2\/comments?post=36674"}],"version-history":[{"count":0,"href":"https:\/\/acrj.org.br\/index.php\/wp-json\/wp\/v2\/posts\/36674\/revisions"}],"wp:featuredmedia":[{"embeddable":true,"href":"https:\/\/acrj.org.br\/index.php\/wp-json\/wp\/v2\/media\/36677"}],"wp:attachment":[{"href":"https:\/\/acrj.org.br\/index.php\/wp-json\/wp\/v2\/media?parent=36674"}],"wp:term":[{"taxonomy":"category","embeddable":true,"href":"https:\/\/acrj.org.br\/index.php\/wp-json\/wp\/v2\/categories?post=36674"},{"taxonomy":"post_tag","embeddable":true,"href":"https:\/\/acrj.org.br\/index.php\/wp-json\/wp\/v2\/tags?post=36674"}],"curies":[{"name":"wp","href":"https:\/\/api.w.org\/{rel}","templated":true}]}}