{"id":36492,"date":"2025-06-02T11:21:17","date_gmt":"2025-06-02T14:21:17","guid":{"rendered":"https:\/\/acrj.org.br\/?p=36492"},"modified":"2025-06-02T11:25:36","modified_gmt":"2025-06-02T14:25:36","slug":"36492","status":"publish","type":"post","link":"https:\/\/acrj.org.br\/index.php\/2025\/06\/02\/36492\/","title":{"rendered":"Conselheiros recebem o CEO do evento Energy Summit"},"content":{"rendered":"\n<p>O CEO do Energy Summit, Hudson Mendon\u00e7a, fez uma apresenta\u00e7\u00e3o sobre o evento na reuni\u00e3o do Conselho Empresarial de Energia e Transi\u00e7\u00e3o Energ\u00e9tica da ACRJ, dia 30 de maio. Ele apresentou uma pr\u00e9via das tend\u00eancias e tecnologias que ser\u00e3o apresentadas no Summit, que tem o tema \u201cDesbrave o futuro da transi\u00e7\u00e3o energ\u00e9tica\u201d. O evento ser\u00e1 realizado de 24 a 26 de junho e tem o apoio da ACRJ. <strong><a href=\"https:\/\/acrj.org.br\/wp-content\/uploads\/2025\/06\/2025-05-30-Energy_Summit_ACRJ.pdf\">Confira aqui<\/a><\/strong> a apresenta\u00e7\u00e3o completa.<\/p>\n\n\n\n<p>O Energy Summit \u00e9 o principal evento global focado em inova\u00e7\u00e3o e empreendedorismo nos setores de energia e sustentabilidade e contar\u00e1 com a participa\u00e7\u00e3o do presidente do Conselho, Gabriel Krospch, no painel \u201cBiog\u00e1s e G\u00e1s Natural para Mobilidade\u201d, no dia 26\/6, \u00e0s 10h20.<\/p>\n\n\n\n<p>Associados da ACRJ t\u00eam desconto na compra do ingresso, utilizando o C\u00f3digo promocional: 30ACRJ na compra do ingresso Lote5. <strong><a href=\"https:\/\/www.sympla.com.br\/evento\/energy-summit-2025\/2506752?d=APOI-ACRJ-ALL-30\">Acesse aqui<\/a><\/strong><\/p>\n\n\n\n<figure class=\"wp-block-image size-large is-resized\"><img fetchpriority=\"high\" decoding=\"async\" width=\"1024\" height=\"460\" src=\"https:\/\/acrj.org.br\/wp-content\/uploads\/2025\/06\/Imagem1-1024x460.jpg\" alt=\"\" class=\"wp-image-36497\" style=\"width:500px\" srcset=\"https:\/\/acrj.org.br\/wp-content\/uploads\/2025\/06\/Imagem1-1024x460.jpg 1024w, https:\/\/acrj.org.br\/wp-content\/uploads\/2025\/06\/Imagem1-300x135.jpg 300w, https:\/\/acrj.org.br\/wp-content\/uploads\/2025\/06\/Imagem1-768x345.jpg 768w, https:\/\/acrj.org.br\/wp-content\/uploads\/2025\/06\/Imagem1-1536x690.jpg 1536w, https:\/\/acrj.org.br\/wp-content\/uploads\/2025\/06\/Imagem1.jpg 2000w\" sizes=\"(max-width: 1024px) 100vw, 1024px\" \/><figcaption class=\"wp-element-caption\">O CEO do Energy Summit, Hudson Mendon\u00e7a, falou sobre o evento<\/figcaption><\/figure>\n","protected":false},"excerpt":{"rendered":"<p>O CEO do Energy Summit, Hudson Mendon\u00e7a, fez uma apresenta\u00e7\u00e3o sobre o evento na reuni\u00e3o do Conselho Empresarial de Energia e Transi\u00e7\u00e3o Energ\u00e9tica da ACRJ,&hellip;<\/p>\n","protected":false},"author":3,"featured_media":36493,"comment_status":"closed","ping_status":"closed","sticky":false,"template":"","format":"standard","meta":{"_exactmetrics_skip_tracking":false,"_exactmetrics_sitenote_active":false,"_exactmetrics_sitenote_note":"","_exactmetrics_sitenote_category":0,"footnotes":""},"categories":[56,10],"tags":[],"class_list":["post-36492","post","type-post","status-publish","format-standard","has-post-thumbnail","hentry","category-destaque_conselhos","category-noticias"],"_links":{"self":[{"href":"https:\/\/acrj.org.br\/index.php\/wp-json\/wp\/v2\/posts\/36492","targetHints":{"allow":["GET"]}}],"collection":[{"href":"https:\/\/acrj.org.br\/index.php\/wp-json\/wp\/v2\/posts"}],"about":[{"href":"https:\/\/acrj.org.br\/index.php\/wp-json\/wp\/v2\/types\/post"}],"author":[{"embeddable":true,"href":"https:\/\/acrj.org.br\/index.php\/wp-json\/wp\/v2\/users\/3"}],"replies":[{"embeddable":true,"href":"https:\/\/acrj.org.br\/index.php\/wp-json\/wp\/v2\/comments?post=36492"}],"version-history":[{"count":0,"href":"https:\/\/acrj.org.br\/index.php\/wp-json\/wp\/v2\/posts\/36492\/revisions"}],"wp:featuredmedia":[{"embeddable":true,"href":"https:\/\/acrj.org.br\/index.php\/wp-json\/wp\/v2\/media\/36493"}],"wp:attachment":[{"href":"https:\/\/acrj.org.br\/index.php\/wp-json\/wp\/v2\/media?parent=36492"}],"wp:term":[{"taxonomy":"category","embeddable":true,"href":"https:\/\/acrj.org.br\/index.php\/wp-json\/wp\/v2\/categories?post=36492"},{"taxonomy":"post_tag","embeddable":true,"href":"https:\/\/acrj.org.br\/index.php\/wp-json\/wp\/v2\/tags?post=36492"}],"curies":[{"name":"wp","href":"https:\/\/api.w.org\/{rel}","templated":true}]}}