{"id":36487,"date":"2025-05-30T12:42:00","date_gmt":"2025-05-30T15:42:00","guid":{"rendered":"https:\/\/acrj.org.br\/?p=36487"},"modified":"2025-06-11T16:31:53","modified_gmt":"2025-06-11T19:31:53","slug":"acrj-participa-de-entrega-de-equipamentos-a-prf-e-pf-em-projeto-conjunto-com-a-firjan-cnseg-e-empresas-parceiras","status":"publish","type":"post","link":"https:\/\/acrj.org.br\/index.php\/2025\/05\/30\/acrj-participa-de-entrega-de-equipamentos-a-prf-e-pf-em-projeto-conjunto-com-a-firjan-cnseg-e-empresas-parceiras\/","title":{"rendered":"ACRJ participa de entrega de equipamentos \u00e0 PRF em projeto conjunto com a Firjan, CNSeg e empresas parceiras"},"content":{"rendered":"\n<p>Nesta sexta-feira, 30 de maio, o presidente da ACRJ, Josier Vilar, participou de um encontro institucional na sede da Firjan, ao lado do presidente da entidade, Luis C\u00e9sio Caetano; do superintendente da Pol\u00edcia Rodovi\u00e1ria Federal no Rio de Janeiro (PRF), Vitor Almada; o diretor de Servi\u00e7os da CNSeg, Andr\u00e9 Vasco; e representantes de empresas parceiras, para formalizar a entrega de novos equipamentos \u00e0 PRF e \u00e0 Pol\u00edcia Federal (PF), fruto de uma parceria estrat\u00e9gica entre o setor p\u00fablico e o setor produtivo.<\/p>\n\n\n\n<p>O projeto destinou recursos para a PF e a PRF para aquisi\u00e7\u00e3o de c\u00e2meras de vigil\u00e2ncia, equipamentos e servi\u00e7os em pontos cr\u00edticos de rodovias que cortam o Rio de Janeiro, como a BR 040, BR 116, BR 493. A a\u00e7\u00e3o visa combater o roubo de cargas, um dos principais entraves \u00e0 competitividade log\u00edstica e \u00e0 seguran\u00e7a empresarial no estado, ganhar celeridade em a\u00e7\u00f5es de Intelig\u00eancia das duas pol\u00edcias e incrementar as atividades de repress\u00e3o \u00e0 atua\u00e7\u00e3o de fac\u00e7\u00f5es, mil\u00edcias e organiza\u00e7\u00f5es criminosas violentas no estado.<\/p>\n\n\n\n<p>O presidente da ACRJ, Josier Vilar, enfatizou a import\u00e2ncia do papel das pol\u00edcias no resgate da confian\u00e7a da sociedade nas institui\u00e7\u00f5es p\u00fablicas. &#8220;A Pol\u00edcia Rodovi\u00e1ria Federal e a Pol\u00edcia Federal v\u00eam, com m\u00e9rito, recuperando a credibilidade e o reconhecimento p\u00fablico. Esta nossa iniciativa representa um s\u00edmbolo, um gesto de apoio da sociedade empresarial ao esfor\u00e7o di\u00e1rio desses profissionais. \u00c9 tamb\u00e9m uma aposta clara em inova\u00e7\u00e3o, integra\u00e7\u00e3o e efici\u00eancia\u201d, disse.<\/p>\n\n\n\n<p>Ele reafirmou o apoio da ACRJ \u00e0 cria\u00e7\u00e3o do SUSP, o Sistema \u00danico de Seguran\u00e7a P\u00fablica, como meio para integrar dados, unificar informa\u00e7\u00f5es e prever riscos \u00e9 essencial para uma seguran\u00e7a p\u00fablica moderna e eficaz. \u201cNosso compromisso na Associa\u00e7\u00e3o Comercial do Rio \u00e9 com o desenvolvimento seguro, sustent\u00e1vel e integrado do Rio de Janeiro. Vamos continuar, junto com nossos parceiros, como Firjan, atuando como ponte entre o setor produtivo e as institui\u00e7\u00f5es p\u00fablicas, fortalecendo parcerias que gerem impacto positivo para toda a sociedade\u201d, afirmou.<\/p>\n\n\n\n<p>Luis C\u00e9sio Caetano destacou a import\u00e2ncia da integra\u00e7\u00e3o e da confian\u00e7a entre os setores. &#8220;Este projeto \u00e9 resultado direto da colabora\u00e7\u00e3o entre empresas e institui\u00e7\u00f5es p\u00fablicas. \u00c9 um exemplo claro de que, quando se trabalha em conjunto, \u00e9 poss\u00edvel entregar solu\u00e7\u00f5es concretas para desafios como o da seguran\u00e7a p\u00fablica. Estamos falando de um esfor\u00e7o que protege comunidades, neg\u00f3cios e melhora o ambiente de investimentos no Rio de Janeiro.&#8221;<\/p>\n","protected":false},"excerpt":{"rendered":"<p>Nesta sexta-feira, 30 de maio, o presidente da ACRJ, Josier Vilar, participou de um encontro institucional na sede da Firjan, ao lado do presidente da&hellip;<\/p>\n","protected":false},"author":3,"featured_media":36488,"comment_status":"closed","ping_status":"closed","sticky":false,"template":"","format":"standard","meta":{"_exactmetrics_skip_tracking":false,"_exactmetrics_sitenote_active":false,"_exactmetrics_sitenote_note":"","_exactmetrics_sitenote_category":0,"footnotes":""},"categories":[10],"tags":[],"class_list":["post-36487","post","type-post","status-publish","format-standard","has-post-thumbnail","hentry","category-noticias"],"_links":{"self":[{"href":"https:\/\/acrj.org.br\/index.php\/wp-json\/wp\/v2\/posts\/36487","targetHints":{"allow":["GET"]}}],"collection":[{"href":"https:\/\/acrj.org.br\/index.php\/wp-json\/wp\/v2\/posts"}],"about":[{"href":"https:\/\/acrj.org.br\/index.php\/wp-json\/wp\/v2\/types\/post"}],"author":[{"embeddable":true,"href":"https:\/\/acrj.org.br\/index.php\/wp-json\/wp\/v2\/users\/3"}],"replies":[{"embeddable":true,"href":"https:\/\/acrj.org.br\/index.php\/wp-json\/wp\/v2\/comments?post=36487"}],"version-history":[{"count":0,"href":"https:\/\/acrj.org.br\/index.php\/wp-json\/wp\/v2\/posts\/36487\/revisions"}],"wp:featuredmedia":[{"embeddable":true,"href":"https:\/\/acrj.org.br\/index.php\/wp-json\/wp\/v2\/media\/36488"}],"wp:attachment":[{"href":"https:\/\/acrj.org.br\/index.php\/wp-json\/wp\/v2\/media?parent=36487"}],"wp:term":[{"taxonomy":"category","embeddable":true,"href":"https:\/\/acrj.org.br\/index.php\/wp-json\/wp\/v2\/categories?post=36487"},{"taxonomy":"post_tag","embeddable":true,"href":"https:\/\/acrj.org.br\/index.php\/wp-json\/wp\/v2\/tags?post=36487"}],"curies":[{"name":"wp","href":"https:\/\/api.w.org\/{rel}","templated":true}]}}