{"id":36459,"date":"2025-05-26T16:46:23","date_gmt":"2025-05-26T19:46:23","guid":{"rendered":"https:\/\/acrj.org.br\/?p=36459"},"modified":"2025-05-26T18:10:33","modified_gmt":"2025-05-26T21:10:33","slug":"acrj-e-secretaria-de-fazenda-do-estado-do-rio-debatem-parcerias-e-demandas-do-setor-produtivo","status":"publish","type":"post","link":"https:\/\/acrj.org.br\/index.php\/2025\/05\/26\/acrj-e-secretaria-de-fazenda-do-estado-do-rio-debatem-parcerias-e-demandas-do-setor-produtivo\/","title":{"rendered":"ACRJ e Secretaria de Fazenda do Estado debatem parcerias e demandas do setor produtivo"},"content":{"rendered":"\n<p>O presidente da ACRJ, Josier Vilar, recebeu nesta segunda-feira, 26 de maio, o Secret\u00e1rio de Estado de Fazenda do Rio de Janeiro, Juliano Pasqual, e o chefe de Gabinete da pasta, Wagner Tadeu Matiota, para uma reuni\u00e3o estrat\u00e9gica voltada ao fortalecimento do ambiente de neg\u00f3cios no estado. Nesse contexto, o presidente Josier Vilar apresentou ao secret\u00e1rio o projeto da <strong>Loja do Empreendedor<\/strong>, iniciativa que visa facilitar o acesso a servi\u00e7os e orienta\u00e7\u00f5es para quem deseja empreender no estado.<\/p>\n\n\n\n<p>A agenda tamb\u00e9m teve como foco ouvir as demandas dos setores empresariais representados por vice-presidentes e diretores da ACRJ, incluindo varejo, log\u00edstica, transportes e micro e pequenas empresas, entre outros. O objetivo foi apresentar os desafios enfrentados por esses segmentos e propor caminhos conjuntos para solu\u00e7\u00f5es efetivas.<\/p>\n\n\n\n<figure class=\"wp-block-image size-large is-resized\"><img fetchpriority=\"high\" decoding=\"async\" width=\"1024\" height=\"461\" src=\"https:\/\/acrj.org.br\/wp-content\/uploads\/2025\/05\/grupo1-1-1024x461.jpg\" alt=\"\" class=\"wp-image-36464\" style=\"width:500px\" srcset=\"https:\/\/acrj.org.br\/wp-content\/uploads\/2025\/05\/grupo1-1-1024x461.jpg 1024w, https:\/\/acrj.org.br\/wp-content\/uploads\/2025\/05\/grupo1-1-300x135.jpg 300w, https:\/\/acrj.org.br\/wp-content\/uploads\/2025\/05\/grupo1-1-768x345.jpg 768w, https:\/\/acrj.org.br\/wp-content\/uploads\/2025\/05\/grupo1-1-1536x691.jpg 1536w, https:\/\/acrj.org.br\/wp-content\/uploads\/2025\/05\/grupo1-1-2048x921.jpg 2048w\" sizes=\"(max-width: 1024px) 100vw, 1024px\" \/><figcaption class=\"wp-element-caption\"><em>Josier Vilar apresentou ao secret\u00e1rio o projeto da Loja do Empreendedor<\/em><\/figcaption><\/figure>\n\n\n\n<p>Um dos temas centrais discutidos foi a pol\u00edtica de incentivos fiscais do Governo do Estado, considerada essencial para estimular investimentos e promover competitividade, e a renegocia\u00e7\u00e3o da d\u00edvida do Estado do Rio de Janeiro, tema que impacta diretamente na capacidade de investimento do poder p\u00fablico. O encontro tamb\u00e9m abriu espa\u00e7o para debater futuras parcerias institucionais entre a ACRJ e a Secretaria de Fazenda, com foco em projetos que estimulem a formaliza\u00e7\u00e3o de neg\u00f3cios, a gera\u00e7\u00e3o de emprego e renda e o fortalecimento da economia fluminense.<\/p>\n\n\n\n<p>A ACRJ manifestou apoio a solu\u00e7\u00f5es respons\u00e1veis que garantam o equil\u00edbrio fiscal sem comprometer a competitividade do estado. \u201cA reuni\u00e3o refor\u00e7ou o compromisso da ACRJ com o di\u00e1logo institucional, a constru\u00e7\u00e3o de pol\u00edticas p\u00fablicas eficazes e o protagonismo da entidade como ponte entre o setor privado e o poder p\u00fablico\u201d, afirmou Josier Vilar.<\/p>\n\n\n\n<p>Participaram do encontro os vice-presidentes e diretores Eduardo Rebuzzi; Antonio Carlos Mendes Barbosa; S\u00e9rgio Monteiro de Carvalho; Laudelino da Costa Mendes Neto; Juedir Teixeira; Jacyra Lucas (Comunica\u00e7\u00e3o); Th\u00f6r Carvalho; e Rodrigo Vilar.<\/p>\n\n\n\n<figure class=\"wp-block-image size-large is-resized\"><img decoding=\"async\" width=\"1024\" height=\"642\" src=\"https:\/\/acrj.org.br\/wp-content\/uploads\/2025\/05\/grupo-4-1024x642.jpg\" alt=\"\" class=\"wp-image-36461\" style=\"width:500px\" srcset=\"https:\/\/acrj.org.br\/wp-content\/uploads\/2025\/05\/grupo-4-1024x642.jpg 1024w, https:\/\/acrj.org.br\/wp-content\/uploads\/2025\/05\/grupo-4-300x188.jpg 300w, https:\/\/acrj.org.br\/wp-content\/uploads\/2025\/05\/grupo-4-768x482.jpg 768w, https:\/\/acrj.org.br\/wp-content\/uploads\/2025\/05\/grupo-4-1536x964.jpg 1536w, https:\/\/acrj.org.br\/wp-content\/uploads\/2025\/05\/grupo-4-2048x1285.jpg 2048w\" sizes=\"(max-width: 1024px) 100vw, 1024px\" \/><figcaption class=\"wp-element-caption\"><em>Vices-presidentes e diretores da ACRJ debateram o ambiente de neg\u00f3cios no Rio<\/em><br><\/figcaption><\/figure>\n\n\n\n<p><\/p>\n","protected":false},"excerpt":{"rendered":"<p>O presidente da ACRJ, Josier Vilar, recebeu nesta segunda-feira, 26 de maio, o Secret\u00e1rio de Estado de Fazenda do Rio de Janeiro, Juliano Pasqual, e&hellip;<\/p>\n","protected":false},"author":3,"featured_media":36460,"comment_status":"closed","ping_status":"closed","sticky":false,"template":"","format":"standard","meta":{"_exactmetrics_skip_tracking":false,"_exactmetrics_sitenote_active":false,"_exactmetrics_sitenote_note":"","_exactmetrics_sitenote_category":0,"footnotes":""},"categories":[6,10],"tags":[],"class_list":["post-36459","post","type-post","status-publish","format-standard","has-post-thumbnail","hentry","category-destaque_noticias","category-noticias"],"_links":{"self":[{"href":"https:\/\/acrj.org.br\/index.php\/wp-json\/wp\/v2\/posts\/36459","targetHints":{"allow":["GET"]}}],"collection":[{"href":"https:\/\/acrj.org.br\/index.php\/wp-json\/wp\/v2\/posts"}],"about":[{"href":"https:\/\/acrj.org.br\/index.php\/wp-json\/wp\/v2\/types\/post"}],"author":[{"embeddable":true,"href":"https:\/\/acrj.org.br\/index.php\/wp-json\/wp\/v2\/users\/3"}],"replies":[{"embeddable":true,"href":"https:\/\/acrj.org.br\/index.php\/wp-json\/wp\/v2\/comments?post=36459"}],"version-history":[{"count":0,"href":"https:\/\/acrj.org.br\/index.php\/wp-json\/wp\/v2\/posts\/36459\/revisions"}],"wp:featuredmedia":[{"embeddable":true,"href":"https:\/\/acrj.org.br\/index.php\/wp-json\/wp\/v2\/media\/36460"}],"wp:attachment":[{"href":"https:\/\/acrj.org.br\/index.php\/wp-json\/wp\/v2\/media?parent=36459"}],"wp:term":[{"taxonomy":"category","embeddable":true,"href":"https:\/\/acrj.org.br\/index.php\/wp-json\/wp\/v2\/categories?post=36459"},{"taxonomy":"post_tag","embeddable":true,"href":"https:\/\/acrj.org.br\/index.php\/wp-json\/wp\/v2\/tags?post=36459"}],"curies":[{"name":"wp","href":"https:\/\/api.w.org\/{rel}","templated":true}]}}