{"id":36408,"date":"2025-05-19T15:33:50","date_gmt":"2025-05-19T18:33:50","guid":{"rendered":"https:\/\/acrj.org.br\/?p=36408"},"modified":"2025-06-04T17:13:06","modified_gmt":"2025-06-04T20:13:06","slug":"seminario-sobre-reforma-tributaria-e-os-impactos-no-setor-empresarial","status":"publish","type":"post","link":"https:\/\/acrj.org.br\/index.php\/2025\/05\/19\/seminario-sobre-reforma-tributaria-e-os-impactos-no-setor-empresarial\/","title":{"rendered":"Congresso sobre Reforma Tribut\u00e1ria e os impactos no setor empresarial"},"content":{"rendered":"\n<p>A ACRJ promove, dia 6 de junho, a partir das 9h, o congresso sobre Reforma Tribut\u00e1ria, que vai reunir especialistas para abordar, de forma clara e acess\u00edvel, os principais aspectos da Reforma em andamento e seus impactos diretos no setor empresarial.<\/p>\n\n\n\n<p><strong>Confira a programa\u00e7\u00e3o abaixo<\/strong><\/p>\n\n\n\n<p>&#x1f193; O <strong>encontro \u00e9 gratuito<\/strong>, mediante inscri\u00e7\u00e3o pr\u00e9via. &#x1f517; <strong><a href=\"https:\/\/forms.gle\/AzRF5mrXvQFyY86P9\">Acesse aqui <\/a><\/strong>para se inscrever&nbsp;<\/p>\n\n\n\n<p><strong>SERVI\u00c7O<\/strong><\/p>\n\n\n\n<p>&#x1f5d3;&#xfe0f; Data: 06\/6\/2025<\/p>\n\n\n\n<p>&#x1f552; Hor\u00e1rio: 9h<\/p>\n\n\n\n<p>&#x1f3e2; Local: Sede da Associa\u00e7\u00e3o Comercial do RJ &#8211; ACRJ &#8211; Rua Candel\u00e1ria, 9\/14\u00ba andar &#8211; Centro &#8211; RJ<\/p>\n\n\n\n<p>&#x260e; Informa\u00e7\u00f5es: 2514-1203<\/p>\n\n\n\n<p>O evento \u00e9 uma realiza\u00e7\u00e3o da ACRJ, com patroc\u00ednio de Costa Barros Advogados, Gaia Silva Gaede Advogados, Gandra Pi\u00e1 Advogados, G Schwartz Advogados e Prio3.<\/p>\n\n\n\n<div class=\"wp-block-columns is-layout-flex wp-container-core-columns-is-layout-9d6595d7 wp-block-columns-is-layout-flex\">\n<div class=\"wp-block-column is-layout-flow wp-block-column-is-layout-flow\">\n<figure class=\"wp-block-gallery has-nested-images columns-2 is-cropped wp-block-gallery-1 is-layout-flex wp-block-gallery-is-layout-flex\">\n<figure class=\"wp-block-image size-large\"><img fetchpriority=\"high\" decoding=\"async\" width=\"819\" height=\"1024\" data-id=\"36513\" src=\"https:\/\/acrj.org.br\/wp-content\/uploads\/2025\/05\/Insta2-1-819x1024.jpeg\" alt=\"\" class=\"wp-image-36513\" srcset=\"https:\/\/acrj.org.br\/wp-content\/uploads\/2025\/05\/Insta2-1-819x1024.jpeg 819w, https:\/\/acrj.org.br\/wp-content\/uploads\/2025\/05\/Insta2-1-240x300.jpeg 240w, https:\/\/acrj.org.br\/wp-content\/uploads\/2025\/05\/Insta2-1-768x960.jpeg 768w, https:\/\/acrj.org.br\/wp-content\/uploads\/2025\/05\/Insta2-1.jpeg 1080w\" sizes=\"(max-width: 819px) 100vw, 819px\" \/><\/figure>\n\n\n\n<figure class=\"wp-block-image size-large\"><img decoding=\"async\" width=\"819\" height=\"1024\" data-id=\"36515\" src=\"https:\/\/acrj.org.br\/wp-content\/uploads\/2025\/05\/Insta3-1-819x1024.jpeg\" alt=\"\" class=\"wp-image-36515\" srcset=\"https:\/\/acrj.org.br\/wp-content\/uploads\/2025\/05\/Insta3-1-819x1024.jpeg 819w, https:\/\/acrj.org.br\/wp-content\/uploads\/2025\/05\/Insta3-1-240x300.jpeg 240w, https:\/\/acrj.org.br\/wp-content\/uploads\/2025\/05\/Insta3-1-768x960.jpeg 768w, https:\/\/acrj.org.br\/wp-content\/uploads\/2025\/05\/Insta3-1.jpeg 1080w\" sizes=\"(max-width: 819px) 100vw, 819px\" \/><\/figure>\n\n\n\n<figure class=\"wp-block-image size-large\"><img decoding=\"async\" width=\"819\" height=\"1024\" data-id=\"36523\" src=\"https:\/\/acrj.org.br\/wp-content\/uploads\/2025\/05\/Insta4-3-819x1024.jpeg\" alt=\"\" class=\"wp-image-36523\" srcset=\"https:\/\/acrj.org.br\/wp-content\/uploads\/2025\/05\/Insta4-3-819x1024.jpeg 819w, https:\/\/acrj.org.br\/wp-content\/uploads\/2025\/05\/Insta4-3-240x300.jpeg 240w, https:\/\/acrj.org.br\/wp-content\/uploads\/2025\/05\/Insta4-3-768x960.jpeg 768w, https:\/\/acrj.org.br\/wp-content\/uploads\/2025\/05\/Insta4-3.jpeg 1080w\" sizes=\"(max-width: 819px) 100vw, 819px\" \/><\/figure>\n\n\n\n<figure class=\"wp-block-image size-full\"><img loading=\"lazy\" decoding=\"async\" width=\"1080\" height=\"1350\" data-id=\"36522\" src=\"https:\/\/acrj.org.br\/wp-content\/uploads\/2025\/05\/Insta5-2.jpeg\" alt=\"\" class=\"wp-image-36522\" srcset=\"https:\/\/acrj.org.br\/wp-content\/uploads\/2025\/05\/Insta5-2.jpeg 1080w, https:\/\/acrj.org.br\/wp-content\/uploads\/2025\/05\/Insta5-2-240x300.jpeg 240w, https:\/\/acrj.org.br\/wp-content\/uploads\/2025\/05\/Insta5-2-819x1024.jpeg 819w, https:\/\/acrj.org.br\/wp-content\/uploads\/2025\/05\/Insta5-2-768x960.jpeg 768w\" sizes=\"(max-width: 1080px) 100vw, 1080px\" \/><\/figure>\n<\/figure>\n<\/div>\n\n\n\n<div class=\"wp-block-column is-layout-flow wp-block-column-is-layout-flow\"><\/div>\n<\/div>\n","protected":false},"excerpt":{"rendered":"<p>A ACRJ promove, dia 6 de junho, a partir das 9h, o congresso sobre Reforma Tribut\u00e1ria, que vai reunir especialistas para abordar, de forma clara&hellip;<\/p>\n","protected":false},"author":3,"featured_media":36511,"comment_status":"closed","ping_status":"closed","sticky":false,"template":"","format":"standard","meta":{"_exactmetrics_skip_tracking":false,"_exactmetrics_sitenote_active":false,"_exactmetrics_sitenote_note":"","_exactmetrics_sitenote_category":0,"footnotes":""},"categories":[55,83],"tags":[],"class_list":["post-36408","post","type-post","status-publish","format-standard","has-post-thumbnail","hentry","category-destaque_eventos","category-eventos_acrj"],"_links":{"self":[{"href":"https:\/\/acrj.org.br\/index.php\/wp-json\/wp\/v2\/posts\/36408","targetHints":{"allow":["GET"]}}],"collection":[{"href":"https:\/\/acrj.org.br\/index.php\/wp-json\/wp\/v2\/posts"}],"about":[{"href":"https:\/\/acrj.org.br\/index.php\/wp-json\/wp\/v2\/types\/post"}],"author":[{"embeddable":true,"href":"https:\/\/acrj.org.br\/index.php\/wp-json\/wp\/v2\/users\/3"}],"replies":[{"embeddable":true,"href":"https:\/\/acrj.org.br\/index.php\/wp-json\/wp\/v2\/comments?post=36408"}],"version-history":[{"count":0,"href":"https:\/\/acrj.org.br\/index.php\/wp-json\/wp\/v2\/posts\/36408\/revisions"}],"wp:featuredmedia":[{"embeddable":true,"href":"https:\/\/acrj.org.br\/index.php\/wp-json\/wp\/v2\/media\/36511"}],"wp:attachment":[{"href":"https:\/\/acrj.org.br\/index.php\/wp-json\/wp\/v2\/media?parent=36408"}],"wp:term":[{"taxonomy":"category","embeddable":true,"href":"https:\/\/acrj.org.br\/index.php\/wp-json\/wp\/v2\/categories?post=36408"},{"taxonomy":"post_tag","embeddable":true,"href":"https:\/\/acrj.org.br\/index.php\/wp-json\/wp\/v2\/tags?post=36408"}],"curies":[{"name":"wp","href":"https:\/\/api.w.org\/{rel}","templated":true}]}}