{"id":36397,"date":"2025-05-16T13:09:24","date_gmt":"2025-05-16T16:09:24","guid":{"rendered":"https:\/\/acrj.org.br\/?p=36397"},"modified":"2025-05-19T11:40:03","modified_gmt":"2025-05-19T14:40:03","slug":"membros-dos-conselhos-diretor-e-fiscal-sao-eleitos-na-acrj","status":"publish","type":"post","link":"https:\/\/acrj.org.br\/index.php\/2025\/05\/16\/membros-dos-conselhos-diretor-e-fiscal-sao-eleitos-na-acrj\/","title":{"rendered":"Membros dos Conselhos Diretor e Fiscal s\u00e3o eleitos na ACRJ"},"content":{"rendered":"\n<p>O presidente da ACRJ, Josier Vilar, abriu nesta 6\u00aa feira, 16 de maio, a reuni\u00e3o da Assembleia Geral Ordin\u00e1ria, que elegeu os 100 membros do Conselho Diretor e os oito do Conselho Fiscal e suplentes para o Bi\u00eanio 2025\/2027. Os vice-presidentes Laudelino da Costa Mendes Neto e \u00c1ureo Ricardo Salles foram indicados para presidir e secretariar a reuni\u00e3o, respectivamente, com apoio do associado Thor Carvalho.<\/p>\n\n\n\n<p>A sess\u00e3o foi realizada na sede da Associa\u00e7\u00e3o Comercial do Rio de Janeiro e a chapa foi eleita por unanimidade. A vota\u00e7\u00e3o ocorreu das 11h \u00e0s 17h. A posse da Presid\u00eancia e dos novos membros do Conselho Diretor e do Conselho Fiscal e suplentes eleitos ser\u00e1 realizada no dia 16 de junho.<\/p>\n\n\n\n<p><strong>Compromisso com o futuro<\/strong><\/p>\n\n\n\n<p>Na abertura da reuni\u00e3o, o presidente reeleito no pleito realizado no dia anterior, Josier Vilar, reafirmou que o compromisso de sua diretoria, desde ent\u00e3o, tem sido o de reconstruir a confian\u00e7a, apoiar a retomada e defender os interesses leg\u00edtimos da iniciativa privada fluminense, com foco na gera\u00e7\u00e3o de empregos, atra\u00e7\u00e3o de investimentos e reestrutura\u00e7\u00e3o do ambiente de neg\u00f3cios da cidade e do estado.<\/p>\n\n\n\n<p>\u201cNeste \u00faltimo mandato que agora se inicia, quero deixar um legado s\u00f3lido. Estamos alinhando a ACRJ aos novos tempos, com foco em inova\u00e7\u00e3o, sustentabilidade e responsabilidade clim\u00e1tica, sem abrir m\u00e3o da tradi\u00e7\u00e3o e da representatividade que sempre marcaram a Casa de Mau\u00e1\u201d, afirmou Josier Vilar.<\/p>\n\n\n\n<p><strong>NOVA DIRETORIA ELEITA<\/strong><\/p>\n\n\n\n<p><strong><mark style=\"background-color:rgba(0, 0, 0, 0);color:#d39d09\" class=\"has-inline-color\">CONSELHO DIRETOR<\/mark><\/strong><\/p>\n\n\n\n<p>Alessandra Aranha Monnerat<\/p>\n\n\n\n<p>Alexandre Accioly Rocha<\/p>\n\n\n\n<p>Alexandre Nogueira Ferreira<\/p>\n\n\n\n<p>Alu\u00edsio de Souza Sobreira<\/p>\n\n\n\n<p>Ana Carolina Gandra Pi\u00e1 de Andrade<\/p>\n\n\n\n<p>Ant\u00f4nio Carlos Mendes Barbosa<\/p>\n\n\n\n<p>Antonio Carlos Worms Till<\/p>\n\n\n\n<p>Armando Galhardo Nunes Guerra Junior<\/p>\n\n\n\n<p>Asp\u00e1sia Brasileiro Alc\u00e2ntara de Camargo<\/p>\n\n\n\n<p>Carlos Alberto M\u00fcller<\/p>\n\n\n\n<p>Carlos Eduardo Saraiva Molina<\/p>\n\n\n\n<p>Carlos Guilherme Monteiro Werneck<\/p>\n\n\n\n<p>C\u00e9lia Regina Gomes<\/p>\n\n\n\n<p>Celina Gra\u00e7a Barreira Lopes de Farias<\/p>\n\n\n\n<p>Claudio Andr\u00e9 Padilha de Castro<\/p>\n\n\n\n<p>Claudio Dutra de Aboim<\/p>\n\n\n\n<p>Claudio Mauricio Zyngier<\/p>\n\n\n\n<p>Cristiana Coutinho Beltr\u00e3o<\/p>\n\n\n\n<p>Cristiano Buarque Franco Neto<\/p>\n\n\n\n<p>Daltro de Campos Borges Filho<\/p>\n\n\n\n<p>Daniela Alves Portugal Duque Estrada<\/p>\n\n\n\n<p>David Zylbersztajn<\/p>\n\n\n\n<p>Deise Ferreira Ciribelli<\/p>\n\n\n\n<p>Delmo Manoel Pinho<\/p>\n\n\n\n<p>Denizar Vianna Araujo<\/p>\n\n\n\n<p>Eric Dannemann Lundgren<\/p>\n\n\n\n<p>Fabiana Gracindo Bentes de Rengifo<\/p>\n\n\n\n<p>Felipe Diuana Mussalem<\/p>\n\n\n\n<p>Fernando Cariola Travassos<\/p>\n\n\n\n<p>Fernando da Silva Veloso<\/p>\n\n\n\n<p>Fernando Hermont&nbsp; Blower Passos<\/p>\n\n\n\n<p>Francis Bogossian<\/p>\n\n\n\n<p>Frederico Derzie Luz<\/p>\n\n\n\n<p>Gabriel Junqueira Kropsch<\/p>\n\n\n\n<p>George Neder Cardoso<\/p>\n\n\n\n<p>Germana Lyra Bahr<\/p>\n\n\n\n<p>Gerson Stocco de Siqueira<\/p>\n\n\n\n<p>Gilney Penna Bastos<\/p>\n\n\n\n<p>Gilson Freitas de Souza<\/p>\n\n\n\n<p>Guilherme Ramalho<\/p>\n\n\n\n<p>Gustavo Magalh\u00e3es Fagundes<\/p>\n\n\n\n<p>Helio Meirelles Cardoso<\/p>\n\n\n\n<p>Henrique Alberto Portella Pasqualette<\/p>\n\n\n\n<p>Jo\u00e3o Marcello Lopes Barreto da Costa<\/p>\n\n\n\n<p>Jorge Lob\u00e3o<\/p>\n\n\n\n<p>Jorge Murilo dos Santos Correa<\/p>\n\n\n\n<p>Jos\u00e9 Ot\u00e1vio Carneiro Carvalho<\/p>\n\n\n\n<p>Jos\u00e9 Roberto Tadros<\/p>\n\n\n\n<p>Julio Cesar Urdangarin Batista Junior<\/p>\n\n\n\n<p>Leonardo Salles de Barros<\/p>\n\n\n\n<p>Luciano Medrado Cruz Porto<\/p>\n\n\n\n<p>Luciano Oz\u00f3rio Rosa<\/p>\n\n\n\n<p>Luciano Saldanha Coelho<\/p>\n\n\n\n<p>Luis Augusto Tavares Russo<\/p>\n\n\n\n<p>Lu\u00eds Guillermo D\u00edez Atienza<\/p>\n\n\n\n<p>Luiz C\u00e9sio de Souza Caetano Alves<\/p>\n\n\n\n<p>Luiz Eduardo da Rocha<\/p>\n\n\n\n<p>Luiz Felizardo Barroso<\/p>\n\n\n\n<p>Marcelo Baptista Carvalho<\/p>\n\n\n\n<p>Marcelo Fernandez Trindade<\/p>\n\n\n\n<p>Marcelo Henriques de Brito<\/p>\n\n\n\n<p>M\u00e1rcia Regina Alonso Pfisterer<\/p>\n\n\n\n<p>M\u00e1rcio Jo\u00e3o de Andrade Fortes<\/p>\n\n\n\n<p>Marcio Lacs<\/p>\n\n\n\n<p>M\u00e1rcio Ser\u00f4a de Ara\u00fajo Coriolano<\/p>\n\n\n\n<p>Marco Ren\u00f3<\/p>\n\n\n\n<p>Maria Eugenia Stein<\/p>\n\n\n\n<p>Maria Luiza Corker Cardoso Nobre de Almeida<\/p>\n\n\n\n<p>M\u00e1rio Pereira Lopes<\/p>\n\n\n\n<p>Michelle Novais Freitas do Amaral<\/p>\n\n\n\n<p>Nestor Guimar\u00e3es Martins da Rocha<\/p>\n\n\n\n<p>Ney Robinson Suassuna<\/p>\n\n\n\n<p>Olga Cortes Rabelo Le\u00e3o Simbalista<\/p>\n\n\n\n<p>Patr\u00edcia Diniz Barcellos Corr\u00eaa<\/p>\n\n\n\n<p>Paulo Antonio de Lello<\/p>\n\n\n\n<p>Paulo Dias Piz\u00e3o<\/p>\n\n\n\n<p>Pedro Cesario Cirillo<\/p>\n\n\n\n<p>Pedro Rafael Perez Rojas Mariano de Azevedo<\/p>\n\n\n\n<p>Renato Ferreira Mota<\/p>\n\n\n\n<p>Ricardo Haddad<\/p>\n\n\n\n<p>Ricardo Piquet Barreira Gon\u00e7alves<\/p>\n\n\n\n<p>Ricardo Vieira Lima Magalh\u00e3es Gondim<\/p>\n\n\n\n<p>Roberto Godinho Lopes<\/p>\n\n\n\n<p>Roberto Werner Mathias<\/p>\n\n\n\n<p>Rodrigo Jo\u00e3o Guedes Vilar<\/p>\n\n\n\n<p>Ronaldo Goytacaz Cavalheiro<\/p>\n\n\n\n<p>Rosa Maria Cassar de Oliveira<\/p>\n\n\n\n<p>Sandro Roberto Fernandes<\/p>\n\n\n\n<p>Sergio Gomes Malta<\/p>\n\n\n\n<p>S\u00e9rgio Gusman<\/p>\n\n\n\n<p>S\u00e9rgio Peres Martins Vianna<\/p>\n\n\n\n<p>Sheila Mayra Lustoza de Souza Lovatti<\/p>\n\n\n\n<p>Tatiana Loureiro Binato de Castro Miccione<\/p>\n\n\n\n<p>Th\u00f6r Silva Carvalho<\/p>\n\n\n\n<p>Vanda Maria Mangia Klabin<\/p>\n\n\n\n<p>Vander Aloisio Giordano<\/p>\n\n\n\n<p>Victor Avelino da Mota<\/p>\n\n\n\n<p>Vinicius Feitosa Pimenta<\/p>\n\n\n\n<p>Vitor Ferreira Alves de Brito<\/p>\n\n\n\n<p>Yvonne Bezerra de Mello<\/p>\n\n\n\n<p><strong><mark style=\"background-color:rgba(0, 0, 0, 0);color:#d39d09\" class=\"has-inline-color\">CONSELHO FISCAL<\/mark><\/strong> <\/p>\n\n\n\n<p><strong>Efetivos<\/strong><\/p>\n\n\n\n<p>Abel Mendes Pinheiro J\u00fanior<\/p>\n\n\n\n<p>Claudia M. B. Silva Duranti<\/p>\n\n\n\n<p>Corintho de Arruda Falc\u00e3o Filho<\/p>\n\n\n\n<p>Eduardo Costa Garcia<\/p>\n\n\n\n<p>Ney Roberto Ottoni de Brito<\/p>\n\n\n\n<p><strong>Suplentes<\/strong><\/p>\n\n\n\n<p>Cheryl Berno<\/p>\n\n\n\n<p>Pulucena Pereira Medeiros Malta Silva<\/p>\n\n\n\n<p>Rodrigo Moura Faria Verdini<\/p>\n","protected":false},"excerpt":{"rendered":"<p>O presidente da ACRJ, Josier Vilar, abriu nesta 6\u00aa feira, 16 de maio, a reuni\u00e3o da Assembleia Geral Ordin\u00e1ria, que elegeu os 100 membros do&hellip;<\/p>\n","protected":false},"author":3,"featured_media":36399,"comment_status":"closed","ping_status":"closed","sticky":false,"template":"","format":"standard","meta":{"_exactmetrics_skip_tracking":false,"_exactmetrics_sitenote_active":false,"_exactmetrics_sitenote_note":"","_exactmetrics_sitenote_category":0,"footnotes":""},"categories":[10],"tags":[],"class_list":["post-36397","post","type-post","status-publish","format-standard","has-post-thumbnail","hentry","category-noticias"],"_links":{"self":[{"href":"https:\/\/acrj.org.br\/index.php\/wp-json\/wp\/v2\/posts\/36397","targetHints":{"allow":["GET"]}}],"collection":[{"href":"https:\/\/acrj.org.br\/index.php\/wp-json\/wp\/v2\/posts"}],"about":[{"href":"https:\/\/acrj.org.br\/index.php\/wp-json\/wp\/v2\/types\/post"}],"author":[{"embeddable":true,"href":"https:\/\/acrj.org.br\/index.php\/wp-json\/wp\/v2\/users\/3"}],"replies":[{"embeddable":true,"href":"https:\/\/acrj.org.br\/index.php\/wp-json\/wp\/v2\/comments?post=36397"}],"version-history":[{"count":0,"href":"https:\/\/acrj.org.br\/index.php\/wp-json\/wp\/v2\/posts\/36397\/revisions"}],"wp:featuredmedia":[{"embeddable":true,"href":"https:\/\/acrj.org.br\/index.php\/wp-json\/wp\/v2\/media\/36399"}],"wp:attachment":[{"href":"https:\/\/acrj.org.br\/index.php\/wp-json\/wp\/v2\/media?parent=36397"}],"wp:term":[{"taxonomy":"category","embeddable":true,"href":"https:\/\/acrj.org.br\/index.php\/wp-json\/wp\/v2\/categories?post=36397"},{"taxonomy":"post_tag","embeddable":true,"href":"https:\/\/acrj.org.br\/index.php\/wp-json\/wp\/v2\/tags?post=36397"}],"curies":[{"name":"wp","href":"https:\/\/api.w.org\/{rel}","templated":true}]}}