{"id":36392,"date":"2025-05-16T10:20:56","date_gmt":"2025-05-16T13:20:56","guid":{"rendered":"https:\/\/acrj.org.br\/?p=36392"},"modified":"2025-05-22T17:02:51","modified_gmt":"2025-05-22T20:02:51","slug":"palestra-sem-medo-de-investir-na-bolsa-2","status":"publish","type":"post","link":"https:\/\/acrj.org.br\/index.php\/2025\/05\/16\/palestra-sem-medo-de-investir-na-bolsa-2\/","title":{"rendered":"Palestra \u201cSem medo de investir na bolsa\u201d"},"content":{"rendered":"\n<p>A ACRJ promove, dia 29 de maio, \u00e0s 10h, um encontro para desmistificar o mercado de a\u00e7\u00f5es no Brasil, que ainda enfrenta desafios para se tornar mais popular entre os investidores individuais. Algumas raz\u00f5es para isso incluem a baixa educa\u00e7\u00e3o financeira e a cultura conservadora de investimentos.<\/p>\n\n\n\n<p>\u201cNesta palestra vamos mostrar que Bolsa n\u00e3o \u00e9 cassino e que a\u00e7\u00e3o \u00e9 o melhor investimento que existe para forma\u00e7\u00e3o de patrim\u00f4nio no longo prazo\u201d, disse o presidente do Conselho Empresarial para o Desenvolvimento do Mercado de Capitais (Codemec), Luiz Guilherme Dias, que ser\u00e1 palestrante junto com o vice, Marcos Oscar Tisser.<\/p>\n\n\n\n<p>Durante o evento ser\u00e3o sorteados 3 (tr\u00eas) exemplares do livro \u201cSem medo de investir na Bolsa\u201d de autoria de Luiz Guilherme Dias, que \u00e9 ex-presidente da APIMEC Rio \u2013 Associa\u00e7\u00e3o dos Analistas e Profissionais de Investimentos do Mercado de Capitais.<\/p>\n\n\n\n<p>A organiza\u00e7\u00e3o do encontro \u00e9 do Conselho Empresarial para o Desenvolvimento do Mercado de Capitais (Codemec).<\/p>\n\n\n\n<p>&#x1f193; O encontro \u00e9 gratuito, mediante inscri\u00e7\u00e3o pr\u00e9via.<\/p>\n\n\n\n<p>&#x1f517; <strong><a href=\"https:\/\/forms.gle\/aBCtuXepnjXpzPv47\">Acesse aqui <\/a><\/strong>para se inscrever<\/p>\n\n\n\n<p><strong>SERVI\u00c7O<\/strong><\/p>\n\n\n\n<p>&#x1f5d3;&#xfe0f; Data: 29\/05\/2025<\/p>\n\n\n\n<p>&#x1f552; Hor\u00e1rio: 10 horas<\/p>\n\n\n\n<p>&#x1f3e2; Local: Sede da Associa\u00e7\u00e3o Comercial do RJ &#8211; ACRJ &#8211; Rua Candel\u00e1ria, 9\/12\u00ba andar &#8211; Centro &#8211; RJ<\/p>\n\n\n\n<p>&#x260e; Informa\u00e7\u00f5es: 2514-1203<\/p>\n","protected":false},"excerpt":{"rendered":"<p>A ACRJ promove, dia 29 de maio, \u00e0s 10h, um encontro para desmistificar o mercado de a\u00e7\u00f5es no Brasil, que ainda enfrenta desafios para se&hellip;<\/p>\n","protected":false},"author":3,"featured_media":36393,"comment_status":"closed","ping_status":"closed","sticky":false,"template":"","format":"standard","meta":{"_exactmetrics_skip_tracking":false,"_exactmetrics_sitenote_active":false,"_exactmetrics_sitenote_note":"","_exactmetrics_sitenote_category":0,"footnotes":""},"categories":[55,83],"tags":[],"class_list":["post-36392","post","type-post","status-publish","format-standard","has-post-thumbnail","hentry","category-destaque_eventos","category-eventos_acrj"],"_links":{"self":[{"href":"https:\/\/acrj.org.br\/index.php\/wp-json\/wp\/v2\/posts\/36392","targetHints":{"allow":["GET"]}}],"collection":[{"href":"https:\/\/acrj.org.br\/index.php\/wp-json\/wp\/v2\/posts"}],"about":[{"href":"https:\/\/acrj.org.br\/index.php\/wp-json\/wp\/v2\/types\/post"}],"author":[{"embeddable":true,"href":"https:\/\/acrj.org.br\/index.php\/wp-json\/wp\/v2\/users\/3"}],"replies":[{"embeddable":true,"href":"https:\/\/acrj.org.br\/index.php\/wp-json\/wp\/v2\/comments?post=36392"}],"version-history":[{"count":0,"href":"https:\/\/acrj.org.br\/index.php\/wp-json\/wp\/v2\/posts\/36392\/revisions"}],"wp:featuredmedia":[{"embeddable":true,"href":"https:\/\/acrj.org.br\/index.php\/wp-json\/wp\/v2\/media\/36393"}],"wp:attachment":[{"href":"https:\/\/acrj.org.br\/index.php\/wp-json\/wp\/v2\/media?parent=36392"}],"wp:term":[{"taxonomy":"category","embeddable":true,"href":"https:\/\/acrj.org.br\/index.php\/wp-json\/wp\/v2\/categories?post=36392"},{"taxonomy":"post_tag","embeddable":true,"href":"https:\/\/acrj.org.br\/index.php\/wp-json\/wp\/v2\/tags?post=36392"}],"curies":[{"name":"wp","href":"https:\/\/api.w.org\/{rel}","templated":true}]}}