{"id":36368,"date":"2025-05-15T16:31:39","date_gmt":"2025-05-15T19:31:39","guid":{"rendered":"https:\/\/acrj.org.br\/?p=36368"},"modified":"2025-05-19T11:41:51","modified_gmt":"2025-05-19T14:41:51","slug":"presidente-josier-vilar-e-reeleito-por-unanimidade-para-a-presidencia-da-acrj-bienio-2025-27","status":"publish","type":"post","link":"https:\/\/acrj.org.br\/index.php\/2025\/05\/15\/presidente-josier-vilar-e-reeleito-por-unanimidade-para-a-presidencia-da-acrj-bienio-2025-27\/","title":{"rendered":"Presidente Josier Vilar \u00e9 reeleito por unanimidade para a presid\u00eancia da ACRJ &#8211; bi\u00eanio 2025\/27"},"content":{"rendered":"\n<p>O Conselho Superior da Associa\u00e7\u00e3o Comercial do Rio de Janeiro realizou nesta 5\u00aa feira, dia 15 de maio, as Elei\u00e7\u00f5es da ACRJ para o Bi\u00eanio 2025\/2027 com chapa \u00fanica. O presidente da ACRJ, Josier Vilar, foi reeleito por unanimidade para um novo mandato e escolher\u00e1 os vice-presidentes em junho.<\/p>\n\n\n\n<p>Para o Conselho Superior, tamb\u00e9m foram reeleitos por unanimidade Ruy Barreto Filho, como presidente; Marta Arakaki, vice-presidente; e Marco Antonio Moreira Leite, diretor-secret\u00e1rio.<\/p>\n\n\n\n<figure class=\"wp-block-image size-large is-resized\"><img fetchpriority=\"high\" decoding=\"async\" width=\"1024\" height=\"646\" src=\"https:\/\/acrj.org.br\/wp-content\/uploads\/2025\/05\/ruy-1-1024x646.jpg\" alt=\"\" class=\"wp-image-36370\" style=\"width:500px\" srcset=\"https:\/\/acrj.org.br\/wp-content\/uploads\/2025\/05\/ruy-1-1024x646.jpg 1024w, https:\/\/acrj.org.br\/wp-content\/uploads\/2025\/05\/ruy-1-300x189.jpg 300w, https:\/\/acrj.org.br\/wp-content\/uploads\/2025\/05\/ruy-1-768x484.jpg 768w, https:\/\/acrj.org.br\/wp-content\/uploads\/2025\/05\/ruy-1-1536x968.jpg 1536w, https:\/\/acrj.org.br\/wp-content\/uploads\/2025\/05\/ruy-1-2048x1291.jpg 2048w\" sizes=\"(max-width: 1024px) 100vw, 1024px\" \/><figcaption class=\"wp-element-caption\"><em>Ruy Barreto Filho abriu a reuni\u00e3o do Conselho Superior<\/em><\/figcaption><\/figure>\n\n\n\n<p>A coordena\u00e7\u00e3o da mesa dos trabalhos ficou \u00e0 cargo dos benem\u00e9ritos Eduardo Garcia e Laudelino da Costa Mendes Neto. Os benem\u00e9ritos \u00c1ureo Ricardo Salles e Abel Mendes Pinheiro J\u00fanior foram os escrutinadores da vota\u00e7\u00e3o.<\/p>\n\n\n\n<figure class=\"wp-block-image size-large is-resized\"><img decoding=\"async\" width=\"1024\" height=\"634\" src=\"https:\/\/acrj.org.br\/wp-content\/uploads\/2025\/05\/laudelino-e-eduardo-garcia-1024x634.jpg\" alt=\"\" class=\"wp-image-36371\" style=\"width:500px\" srcset=\"https:\/\/acrj.org.br\/wp-content\/uploads\/2025\/05\/laudelino-e-eduardo-garcia-1024x634.jpg 1024w, https:\/\/acrj.org.br\/wp-content\/uploads\/2025\/05\/laudelino-e-eduardo-garcia-300x186.jpg 300w, https:\/\/acrj.org.br\/wp-content\/uploads\/2025\/05\/laudelino-e-eduardo-garcia-768x476.jpg 768w, https:\/\/acrj.org.br\/wp-content\/uploads\/2025\/05\/laudelino-e-eduardo-garcia-1536x951.jpg 1536w, https:\/\/acrj.org.br\/wp-content\/uploads\/2025\/05\/laudelino-e-eduardo-garcia.jpg 1970w\" sizes=\"(max-width: 1024px) 100vw, 1024px\" \/><figcaption class=\"wp-element-caption\"><em>Eduardo Garcia e Laudelino da Costa Mendes Neto coordenaram os trabalhos<\/em><\/figcaption><\/figure>\n\n\n\n<figure class=\"wp-block-image size-large is-resized\"><img decoding=\"async\" width=\"1310\" height=\"874\" src=\"https:\/\/acrj.org.br\/wp-content\/uploads\/2025\/05\/abel-e-ricardo-salles-1-edited.jpg\" alt=\"\" class=\"wp-image-36375\" style=\"width:500px\" srcset=\"https:\/\/acrj.org.br\/wp-content\/uploads\/2025\/05\/abel-e-ricardo-salles-1-edited.jpg 1310w, https:\/\/acrj.org.br\/wp-content\/uploads\/2025\/05\/abel-e-ricardo-salles-1-edited-300x200.jpg 300w, https:\/\/acrj.org.br\/wp-content\/uploads\/2025\/05\/abel-e-ricardo-salles-1-edited-1024x683.jpg 1024w, https:\/\/acrj.org.br\/wp-content\/uploads\/2025\/05\/abel-e-ricardo-salles-1-edited-768x512.jpg 768w\" sizes=\"(max-width: 1310px) 100vw, 1310px\" \/><figcaption class=\"wp-element-caption\"><em>\u00c1ureo Ricardo Salles e Abel Mendes Pinheiro J\u00fanior<\/em><\/figcaption><\/figure>\n\n\n\n<p><strong>Assembl\u00e9ia Geral<\/strong><\/p>\n\n\n\n<p>No dia 16\/5 foi realizada a reuni\u00e3o da Assembleia Geral com a participa\u00e7\u00e3o dos Grandes Benem\u00e9ritos, Benem\u00e9ritos e Associados em dia com seus Direitos Sociais para delibera\u00e7\u00e3o sobre a Elei\u00e7\u00e3o dos membros do Conselho Diretor, Conselho Fiscal e Suplentes para o Bi\u00eanio 2025\/2027 (conforme estabelece o Estatuto &#8211; Artigos 27 e 28, Inciso I, par\u00e1grafos 1\u00ba ao 3\u00ba, combinado com o Art. 72 letra \u201ce\u201d). <strong><a href=\"https:\/\/acrj.org.br\/index.php\/2025\/05\/16\/membros-dos-conselhos-diretor-e-fiscal-sao-eleitos-na-acrj\/\">Leia mais aqui<\/a><\/strong><\/p>\n\n\n\n<p><strong>Discurso de agradecimento do presidente Josier Vilar ap\u00f3s a elei\u00e7\u00e3o<\/strong><\/p>\n\n\n\n<p><strong>Senhoras e Senhores,<\/strong><\/p>\n\n\n\n<p>\u00c9 com grande honra que recebo a confian\u00e7a renovada para conduzir mais um mandato \u00e0 frente da nossa Associa\u00e7\u00e3o Comercial. Agrade\u00e7o profundamente a cada um que, direta ou indiretamente, tem contribu\u00eddo para essa jornada de reconstru\u00e7\u00e3o e moderniza\u00e7\u00e3o institucional.<\/p>\n\n\n\n<p>Muito particularmente eu queria deixar a minha gratid\u00e3o ao meu querido amigo Ruy Barreto Filho, que tem sido um grande parceiro nesses dois \u00faltimos anos, \u00e0 Marta Arakaki e ao Marco Ant\u00f4nio, e em nome deles a todos do Conselho Superior, assim como aos vice-presidentes e diretores que t\u00eam me ajudado demais nessa jornada.<\/p>\n\n\n\n<p>Nos \u00faltimos anos, tomamos decis\u00f5es dif\u00edceis, mas necess\u00e1rias, para viabilizar a moderniza\u00e7\u00e3o do nosso parque tecnol\u00f3gico. Com o apoio fundamental do Conselho Fiscal, conseguimos iniciar uma verdadeira transforma\u00e7\u00e3o digital. Hoje, j\u00e1 colhemos frutos concretos com a implanta\u00e7\u00e3o do nosso novo sistema de gest\u00e3o, que trar\u00e1 mais transpar\u00eancia, controle e agilidade nos processos da Casa de Mau\u00e1.<\/p>\n\n\n\n<figure class=\"wp-block-image size-large is-resized\"><img loading=\"lazy\" decoding=\"async\" width=\"1024\" height=\"629\" src=\"https:\/\/acrj.org.br\/wp-content\/uploads\/2025\/05\/josier-2-1024x629.jpg\" alt=\"\" class=\"wp-image-36372\" style=\"width:500px\" srcset=\"https:\/\/acrj.org.br\/wp-content\/uploads\/2025\/05\/josier-2-1024x629.jpg 1024w, https:\/\/acrj.org.br\/wp-content\/uploads\/2025\/05\/josier-2-300x184.jpg 300w, https:\/\/acrj.org.br\/wp-content\/uploads\/2025\/05\/josier-2-768x472.jpg 768w, https:\/\/acrj.org.br\/wp-content\/uploads\/2025\/05\/josier-2-1536x944.jpg 1536w, https:\/\/acrj.org.br\/wp-content\/uploads\/2025\/05\/josier-2-2048x1259.jpg 2048w\" sizes=\"(max-width: 1024px) 100vw, 1024px\" \/><\/figure>\n\n\n\n<p>Gra\u00e7as \u00e0 dedica\u00e7\u00e3o dos nossos vice-presidentes, diretores e colaboradores, esses \u00faltimos poucos, mas comprometidos, conseguimos avan\u00e7ar mesmo com escassez de recursos financeiros e operacionais. Essa equipe tem sido o pilar da nossa resili\u00eancia.<\/p>\n\n\n\n<p>Estamos tamb\u00e9m revitalizando nossa sede hist\u00f3rica, com obras estruturais viabilizadas por meio da Lei de Incentivo \u00e0 Cultura, com apoio decisivo da Light. Restauramos sistemas de seguran\u00e7a, climatiza\u00e7\u00e3o e come\u00e7amos a estruturar o projeto de capta\u00e7\u00e3o de recursos para a completa restaura\u00e7\u00e3o do edif\u00edcio.<\/p>\n\n\n\n<p>Nossa meta \u00e9 entregar, ao final deste mandato, um pr\u00e9dio inteligente, sustent\u00e1vel, com capta\u00e7\u00e3o solar, reuso de \u00e1gua e tecnologia de ponta, um marco em celebra\u00e7\u00e3o ao centen\u00e1rio da arquitetura Art D\u00e9co no Brasil.<\/p>\n\n\n\n<p>Mas nosso compromisso vai al\u00e9m da infraestrutura. Nosso maior desafio \u00e9 tornar a Associa\u00e7\u00e3o Comercial novamente protagonista do ambiente empresarial fluminense. Precisamos atrair mais empres\u00e1rios, refor\u00e7ar nossa base associativa com nomes genuinamente comprometidos com o desenvolvimento do Rio de Janeiro.<\/p>\n\n\n\n<p>Estamos prestes a inaugurar, na Rua Buenos Aires, um espa\u00e7o voltado ao empreendedorismo e \u00e0 intelig\u00eancia competitiva, a Loja do Empreendedor. Um centro para oferecer dados estrat\u00e9gicos a quem deseja empreender na cidade com base em informa\u00e7\u00e3o qualificada, reduzindo riscos e estimulando o crescimento econ\u00f4mico real.<\/p>\n\n\n\n<p>Destaco aqui o apoio institucional da Prefeitura do Rio, especialmente na atra\u00e7\u00e3o de investimentos para data centers e na instala\u00e7\u00e3o da nova Bolsa de Valores no da cidade, que contou com a participa\u00e7\u00e3o ativa da Associa\u00e7\u00e3o Comercial. S\u00e3o a\u00e7\u00f5es estrat\u00e9gicas que recolocam o Rio no mapa da inova\u00e7\u00e3o nacional.<\/p>\n\n\n\n<p>Nosso papel \u00e9 claro: integrar for\u00e7as com a Firjan, Fecom\u00e9rcio, Sebrae e demais entidades do setor produtivo. Somente unidos conseguiremos transformar o Rio em um polo de inova\u00e7\u00e3o e refer\u00eancia nacional. A hist\u00f3ria nos cobra essa responsabilidade e precisamos estar \u00e0 altura.<\/p>\n\n\n\n<p>Agrade\u00e7o especialmente aos vice-presidentes Eduardo Rebuzzi e Humberto Filho, aos conselheiros que lideram os nossos 25 Conselhos Empresariais, e a todos os que acreditam neste projeto coletivo.<\/p>\n\n\n\n<p>Reafirmo, por fim, meu compromisso de continuar trabalhando com seriedade, dedica\u00e7\u00e3o e vis\u00e3o de futuro. Que possamos, juntos, transformar essa casa centen\u00e1ria em s\u00edmbolo de modernidade, inova\u00e7\u00e3o e excel\u00eancia em gest\u00e3o associativa.<\/p>\n\n\n\n<p>Muito obrigado a todos. E que Deus nos aben\u00e7oe neste novo ciclo.<\/p>\n\n\n\n<p><em><strong>Josier Vilar<\/strong><\/em><\/p>\n\n\n\n<p>Confira alguns momentos da reuni\u00e3o que reelegeu a Presid\u00eancia do Conselho Superior e da ACRJ<\/p>\n\n\n\n<figure class=\"wp-block-image size-large is-resized\"><img loading=\"lazy\" decoding=\"async\" width=\"1024\" height=\"727\" src=\"https:\/\/acrj.org.br\/wp-content\/uploads\/2025\/05\/francisco-Horta-1024x727.jpeg\" alt=\"\" class=\"wp-image-36376\" style=\"width:500px\" srcset=\"https:\/\/acrj.org.br\/wp-content\/uploads\/2025\/05\/francisco-Horta-1024x727.jpeg 1024w, https:\/\/acrj.org.br\/wp-content\/uploads\/2025\/05\/francisco-Horta-300x213.jpeg 300w, https:\/\/acrj.org.br\/wp-content\/uploads\/2025\/05\/francisco-Horta-768x545.jpeg 768w, https:\/\/acrj.org.br\/wp-content\/uploads\/2025\/05\/francisco-Horta.jpeg 1174w\" sizes=\"(max-width: 1024px) 100vw, 1024px\" \/><figcaption class=\"wp-element-caption\">Presen\u00e7a do <em>Grande<\/em> <em>Benem\u00e9rito Francisco Horta <\/em><\/figcaption><\/figure>\n\n\n\n<figure class=\"wp-block-image size-large is-resized\"><img loading=\"lazy\" decoding=\"async\" width=\"1024\" height=\"525\" src=\"https:\/\/acrj.org.br\/wp-content\/uploads\/2025\/05\/josier-com-benemeritos-1024x525.jpg\" alt=\"\" class=\"wp-image-36377\" style=\"width:500px\" srcset=\"https:\/\/acrj.org.br\/wp-content\/uploads\/2025\/05\/josier-com-benemeritos-1024x525.jpg 1024w, https:\/\/acrj.org.br\/wp-content\/uploads\/2025\/05\/josier-com-benemeritos-300x154.jpg 300w, https:\/\/acrj.org.br\/wp-content\/uploads\/2025\/05\/josier-com-benemeritos-768x394.jpg 768w, https:\/\/acrj.org.br\/wp-content\/uploads\/2025\/05\/josier-com-benemeritos-1536x788.jpg 1536w, https:\/\/acrj.org.br\/wp-content\/uploads\/2025\/05\/josier-com-benemeritos-2048x1051.jpg 2048w\" sizes=\"(max-width: 1024px) 100vw, 1024px\" \/><\/figure>\n\n\n\n<figure class=\"wp-block-image size-large is-resized\"><img loading=\"lazy\" decoding=\"async\" width=\"1894\" height=\"1262\" src=\"https:\/\/acrj.org.br\/wp-content\/uploads\/2025\/05\/lucy-e-maria-aguinaga-1-edited.jpg\" alt=\"\" class=\"wp-image-36381\" style=\"width:500px\" srcset=\"https:\/\/acrj.org.br\/wp-content\/uploads\/2025\/05\/lucy-e-maria-aguinaga-1-edited.jpg 1894w, https:\/\/acrj.org.br\/wp-content\/uploads\/2025\/05\/lucy-e-maria-aguinaga-1-edited-300x200.jpg 300w, https:\/\/acrj.org.br\/wp-content\/uploads\/2025\/05\/lucy-e-maria-aguinaga-1-edited-1024x682.jpg 1024w, https:\/\/acrj.org.br\/wp-content\/uploads\/2025\/05\/lucy-e-maria-aguinaga-1-edited-768x512.jpg 768w, https:\/\/acrj.org.br\/wp-content\/uploads\/2025\/05\/lucy-e-maria-aguinaga-1-edited-1536x1023.jpg 1536w\" sizes=\"(max-width: 1894px) 100vw, 1894px\" \/><figcaption class=\"wp-element-caption\"><em>Lucy Barreto e Maria Aguinaga com o presidente Josier Vilar<\/em><\/figcaption><\/figure>\n\n\n\n<figure class=\"wp-block-image size-large is-resized\"><img loading=\"lazy\" decoding=\"async\" width=\"1024\" height=\"559\" src=\"https:\/\/acrj.org.br\/wp-content\/uploads\/2025\/05\/ruy-com-benemeritos-1024x559.jpg\" alt=\"\" class=\"wp-image-36383\" style=\"width:500px\" srcset=\"https:\/\/acrj.org.br\/wp-content\/uploads\/2025\/05\/ruy-com-benemeritos-1024x559.jpg 1024w, https:\/\/acrj.org.br\/wp-content\/uploads\/2025\/05\/ruy-com-benemeritos-300x164.jpg 300w, https:\/\/acrj.org.br\/wp-content\/uploads\/2025\/05\/ruy-com-benemeritos-768x419.jpg 768w, https:\/\/acrj.org.br\/wp-content\/uploads\/2025\/05\/ruy-com-benemeritos-1536x838.jpg 1536w, https:\/\/acrj.org.br\/wp-content\/uploads\/2025\/05\/ruy-com-benemeritos-2048x1118.jpg 2048w\" sizes=\"(max-width: 1024px) 100vw, 1024px\" \/><\/figure>\n\n\n\n<p><\/p>\n","protected":false},"excerpt":{"rendered":"<p>O Conselho Superior da Associa\u00e7\u00e3o Comercial do Rio de Janeiro realizou nesta 5\u00aa feira, dia 15 de maio, as Elei\u00e7\u00f5es da ACRJ para o Bi\u00eanio&hellip;<\/p>\n","protected":false},"author":3,"featured_media":36369,"comment_status":"closed","ping_status":"closed","sticky":false,"template":"","format":"standard","meta":{"_exactmetrics_skip_tracking":false,"_exactmetrics_sitenote_active":false,"_exactmetrics_sitenote_note":"","_exactmetrics_sitenote_category":0,"footnotes":""},"categories":[6,10],"tags":[],"class_list":["post-36368","post","type-post","status-publish","format-standard","has-post-thumbnail","hentry","category-destaque_noticias","category-noticias"],"_links":{"self":[{"href":"https:\/\/acrj.org.br\/index.php\/wp-json\/wp\/v2\/posts\/36368","targetHints":{"allow":["GET"]}}],"collection":[{"href":"https:\/\/acrj.org.br\/index.php\/wp-json\/wp\/v2\/posts"}],"about":[{"href":"https:\/\/acrj.org.br\/index.php\/wp-json\/wp\/v2\/types\/post"}],"author":[{"embeddable":true,"href":"https:\/\/acrj.org.br\/index.php\/wp-json\/wp\/v2\/users\/3"}],"replies":[{"embeddable":true,"href":"https:\/\/acrj.org.br\/index.php\/wp-json\/wp\/v2\/comments?post=36368"}],"version-history":[{"count":0,"href":"https:\/\/acrj.org.br\/index.php\/wp-json\/wp\/v2\/posts\/36368\/revisions"}],"wp:featuredmedia":[{"embeddable":true,"href":"https:\/\/acrj.org.br\/index.php\/wp-json\/wp\/v2\/media\/36369"}],"wp:attachment":[{"href":"https:\/\/acrj.org.br\/index.php\/wp-json\/wp\/v2\/media?parent=36368"}],"wp:term":[{"taxonomy":"category","embeddable":true,"href":"https:\/\/acrj.org.br\/index.php\/wp-json\/wp\/v2\/categories?post=36368"},{"taxonomy":"post_tag","embeddable":true,"href":"https:\/\/acrj.org.br\/index.php\/wp-json\/wp\/v2\/tags?post=36368"}],"curies":[{"name":"wp","href":"https:\/\/api.w.org\/{rel}","templated":true}]}}