{"id":36305,"date":"2025-05-14T15:27:47","date_gmt":"2025-05-14T18:27:47","guid":{"rendered":"https:\/\/acrj.org.br\/?p=36305"},"modified":"2025-05-14T18:08:45","modified_gmt":"2025-05-14T21:08:45","slug":"seminario-debate-o-futuro-dos-eventos-e-o-papel-estrategico-do-setor-na-economia-do-rio","status":"publish","type":"post","link":"https:\/\/acrj.org.br\/index.php\/2025\/05\/14\/seminario-debate-o-futuro-dos-eventos-e-o-papel-estrategico-do-setor-na-economia-do-rio\/","title":{"rendered":"Semin\u00e1rio debate o futuro dos eventos e o papel estrat\u00e9gico do setor na economia do Rio"},"content":{"rendered":"\n<p>O Conselho Empresarial de Cultura da ACRJ promoveu, dia 14 de maio, o semin\u00e1rio \u201cO Futuro dos Eventos no Rio\u201d, reunindo especialistas para discutir os desafios e oportunidades da cadeia produtiva dos eventos na cidade e no estado. <\/p>\n\n\n\n<p>O evento foi conduzido pelo presidente do Conselho, Sergio Costa e Silva, e contou com a presen\u00e7a dos presidentes dos Conselhos Empresariais de Comunidades, Novos Neg\u00f3cios e Economia Solid\u00e1ria, C\u00e9lia Domingues; de Turismo, S\u00e1vio Neves; e das Micro e Pequenas Empresas, Thor Carvalho; e a vice-presidente de Comunica\u00e7\u00e3o, Jacyra Lucas, e um n\u00famero expressivo de conselheiros e convidados.<\/p>\n\n\n\n<p>O encontro contou com a participa\u00e7\u00e3o de Lucy Deccache, especialista em marketing e comunica\u00e7\u00e3o de marca, e Pedro Guimar\u00e3es, conselheiro da ACRJ e presidente da Apresenta. A modera\u00e7\u00e3o ficou a cargo da conselheira Andrea L\u00f6fgren.<\/p>\n\n\n\n<figure class=\"wp-block-image size-large is-resized\"><img fetchpriority=\"high\" decoding=\"async\" width=\"1024\" height=\"510\" src=\"https:\/\/acrj.org.br\/wp-content\/uploads\/2025\/05\/sergio-1-1024x510.jpg\" alt=\"\" class=\"wp-image-36324\" style=\"width:500px\" srcset=\"https:\/\/acrj.org.br\/wp-content\/uploads\/2025\/05\/sergio-1-1024x510.jpg 1024w, https:\/\/acrj.org.br\/wp-content\/uploads\/2025\/05\/sergio-1-300x149.jpg 300w, https:\/\/acrj.org.br\/wp-content\/uploads\/2025\/05\/sergio-1-768x382.jpg 768w, https:\/\/acrj.org.br\/wp-content\/uploads\/2025\/05\/sergio-1-1536x765.jpg 1536w, https:\/\/acrj.org.br\/wp-content\/uploads\/2025\/05\/sergio-1-2048x1019.jpg 2048w\" sizes=\"(max-width: 1024px) 100vw, 1024px\" \/><figcaption class=\"wp-element-caption\"><em>Sergio Costa e Silva, ao lado de S\u00e1vio Neves, com  Jacyra Lucas (e.) e Viviane de Assis<\/em><\/figcaption><\/figure>\n\n\n\n<p>Na abertura, o presidente do Conselho, Sergio Costa e Silva, destacou a relev\u00e2ncia estrat\u00e9gica do setor de eventos para a economia fluminense, especialmente por sua forte conex\u00e3o com o turismo, um dos pilares do desenvolvimento regional.<\/p>\n\n\n\n<p>Andrea L\u00f6fgren ressaltou que o encontro teve como objetivo ter um representante do empresariado e dos trabalhadores em eventos para conhecer o ponto de vista de cada um desses grupos e discutir aspectos que envolvem toda a cadeia de produ\u00e7\u00e3o de um evento e ainda abordar sobre qualifica\u00e7\u00e3o do setor, pol\u00edticas p\u00fablicas, entre outros temas.<\/p>\n\n\n\n<figure class=\"wp-block-image size-large is-resized\"><img decoding=\"async\" width=\"1024\" height=\"544\" src=\"https:\/\/acrj.org.br\/wp-content\/uploads\/2025\/05\/andrea-1024x544.jpg\" alt=\"\" class=\"wp-image-36322\" style=\"width:500px\" srcset=\"https:\/\/acrj.org.br\/wp-content\/uploads\/2025\/05\/andrea-1024x544.jpg 1024w, https:\/\/acrj.org.br\/wp-content\/uploads\/2025\/05\/andrea-300x159.jpg 300w, https:\/\/acrj.org.br\/wp-content\/uploads\/2025\/05\/andrea-768x408.jpg 768w, https:\/\/acrj.org.br\/wp-content\/uploads\/2025\/05\/andrea-1536x816.jpg 1536w, https:\/\/acrj.org.br\/wp-content\/uploads\/2025\/05\/andrea-2048x1088.jpg 2048w\" sizes=\"(max-width: 1024px) 100vw, 1024px\" \/><figcaption class=\"wp-element-caption\"><em>Andr\u00e9a L\u00f6fgren  foi a moderadora do evento com Pedro Guimar\u00e3es e Lucy Deccache <\/em><\/figcaption><\/figure>\n\n\n\n<p>Lucy Deccache, que tamb\u00e9m atua na \u00e1rea de educa\u00e7\u00e3o formando profissionais para o setor, refor\u00e7ou a necessidade de estruturar pol\u00edticas de qualifica\u00e7\u00e3o e valoriza\u00e7\u00e3o da produ\u00e7\u00e3o cultural. \u201cSem produtor qualificado, n\u00e3o h\u00e1 evento, n\u00e3o h\u00e1 entrega cultural, n\u00e3o h\u00e1 economia criativa sustent\u00e1vel\u201d, resumiu.<\/p>\n\n\n\n<p>Ela destacou a aus\u00eancia de uma pol\u00edtica nacional de forma\u00e7\u00e3o, a falta de reconhecimento profissional e a inexist\u00eancia de editais e incentivos voltados para a capacita\u00e7\u00e3o da equipe t\u00e9cnica. Segundo ela, o produtor cultural \u00e9 visto como custo, n\u00e3o como agente estrat\u00e9gico.<\/p>\n\n\n\n<figure class=\"wp-block-image size-large is-resized\"><img decoding=\"async\" width=\"1616\" height=\"1078\" src=\"https:\/\/acrj.org.br\/wp-content\/uploads\/2025\/05\/lucy-edited.jpg\" alt=\"\" class=\"wp-image-36329\" style=\"width:500px\" srcset=\"https:\/\/acrj.org.br\/wp-content\/uploads\/2025\/05\/lucy-edited.jpg 1616w, https:\/\/acrj.org.br\/wp-content\/uploads\/2025\/05\/lucy-edited-300x200.jpg 300w, https:\/\/acrj.org.br\/wp-content\/uploads\/2025\/05\/lucy-edited-1024x683.jpg 1024w, https:\/\/acrj.org.br\/wp-content\/uploads\/2025\/05\/lucy-edited-768x512.jpg 768w, https:\/\/acrj.org.br\/wp-content\/uploads\/2025\/05\/lucy-edited-1536x1025.jpg 1536w\" sizes=\"(max-width: 1616px) 100vw, 1616px\" \/><figcaption class=\"wp-element-caption\"><em>Lucy Deccache<\/em><\/figcaption><\/figure>\n\n\n\n<p>Pedro Guimar\u00e3es defendeu pol\u00edticas p\u00fablicas facilitadoras e a\u00e7\u00f5es coordenadas que tornem o pa\u00eds mais atrativo para grandes eventos e congressos. E apontou os entraves \u00e0 competitividade internacional do Brasil, como as novas exig\u00eancias de vistos para pa\u00edses estrat\u00e9gicos (EUA, Canad\u00e1, Jap\u00e3o e Austr\u00e1lia), alertando que o Rio corre o risco de perder espa\u00e7o no circuito global.<\/p>\n\n\n\n<p>De acordo com ele, o setor de eventos, embora respons\u00e1vel por mais de 10% dos empregos ligados ao turismo e integrando mais de 50 atividades econ\u00f4micas, segue sem reconhecimento formal nas pol\u00edticas estruturantes. \u201cFoi o primeiro a parar durante a pandemia e o \u00faltimo a voltar e s\u00f3 voltou porque gritou, n\u00e3o porque foi inclu\u00eddo. A reabertura n\u00e3o foi resultado de pol\u00edtica p\u00fablica, mas sim de press\u00e3o da base, em um grito de sobreviv\u00eancia\u201d, afirmou.<\/p>\n\n\n\n<p>Ele tamb\u00e9m destacou que o PERSE (Programa Emergencial de Retomada do Setor de Eventos), embora tenha sido um al\u00edvio pontual, n\u00e3o foi suficiente para garantir a recupera\u00e7\u00e3o plena do setor. \u201cFaltou transi\u00e7\u00e3o, planejamento e suporte continuado\u201d, explicou.<\/p>\n\n\n\n<figure class=\"wp-block-image size-large is-resized\"><img loading=\"lazy\" decoding=\"async\" width=\"1489\" height=\"1117\" src=\"https:\/\/acrj.org.br\/wp-content\/uploads\/2025\/05\/pedro1-edited.jpg\" alt=\"\" class=\"wp-image-36335\" style=\"width:500px\" srcset=\"https:\/\/acrj.org.br\/wp-content\/uploads\/2025\/05\/pedro1-edited.jpg 1489w, https:\/\/acrj.org.br\/wp-content\/uploads\/2025\/05\/pedro1-edited-300x225.jpg 300w, https:\/\/acrj.org.br\/wp-content\/uploads\/2025\/05\/pedro1-edited-1024x768.jpg 1024w, https:\/\/acrj.org.br\/wp-content\/uploads\/2025\/05\/pedro1-edited-768x576.jpg 768w\" sizes=\"(max-width: 1489px) 100vw, 1489px\" \/><figcaption class=\"wp-element-caption\"><em>Pedro Guimar\u00e3es<\/em><\/figcaption><\/figure>\n\n\n\n<p>Casa cheia e participa\u00e7\u00e3o intensa do p\u00fablico presente, que fez diversas considera\u00e7\u00f5es e sugest\u00f5es muito pertinentes. Uma delas, ampliar a acessibilidade nos locais onde acontecem os eventos, observado pela conselheira Viviane de Assis.<\/p>\n\n\n\n<p>Os participantes, assim como os palestrantes, concordaram que \u00e9 importante o reconhecimento do setor de eventos como parte da economia criativa nas estat\u00edsticas oficiais, assim como \u00e9 fundamental a cria\u00e7\u00e3o de pol\u00edticas p\u00fablicas estruturantes e permanentes, a inclus\u00e3o da base produtiva (produtores, t\u00e9cnicos, fornecedores) nas pol\u00edticas de fomento e a cria\u00e7\u00e3o de um programa nacional de forma\u00e7\u00e3o t\u00e9cnica e superior em produ\u00e7\u00e3o cultural.<\/p>\n\n\n\n<figure class=\"wp-block-image size-large is-resized\"><img loading=\"lazy\" decoding=\"async\" width=\"1024\" height=\"461\" src=\"https:\/\/acrj.org.br\/wp-content\/uploads\/2025\/05\/publico-1-1024x461.jpg\" alt=\"\" class=\"wp-image-36336\" style=\"width:500px\" srcset=\"https:\/\/acrj.org.br\/wp-content\/uploads\/2025\/05\/publico-1-1024x461.jpg 1024w, https:\/\/acrj.org.br\/wp-content\/uploads\/2025\/05\/publico-1-300x135.jpg 300w, https:\/\/acrj.org.br\/wp-content\/uploads\/2025\/05\/publico-1-768x346.jpg 768w, https:\/\/acrj.org.br\/wp-content\/uploads\/2025\/05\/publico-1-1536x692.jpg 1536w, https:\/\/acrj.org.br\/wp-content\/uploads\/2025\/05\/publico-1.jpg 2000w\" sizes=\"(max-width: 1024px) 100vw, 1024px\" \/><\/figure>\n","protected":false},"excerpt":{"rendered":"<p>O Conselho Empresarial de Cultura da ACRJ promoveu, dia 14 de maio, o semin\u00e1rio \u201cO Futuro dos Eventos no Rio\u201d, reunindo especialistas para discutir os&hellip;<\/p>\n","protected":false},"author":3,"featured_media":36309,"comment_status":"closed","ping_status":"closed","sticky":false,"template":"","format":"standard","meta":{"_exactmetrics_skip_tracking":false,"_exactmetrics_sitenote_active":false,"_exactmetrics_sitenote_note":"","_exactmetrics_sitenote_category":0,"footnotes":""},"categories":[56,10],"tags":[],"class_list":["post-36305","post","type-post","status-publish","format-standard","has-post-thumbnail","hentry","category-destaque_conselhos","category-noticias"],"_links":{"self":[{"href":"https:\/\/acrj.org.br\/index.php\/wp-json\/wp\/v2\/posts\/36305","targetHints":{"allow":["GET"]}}],"collection":[{"href":"https:\/\/acrj.org.br\/index.php\/wp-json\/wp\/v2\/posts"}],"about":[{"href":"https:\/\/acrj.org.br\/index.php\/wp-json\/wp\/v2\/types\/post"}],"author":[{"embeddable":true,"href":"https:\/\/acrj.org.br\/index.php\/wp-json\/wp\/v2\/users\/3"}],"replies":[{"embeddable":true,"href":"https:\/\/acrj.org.br\/index.php\/wp-json\/wp\/v2\/comments?post=36305"}],"version-history":[{"count":0,"href":"https:\/\/acrj.org.br\/index.php\/wp-json\/wp\/v2\/posts\/36305\/revisions"}],"wp:featuredmedia":[{"embeddable":true,"href":"https:\/\/acrj.org.br\/index.php\/wp-json\/wp\/v2\/media\/36309"}],"wp:attachment":[{"href":"https:\/\/acrj.org.br\/index.php\/wp-json\/wp\/v2\/media?parent=36305"}],"wp:term":[{"taxonomy":"category","embeddable":true,"href":"https:\/\/acrj.org.br\/index.php\/wp-json\/wp\/v2\/categories?post=36305"},{"taxonomy":"post_tag","embeddable":true,"href":"https:\/\/acrj.org.br\/index.php\/wp-json\/wp\/v2\/tags?post=36305"}],"curies":[{"name":"wp","href":"https:\/\/api.w.org\/{rel}","templated":true}]}}