{"id":36244,"date":"2025-05-12T11:12:11","date_gmt":"2025-05-12T14:12:11","guid":{"rendered":"https:\/\/acrj.org.br\/?p=36244"},"modified":"2025-05-14T15:53:06","modified_gmt":"2025-05-14T18:53:06","slug":"36244","status":"publish","type":"post","link":"https:\/\/acrj.org.br\/index.php\/2025\/05\/12\/36244\/","title":{"rendered":"Preven\u00e7\u00e3o e Gest\u00e3o de Riscos e apresenta\u00e7\u00e3o do Grupo Prumo na pauta do Conselho"},"content":{"rendered":"\n<p>O Conselho Empresarial de Gest\u00e3o de Recursos Humanos e Desenvolvimento Organizacional da ACRJ recebeu, dia 7 de maio, a diretora executiva da Melamed Assessoria Empresarial, Tatiana Melamed, que abordou a Norma NR1, e a gerente de RH da Prumo Log\u00edstica, Tha\u00edza Abreu, que apresentou um \u201ccase\u201d sobre a ess\u00eancia cultural do Grupo Prumo, vencedor do pr\u00eamio Ser Humano 2024 na categoria Grande Empresa.<\/p>\n\n\n\n<p>Tha\u00edza Abreu abriu o encontro falando sobre o Programa de Cultura da Prumo, sua evolu\u00e7\u00e3o at\u00e9 a conquista da premia\u00e7\u00e3o. O programa, segundo ela, foi estruturado para se consolidar em um horizonte de quatro a cinco anos e j\u00e1 no terceiro ano a empresa come\u00e7ou a colher efeitos positivos das a\u00e7\u00f5es realizadas anteriormente.<br>Foi desenvolvido um amplo Plano de Comunica\u00e7\u00e3o, baseado nas melhores pr\u00e1ticas do mercado, para garantir que todos os times conhecessem a cultura &#8211; miss\u00e3o, vis\u00e3o, prop\u00f3sito e ess\u00eancia \u2013 e refletissem sobre como aplic\u00e1-la no cotidiano de trabalho.<\/p>\n\n\n\n<p>\u201cAt\u00e9 o quinto ano, nosso marco final, ainda temos uma agenda robusta de atividades e entregas estrat\u00e9gicas. Um dos diferenciais da nossa abordagem \u00e9 monitoramento sistem\u00e1tico do andamento do projeto, avaliando se estamos no caminho certo ou se precisamos de ajustes. Isso garante agilidade e alinhamento com os objetivos tra\u00e7ados\u201d, explicou.<\/p>\n\n\n\n<figure class=\"wp-block-image size-large is-resized\"><img fetchpriority=\"high\" decoding=\"async\" width=\"1559\" height=\"877\" src=\"https:\/\/acrj.org.br\/wp-content\/uploads\/2025\/05\/thaisa-edited.jpg\" alt=\"\" class=\"wp-image-36252\" style=\"width:500px\" srcset=\"https:\/\/acrj.org.br\/wp-content\/uploads\/2025\/05\/thaisa-edited.jpg 1559w, https:\/\/acrj.org.br\/wp-content\/uploads\/2025\/05\/thaisa-edited-300x169.jpg 300w, https:\/\/acrj.org.br\/wp-content\/uploads\/2025\/05\/thaisa-edited-1024x576.jpg 1024w, https:\/\/acrj.org.br\/wp-content\/uploads\/2025\/05\/thaisa-edited-768x432.jpg 768w, https:\/\/acrj.org.br\/wp-content\/uploads\/2025\/05\/thaisa-edited-1536x864.jpg 1536w\" sizes=\"(max-width: 1559px) 100vw, 1559px\" \/><figcaption class=\"wp-element-caption\"><em>Tha\u00edza Abreu, gerente de RH da Prumo Log\u00edstica<\/em><\/figcaption><\/figure>\n\n\n\n<p>Vale destacar que a empresa est\u00e1 gerando informa\u00e7\u00f5es valiosas que alimentam diretamente sua revolu\u00e7\u00e3o cultural interna. \u201cUm exemplo \u00e9 a solu\u00e7\u00e3o mapeada e validada recentemente. No in\u00edcio, a diretoria esteve intensamente envolvida no mapeamento e planejamento. Depois disso, a atua\u00e7\u00e3o ganhou tra\u00e7\u00e3o, houve uma virada positiva. A pesquisa realizada comprovou essa evolu\u00e7\u00e3o, revelando que a diretoria deixou de ser vista como um gargalo e passou a ser reconhecida como parte essencial da solu\u00e7\u00e3o\u201d, disse.<br>Os aprendizados est\u00e3o documentados nos textos do arquivo, que inclusive evidenciam a transforma\u00e7\u00e3o da diretoria, agora como protagonista na resolu\u00e7\u00e3o. \u201cTamb\u00e9m estamos implementando mudan\u00e7as nos cursos com foco no cotidiano e aplicabilidade pr\u00e1tica. Isso fortalece o processo de aprendizagem at\u00e9 o final do ciclo, tornando-o mais fluido e eficaz\u201d, acrescentou. Saiba mais sobre a empresa <strong><a href=\"https:\/\/acrj.org.br\/wp-content\/uploads\/2025\/05\/Apresentacao_Programa-de-Cultura_Prumo-Logistica.pdf\">aqui<\/a><\/strong> .<\/p>\n\n\n\n<p>Na sequ\u00eancia, Tatiana Melamed abordou a cultura de preven\u00e7\u00e3o e gest\u00e3o de riscos e o desafio da Norma Regulamentadora n\u00ba 1 (NR-1), que Introduziu o GRO \u2013 Gerenciamento de Riscos Operacionais e o PGR \u2013 Programa de Gerenciamento de Riscos e recentemente foi atualizada e passou a incluir os riscos psicossociais no PGR, exigindo que as empresas adotem medidas para proteger a sa\u00fade mental dos trabalhadores.<\/p>\n\n\n\n<figure class=\"wp-block-image size-full is-resized\"><img decoding=\"async\" width=\"864\" height=\"486\" src=\"https:\/\/acrj.org.br\/wp-content\/uploads\/2025\/05\/tatiana-1-edited.jpg\" alt=\"\" class=\"wp-image-36256\" style=\"width:500px\" srcset=\"https:\/\/acrj.org.br\/wp-content\/uploads\/2025\/05\/tatiana-1-edited.jpg 864w, https:\/\/acrj.org.br\/wp-content\/uploads\/2025\/05\/tatiana-1-edited-300x169.jpg 300w, https:\/\/acrj.org.br\/wp-content\/uploads\/2025\/05\/tatiana-1-edited-768x432.jpg 768w\" sizes=\"(max-width: 864px) 100vw, 864px\" \/><figcaption class=\"wp-element-caption\"><em>Diretora executiva da Melamed Assessoria Empresarial, Tatiana Melamed<\/em><\/figcaption><\/figure>\n\n\n\n<p>Ela mostrou as principais mudan\u00e7as da Norma, considerada a &#8220;norma m\u00e3e&#8221; da seguran\u00e7a e sa\u00fade no trabalho no Brasil. A principal delas \u00e9 a obrigatoriedade de incluir a avalia\u00e7\u00e3o de riscos psicossociais, com prazo de adequa\u00e7\u00e3o em at\u00e9 um ano. De acordo com ela, esta integra\u00e7\u00e3o garante que todas as \u00e1reas de risco sejam cobertas e que as medidas de preven\u00e7\u00e3o sejam eficazes. Ela ainda citou casos de sucesso e abordou a quest\u00e3o de multas e fiscaliza\u00e7\u00e3o. Saiba mais <strong><a href=\"https:\/\/acrj.org.br\/wp-content\/uploads\/2025\/05\/Tatiana-Melamed-NR1.pdf\">aqui.<\/a><\/strong><\/p>\n\n\n\n<p>\u201cPortanto, refor\u00e7amos a import\u00e2ncia do alinhamento entre todas as \u00e1reas da empresa. Prevenir \u00e9 mais do que cumprir normas \u2013 \u00e9 zelar pelo capital humano, garantir a continuidade operacional e sustentar a reputa\u00e7\u00e3o institucional no longo prazo\u201d, ressaltou Tatiana.<\/p>\n\n\n\n<p><\/p>\n\n\n\n<p><\/p>\n\n\n\n<p><\/p>\n\n\n\n<p>\u201c<\/p>\n","protected":false},"excerpt":{"rendered":"<p>O Conselho Empresarial de Gest\u00e3o de Recursos Humanos e Desenvolvimento Organizacional da ACRJ recebeu, dia 7 de maio, a diretora executiva da Melamed Assessoria Empresarial,&hellip;<\/p>\n","protected":false},"author":3,"featured_media":36318,"comment_status":"closed","ping_status":"closed","sticky":false,"template":"","format":"standard","meta":{"_exactmetrics_skip_tracking":false,"_exactmetrics_sitenote_active":false,"_exactmetrics_sitenote_note":"","_exactmetrics_sitenote_category":0,"footnotes":""},"categories":[56,10],"tags":[],"class_list":["post-36244","post","type-post","status-publish","format-standard","has-post-thumbnail","hentry","category-destaque_conselhos","category-noticias"],"_links":{"self":[{"href":"https:\/\/acrj.org.br\/index.php\/wp-json\/wp\/v2\/posts\/36244","targetHints":{"allow":["GET"]}}],"collection":[{"href":"https:\/\/acrj.org.br\/index.php\/wp-json\/wp\/v2\/posts"}],"about":[{"href":"https:\/\/acrj.org.br\/index.php\/wp-json\/wp\/v2\/types\/post"}],"author":[{"embeddable":true,"href":"https:\/\/acrj.org.br\/index.php\/wp-json\/wp\/v2\/users\/3"}],"replies":[{"embeddable":true,"href":"https:\/\/acrj.org.br\/index.php\/wp-json\/wp\/v2\/comments?post=36244"}],"version-history":[{"count":0,"href":"https:\/\/acrj.org.br\/index.php\/wp-json\/wp\/v2\/posts\/36244\/revisions"}],"wp:featuredmedia":[{"embeddable":true,"href":"https:\/\/acrj.org.br\/index.php\/wp-json\/wp\/v2\/media\/36318"}],"wp:attachment":[{"href":"https:\/\/acrj.org.br\/index.php\/wp-json\/wp\/v2\/media?parent=36244"}],"wp:term":[{"taxonomy":"category","embeddable":true,"href":"https:\/\/acrj.org.br\/index.php\/wp-json\/wp\/v2\/categories?post=36244"},{"taxonomy":"post_tag","embeddable":true,"href":"https:\/\/acrj.org.br\/index.php\/wp-json\/wp\/v2\/tags?post=36244"}],"curies":[{"name":"wp","href":"https:\/\/api.w.org\/{rel}","templated":true}]}}