{"id":36215,"date":"2025-05-09T15:54:06","date_gmt":"2025-05-09T18:54:06","guid":{"rendered":"https:\/\/acrj.org.br\/?p=36215"},"modified":"2025-05-09T17:11:01","modified_gmt":"2025-05-09T20:11:01","slug":"comissao-de-avaliacao-do-conselho-realiza-balanco-das-atividades-da-atual-gestao","status":"publish","type":"post","link":"https:\/\/acrj.org.br\/index.php\/2025\/05\/09\/comissao-de-avaliacao-do-conselho-realiza-balanco-das-atividades-da-atual-gestao\/","title":{"rendered":"Comiss\u00e3o de Avalia\u00e7\u00e3o do Conselho realiza balan\u00e7o das atividades da atual Gest\u00e3o"},"content":{"rendered":"\n<p>A Comiss\u00e3o de Avalia\u00e7\u00e3o do Conselho Empresarial de Comunidades, Novos Neg\u00f3cios e Economia Solid\u00e1ria da ACRJ se reuniu, dia 8 de maio, para fazer um balan\u00e7o das atividades desenvolvidas ao longo dos dois \u00faltimos anos, per\u00edodo da atual gest\u00e3o da ACRJ. O Conselho foi criado pelo presidente do Josier Vilar, que pela primeira vez trouxe a tem\u00e1tica das Comunidades para a Associa\u00e7\u00e3o Comercial.<\/p>\n\n\n\n<p>A reuni\u00e3o, conduzida pela presidente do Conselho, C\u00e9lia Domingues, com a presen\u00e7a das conselheiras Rose Oliveira e Priscila Teodoro, integrantes da Comiss\u00e3o, marcou um momento importante de reflex\u00e3o sobre o trabalho do Conselho e dos seus integrantes nesses dois \u00faltimos anos. Segundo C\u00e9lia Domingues, o saldo \u00e9 altamente positivo.<\/p>\n\n\n\n<p>\u201cDesde o in\u00edcio da gest\u00e3o, os conselheiros passaram a ter mais acesso a uma s\u00e9rie de oportunidades em eventos, f\u00f3runs, semin\u00e1rios, feiras de neg\u00f3cios e projetos, tanto na cidade do Rio quanto em outros munic\u00edpios. Essa abertura de portas se deu, em grande parte, gra\u00e7as ao apoio institucional da Associa\u00e7\u00e3o Comercial, que serviu como plataforma de visibilidade e credibilidade para todos os membros\u201d, ressaltou.<\/p>\n\n\n\n<p>Durante a reuni\u00e3o, foi destacada a evolu\u00e7\u00e3o individual dos conselheiros ap\u00f3s sua entrada no grupo. O esp\u00edrito de coletividade e parceria foi outro ponto forte destacado pela Comiss\u00e3o. \u201cCriou-se uma rede interna de apoio m\u00fatuo, onde cada integrante impulsiona o outro, compartilhando experi\u00eancias, contatos e oportunidades. Esse trabalho colaborativo n\u00e3o apenas fortaleceu os projetos pessoais e profissionais dos conselheiros, mas consolidou o papel do Conselho como refer\u00eancia em articula\u00e7\u00e3o e protagonismo dentro da estrutura da ACRJ\u201d, explicou.<\/p>\n\n\n\n<p>A Comiss\u00e3o refor\u00e7ou que esse momento de avalia\u00e7\u00e3o \u00e9 essencial para reconhecer os avan\u00e7os e tra\u00e7ar os pr\u00f3ximos passos. A uni\u00e3o, a troca e o compromisso entre os conselheiros foram os pilares que sustentaram os bons resultados at\u00e9 aqui, disse a presidente.<\/p>\n","protected":false},"excerpt":{"rendered":"<p>A Comiss\u00e3o de Avalia\u00e7\u00e3o do Conselho Empresarial de Comunidades, Novos Neg\u00f3cios e Economia Solid\u00e1ria da ACRJ se reuniu, dia 8 de maio, para fazer um&hellip;<\/p>\n","protected":false},"author":3,"featured_media":36236,"comment_status":"closed","ping_status":"closed","sticky":false,"template":"","format":"standard","meta":{"_exactmetrics_skip_tracking":false,"_exactmetrics_sitenote_active":false,"_exactmetrics_sitenote_note":"","_exactmetrics_sitenote_category":0,"footnotes":""},"categories":[56,10],"tags":[],"class_list":["post-36215","post","type-post","status-publish","format-standard","has-post-thumbnail","hentry","category-destaque_conselhos","category-noticias"],"_links":{"self":[{"href":"https:\/\/acrj.org.br\/index.php\/wp-json\/wp\/v2\/posts\/36215","targetHints":{"allow":["GET"]}}],"collection":[{"href":"https:\/\/acrj.org.br\/index.php\/wp-json\/wp\/v2\/posts"}],"about":[{"href":"https:\/\/acrj.org.br\/index.php\/wp-json\/wp\/v2\/types\/post"}],"author":[{"embeddable":true,"href":"https:\/\/acrj.org.br\/index.php\/wp-json\/wp\/v2\/users\/3"}],"replies":[{"embeddable":true,"href":"https:\/\/acrj.org.br\/index.php\/wp-json\/wp\/v2\/comments?post=36215"}],"version-history":[{"count":0,"href":"https:\/\/acrj.org.br\/index.php\/wp-json\/wp\/v2\/posts\/36215\/revisions"}],"wp:featuredmedia":[{"embeddable":true,"href":"https:\/\/acrj.org.br\/index.php\/wp-json\/wp\/v2\/media\/36236"}],"wp:attachment":[{"href":"https:\/\/acrj.org.br\/index.php\/wp-json\/wp\/v2\/media?parent=36215"}],"wp:term":[{"taxonomy":"category","embeddable":true,"href":"https:\/\/acrj.org.br\/index.php\/wp-json\/wp\/v2\/categories?post=36215"},{"taxonomy":"post_tag","embeddable":true,"href":"https:\/\/acrj.org.br\/index.php\/wp-json\/wp\/v2\/tags?post=36215"}],"curies":[{"name":"wp","href":"https:\/\/api.w.org\/{rel}","templated":true}]}}