{"id":36205,"date":"2025-05-11T09:00:00","date_gmt":"2025-05-11T12:00:00","guid":{"rendered":"https:\/\/acrj.org.br\/?p=36205"},"modified":"2025-05-12T10:54:27","modified_gmt":"2025-05-12T13:54:27","slug":"feliz-dia-das-maes","status":"publish","type":"post","link":"https:\/\/acrj.org.br\/index.php\/2025\/05\/11\/feliz-dia-das-maes\/","title":{"rendered":"Feliz Dia das M\u00e3es!"},"content":{"rendered":"\n<p>&#8220;Ser m\u00e3e \u00e9 carregar e distribuir o que tem de melhor na alma feminina: o afeto.<br>E ao distribuir afeto para os seus, as m\u00e3es, pobres ou ricas, compartilham de forma equ\u00e2nime o am\u00e1lgama da constru\u00e7\u00e3o de um cidad\u00e3o completo.<br>Vida longa para elas!&#8221;<\/p>\n\n\n\n<p><strong><em>Josier Vilar<\/em><\/strong><br>Presidente da ACRJ<\/p>\n","protected":false},"excerpt":{"rendered":"<p>&#8220;Ser m\u00e3e \u00e9 carregar e distribuir o que tem de melhor na alma feminina: o afeto.E ao distribuir afeto para os seus, as m\u00e3es, pobres&hellip;<\/p>\n","protected":false},"author":3,"featured_media":36206,"comment_status":"closed","ping_status":"closed","sticky":false,"template":"","format":"standard","meta":{"_exactmetrics_skip_tracking":false,"_exactmetrics_sitenote_active":false,"_exactmetrics_sitenote_note":"","_exactmetrics_sitenote_category":0,"footnotes":""},"categories":[10],"tags":[],"class_list":["post-36205","post","type-post","status-publish","format-standard","has-post-thumbnail","hentry","category-noticias"],"_links":{"self":[{"href":"https:\/\/acrj.org.br\/index.php\/wp-json\/wp\/v2\/posts\/36205","targetHints":{"allow":["GET"]}}],"collection":[{"href":"https:\/\/acrj.org.br\/index.php\/wp-json\/wp\/v2\/posts"}],"about":[{"href":"https:\/\/acrj.org.br\/index.php\/wp-json\/wp\/v2\/types\/post"}],"author":[{"embeddable":true,"href":"https:\/\/acrj.org.br\/index.php\/wp-json\/wp\/v2\/users\/3"}],"replies":[{"embeddable":true,"href":"https:\/\/acrj.org.br\/index.php\/wp-json\/wp\/v2\/comments?post=36205"}],"version-history":[{"count":0,"href":"https:\/\/acrj.org.br\/index.php\/wp-json\/wp\/v2\/posts\/36205\/revisions"}],"wp:featuredmedia":[{"embeddable":true,"href":"https:\/\/acrj.org.br\/index.php\/wp-json\/wp\/v2\/media\/36206"}],"wp:attachment":[{"href":"https:\/\/acrj.org.br\/index.php\/wp-json\/wp\/v2\/media?parent=36205"}],"wp:term":[{"taxonomy":"category","embeddable":true,"href":"https:\/\/acrj.org.br\/index.php\/wp-json\/wp\/v2\/categories?post=36205"},{"taxonomy":"post_tag","embeddable":true,"href":"https:\/\/acrj.org.br\/index.php\/wp-json\/wp\/v2\/tags?post=36205"}],"curies":[{"name":"wp","href":"https:\/\/api.w.org\/{rel}","templated":true}]}}