{"id":36202,"date":"2025-05-09T14:47:12","date_gmt":"2025-05-09T17:47:12","guid":{"rendered":"https:\/\/acrj.org.br\/?p=36202"},"modified":"2025-05-14T13:01:14","modified_gmt":"2025-05-14T16:01:14","slug":"seminario-o-futuro-dos-eventos-no-rio","status":"publish","type":"post","link":"https:\/\/acrj.org.br\/index.php\/2025\/05\/09\/seminario-o-futuro-dos-eventos-no-rio\/","title":{"rendered":"Semin\u00e1rio \u201cO Futuro dos Eventos no Rio\u201d"},"content":{"rendered":"\n<p>A ACRJ promove, dia 14 de maio, \u00e0s 10h, o semin\u00e1rio \u201cO Futuro dos Eventos no Rio\u201d, com a participa\u00e7\u00e3o do secret\u00e1rio Municipal de Cultura, Lucas Padilha (a confirmar), Lucy Deccache, especialista em Marketing e Comunica\u00e7\u00e3o de marca, e Pedro Guimar\u00e3es, conselheiro da ACRJ e presidente da Apresenta. &nbsp;<\/p>\n\n\n\n<p>A iniciativa \u00e9 do Conselho Empresarial de Cultura da ACRJ.<\/p>\n\n\n\n<p>&#x1f193; <strong>O encontro \u00e9 gratuito<\/strong>, mediante inscri\u00e7\u00e3o pr\u00e9via.<\/p>\n\n\n\n<p>&#x1f517; <strong><a href=\"https:\/\/forms.gle\/49jNNecd1XrhQMM26\">Acesse aqui <\/a><\/strong>para se inscrever\u00a0 <\/p>\n\n\n\n<p><strong>SERVI\u00c7O<\/strong><\/p>\n\n\n\n<p>&#x1f5d3;&#xfe0f; Data: 14\/5\/2025<\/p>\n\n\n\n<p>&#x1f552; Hor\u00e1rio: 10 horas<\/p>\n\n\n\n<p>&#x1f3e2; Local: Sede da Associa\u00e7\u00e3o Comercial do RJ &#8211; ACRJ &#8211; Rua Candel\u00e1ria, 9\/12\u00ba andar &#8211; Centro &#8211; RJ <\/p>\n\n\n\n<p>&#x260e; Informa\u00e7\u00f5es: 2514-1203<\/p>\n","protected":false},"excerpt":{"rendered":"<p>A ACRJ promove, dia 14 de maio, \u00e0s 10h, o semin\u00e1rio \u201cO Futuro dos Eventos no Rio\u201d, com a participa\u00e7\u00e3o do secret\u00e1rio Municipal de Cultura,&hellip;<\/p>\n","protected":false},"author":3,"featured_media":36203,"comment_status":"closed","ping_status":"closed","sticky":false,"template":"","format":"standard","meta":{"_exactmetrics_skip_tracking":false,"_exactmetrics_sitenote_active":false,"_exactmetrics_sitenote_note":"","_exactmetrics_sitenote_category":0,"footnotes":""},"categories":[83],"tags":[],"class_list":["post-36202","post","type-post","status-publish","format-standard","has-post-thumbnail","hentry","category-eventos_acrj"],"_links":{"self":[{"href":"https:\/\/acrj.org.br\/index.php\/wp-json\/wp\/v2\/posts\/36202","targetHints":{"allow":["GET"]}}],"collection":[{"href":"https:\/\/acrj.org.br\/index.php\/wp-json\/wp\/v2\/posts"}],"about":[{"href":"https:\/\/acrj.org.br\/index.php\/wp-json\/wp\/v2\/types\/post"}],"author":[{"embeddable":true,"href":"https:\/\/acrj.org.br\/index.php\/wp-json\/wp\/v2\/users\/3"}],"replies":[{"embeddable":true,"href":"https:\/\/acrj.org.br\/index.php\/wp-json\/wp\/v2\/comments?post=36202"}],"version-history":[{"count":0,"href":"https:\/\/acrj.org.br\/index.php\/wp-json\/wp\/v2\/posts\/36202\/revisions"}],"wp:featuredmedia":[{"embeddable":true,"href":"https:\/\/acrj.org.br\/index.php\/wp-json\/wp\/v2\/media\/36203"}],"wp:attachment":[{"href":"https:\/\/acrj.org.br\/index.php\/wp-json\/wp\/v2\/media?parent=36202"}],"wp:term":[{"taxonomy":"category","embeddable":true,"href":"https:\/\/acrj.org.br\/index.php\/wp-json\/wp\/v2\/categories?post=36202"},{"taxonomy":"post_tag","embeddable":true,"href":"https:\/\/acrj.org.br\/index.php\/wp-json\/wp\/v2\/tags?post=36202"}],"curies":[{"name":"wp","href":"https:\/\/api.w.org\/{rel}","templated":true}]}}