{"id":36145,"date":"2025-05-08T14:57:20","date_gmt":"2025-05-08T17:57:20","guid":{"rendered":"https:\/\/acrj.org.br\/?p=36145"},"modified":"2025-05-08T17:49:25","modified_gmt":"2025-05-08T20:49:25","slug":"conselheiros-visitam-o-disque-denuncia-conhecem-suas-areas-de-atuacao-2","status":"publish","type":"post","link":"https:\/\/acrj.org.br\/index.php\/2025\/05\/08\/conselheiros-visitam-o-disque-denuncia-conhecem-suas-areas-de-atuacao-2\/","title":{"rendered":"Conselheiros visitam o Disque Den\u00fancia e conhecem suas \u00e1reas de atua\u00e7\u00e3o"},"content":{"rendered":"\n<p>O presidente do Conselho Empresarial de Seguran\u00e7a e Ordem P\u00fablica da ACRJ, Fernando Veloso, e conselheiros foram recebidos esta semana pelo diretor-geral do Instituto MovRio e coordenador do Disque Den\u00fancia, Renato Almeida, na sede do \u00f3rg\u00e3o. Renato Almeida, que \u00e9 membro do Conselho, mostrou o funcionamento do Disque Den\u00fancia (<strong>2253-1177<\/strong>) e suas diversas \u00e1reas de atua\u00e7\u00e3o.<\/p>\n\n\n\n<p>Ele fez um breve relato sobre a atua\u00e7\u00e3o desta iniciativa \u00e0 disposi\u00e7\u00e3o do cidad\u00e3o fluminense h\u00e1 tr\u00eas d\u00e9cadas. De acordo com dados do \u00f3rg\u00e3o, desde sua cria\u00e7\u00e3o, em 1995, j\u00e1 recebeu quase 3 milh\u00f5es de den\u00fancias, sempre com o anonimato garantido. S\u00f3 este ano foram 39,5 mil de den\u00fancias registradas e em 2024 quase 100 mil den\u00fancias.<\/p>\n\n\n\n<p>O Disque Den\u00fancia \u00e9 uma iniciativa privada do Instituto MovRio que funciona 24 horas por dia e opera em parceria com as Secretarias de Estado de Pol\u00edcia Militar e de Pol\u00edcia Civil do Estado do Rio de Janeiro, recebendo as den\u00fancias, segmentando-as por tipo de ocorr\u00eancia e repassando para as autoridades respons\u00e1veis.<\/p>\n\n\n\n<p>Segundo Renato Almeida, al\u00e9m da cidade do Rio, a iniciativa j\u00e1 chegou aos munic\u00edpios de Angra dos Reis, Maric\u00e1,\u00a0 Niter\u00f3i e Paraty e gra\u00e7as a uma parceria da Prefeitura do Rio de Janeiro com a Central Civitas, h\u00e1 um ano foi retomado o servi\u00e7o 24h do Disque Den\u00fancia. Atualmente, cinco programas est\u00e3o em atua\u00e7\u00e3o, s\u00e3o eles: Disque Den\u00fancia Cidades, o Disque Den\u00fancia Mulher, Linha Verde, Desaparecidos e Procurados. Conhe\u00e7a mais <strong><a href=\"http:\/\/www.disquedenuncia.org.br\">aqui<\/a><\/strong><\/p>\n\n\n\n<p>Em sua apresenta\u00e7\u00e3o, ele refor\u00e7ou a quest\u00e3o da garantia do anonimato, que \u00e9 a base da credibilidade alcan\u00e7ada pelo servi\u00e7o ao longo de todos esses anos junto \u00e0 popula\u00e7\u00e3o. \u201cTrabalhamos com uma escuta qualificada e com analistas de atendimento treinados para receber as den\u00fancias com a garantia total do anonimato em qualquer uma das plataformas de atendimento dispon\u00edveis hoje\u201d, disse. Atualmente, as den\u00fancias chegam pelo <strong>2253-1177<\/strong>, pelo WhatsApp (<strong>21-2253-1177<\/strong>) e pelo Aplicativo Dique Den\u00fancia.<\/p>\n","protected":false},"excerpt":{"rendered":"<p>O presidente do Conselho Empresarial de Seguran\u00e7a e Ordem P\u00fablica da ACRJ, Fernando Veloso, e conselheiros foram recebidos esta semana pelo diretor-geral do Instituto MovRio&hellip;<\/p>\n","protected":false},"author":3,"featured_media":36146,"comment_status":"closed","ping_status":"closed","sticky":false,"template":"","format":"standard","meta":{"_exactmetrics_skip_tracking":false,"_exactmetrics_sitenote_active":false,"_exactmetrics_sitenote_note":"","_exactmetrics_sitenote_category":0,"footnotes":""},"categories":[56,10],"tags":[],"class_list":["post-36145","post","type-post","status-publish","format-standard","has-post-thumbnail","hentry","category-destaque_conselhos","category-noticias"],"_links":{"self":[{"href":"https:\/\/acrj.org.br\/index.php\/wp-json\/wp\/v2\/posts\/36145","targetHints":{"allow":["GET"]}}],"collection":[{"href":"https:\/\/acrj.org.br\/index.php\/wp-json\/wp\/v2\/posts"}],"about":[{"href":"https:\/\/acrj.org.br\/index.php\/wp-json\/wp\/v2\/types\/post"}],"author":[{"embeddable":true,"href":"https:\/\/acrj.org.br\/index.php\/wp-json\/wp\/v2\/users\/3"}],"replies":[{"embeddable":true,"href":"https:\/\/acrj.org.br\/index.php\/wp-json\/wp\/v2\/comments?post=36145"}],"version-history":[{"count":0,"href":"https:\/\/acrj.org.br\/index.php\/wp-json\/wp\/v2\/posts\/36145\/revisions"}],"wp:featuredmedia":[{"embeddable":true,"href":"https:\/\/acrj.org.br\/index.php\/wp-json\/wp\/v2\/media\/36146"}],"wp:attachment":[{"href":"https:\/\/acrj.org.br\/index.php\/wp-json\/wp\/v2\/media?parent=36145"}],"wp:term":[{"taxonomy":"category","embeddable":true,"href":"https:\/\/acrj.org.br\/index.php\/wp-json\/wp\/v2\/categories?post=36145"},{"taxonomy":"post_tag","embeddable":true,"href":"https:\/\/acrj.org.br\/index.php\/wp-json\/wp\/v2\/tags?post=36145"}],"curies":[{"name":"wp","href":"https:\/\/api.w.org\/{rel}","templated":true}]}}