{"id":36014,"date":"2025-05-07T17:25:51","date_gmt":"2025-05-07T20:25:51","guid":{"rendered":"https:\/\/acrj.org.br\/?p=36014"},"modified":"2025-05-08T17:24:25","modified_gmt":"2025-05-08T20:24:25","slug":"presidente-do-conselho-de-longevidade-da-acrj-participara-do-icic25-em-lisboa","status":"publish","type":"post","link":"https:\/\/acrj.org.br\/index.php\/2025\/05\/07\/presidente-do-conselho-de-longevidade-da-acrj-participara-do-icic25-em-lisboa\/","title":{"rendered":"Presidente do Conselho de Longevidade da ACRJ participar\u00e1 do ICIC25 em Lisboa"},"content":{"rendered":"\n<p>O presidente do Conselho Empresarial de Longevidade da ACRJ, Carlos Molina, representando a Associa\u00e7\u00e3o Comercial e o Conselho, vai integrar a Miss\u00e3o Brasileira Brasil-Europa que participar\u00e1 da 25\u00aa Confer\u00eancia Internacional sobre Cuidados Integrados (ICIC25), que ocorrer\u00e1 de 14 a 16 de maio, no Centro Cultural de Bel\u00e9m, em Lisboa, Portugal.<\/p>\n\n\n\n<p>O ICIC25 \u00e9 um evento de destaque internacional que re\u00fane autoridades, gestores e especialistas do Brasil e de Portugal em um interc\u00e2mbio t\u00e9cnico-cient\u00edfico de alto n\u00edvel, abordando temas estrat\u00e9gicos sobre pol\u00edticas p\u00fablicas e gest\u00e3o em cuidados integrados. A confer\u00eancia contar\u00e1 com apresenta\u00e7\u00f5es de representantes do Servi\u00e7o Nacional de Sa\u00fade de Portugal e debates sobre modelos de certifica\u00e7\u00e3o de unidades de sa\u00fade, entre outros temas relevantes.<\/p>\n\n\n\n<p>\u201cA participa\u00e7\u00e3o do Conselho de Longevidade da ACRJ refor\u00e7a o compromisso da entidade em promover o desenvolvimento econ\u00f4mico e social, atuando na defesa dos interesses da classe empresarial fluminense e como agente interlocutor entre os empres\u00e1rios do Rio de Janeiro e os governos municipal, estadual e federal, com aten\u00e7\u00e3o especial aos impactos e oportunidades gerados pela longevidade da popula\u00e7\u00e3o\u201d, explicou Molina.<\/p>\n\n\n\n<p>Al\u00e9m de Carlos Molina, a Miss\u00e3o Internacional Brasil-Europa \u00e9 composta por representantes de diversos \u00f3rg\u00e3os do poder p\u00fablico brasileiro que atuam em defesa dos cuidados e do bem-estar da popula\u00e7\u00e3o idosa. Essa miss\u00e3o participar\u00e1 ativamente do ICIC25, contribuindo com a perspectiva brasileira sobre os desafios e avan\u00e7os no cuidado integrado voltado \u00e0s pessoas idosas.<\/p>\n\n\n\n<p>Outras informa\u00e7\u00f5es sobre o ICIC25, <strong><a href=\"https:\/\/integratedcarefoundation.org\/events\/icic25-international-conference-on-integrated-care-lisbon-portugal\">acesse aqui<\/a><\/strong><\/p>\n","protected":false},"excerpt":{"rendered":"<p>O presidente do Conselho Empresarial de Longevidade da ACRJ, Carlos Molina, representando a Associa\u00e7\u00e3o Comercial e o Conselho, vai integrar a Miss\u00e3o Brasileira Brasil-Europa que&hellip;<\/p>\n","protected":false},"author":3,"featured_media":36019,"comment_status":"closed","ping_status":"closed","sticky":false,"template":"","format":"standard","meta":{"_exactmetrics_skip_tracking":false,"_exactmetrics_sitenote_active":false,"_exactmetrics_sitenote_note":"","_exactmetrics_sitenote_category":0,"footnotes":""},"categories":[56,10],"tags":[],"class_list":["post-36014","post","type-post","status-publish","format-standard","has-post-thumbnail","hentry","category-destaque_conselhos","category-noticias"],"_links":{"self":[{"href":"https:\/\/acrj.org.br\/index.php\/wp-json\/wp\/v2\/posts\/36014","targetHints":{"allow":["GET"]}}],"collection":[{"href":"https:\/\/acrj.org.br\/index.php\/wp-json\/wp\/v2\/posts"}],"about":[{"href":"https:\/\/acrj.org.br\/index.php\/wp-json\/wp\/v2\/types\/post"}],"author":[{"embeddable":true,"href":"https:\/\/acrj.org.br\/index.php\/wp-json\/wp\/v2\/users\/3"}],"replies":[{"embeddable":true,"href":"https:\/\/acrj.org.br\/index.php\/wp-json\/wp\/v2\/comments?post=36014"}],"version-history":[{"count":0,"href":"https:\/\/acrj.org.br\/index.php\/wp-json\/wp\/v2\/posts\/36014\/revisions"}],"wp:featuredmedia":[{"embeddable":true,"href":"https:\/\/acrj.org.br\/index.php\/wp-json\/wp\/v2\/media\/36019"}],"wp:attachment":[{"href":"https:\/\/acrj.org.br\/index.php\/wp-json\/wp\/v2\/media?parent=36014"}],"wp:term":[{"taxonomy":"category","embeddable":true,"href":"https:\/\/acrj.org.br\/index.php\/wp-json\/wp\/v2\/categories?post=36014"},{"taxonomy":"post_tag","embeddable":true,"href":"https:\/\/acrj.org.br\/index.php\/wp-json\/wp\/v2\/tags?post=36014"}],"curies":[{"name":"wp","href":"https:\/\/api.w.org\/{rel}","templated":true}]}}