{"id":35933,"date":"2025-04-29T12:38:09","date_gmt":"2025-04-29T15:38:09","guid":{"rendered":"https:\/\/acrj.org.br\/?p=35933"},"modified":"2025-04-29T12:39:22","modified_gmt":"2025-04-29T15:39:22","slug":"conselho-vai-realizar-forum-para-discutir-o-setor-editorial-no-rio","status":"publish","type":"post","link":"https:\/\/acrj.org.br\/index.php\/2025\/04\/29\/conselho-vai-realizar-forum-para-discutir-o-setor-editorial-no-rio\/","title":{"rendered":"Conselho vai realizar f\u00f3rum para discutir o setor editorial no Rio"},"content":{"rendered":"\n<p>O presidente do Conselho Empresarial das Micro e Pequenas Empresas da ACRJ, Thor Carvalho, prop\u00f4s a realiza\u00e7\u00e3o de um f\u00f3rum para debater o mercado editorial no Rio de Janeiro durante a reuni\u00e3o mensal do Conselho, dia 29 de abril. A ideia surgiu a partir a escolha da cidade como a capital mundial do livro e faz parte as a\u00e7\u00f5es do Projeto Grandes Eventos, uma iniciativa do Conselho lan\u00e7ada este ano.<\/p>\n\n\n\n<p>O objetivo deste f\u00f3rum ser\u00e1 abordar o setor editorial no Rio, tra\u00e7ando um perfil deste mercado para as micro e pequenas empresas e identificando as oportunidades de neg\u00f3cios, tanto para editoras como para as livrarias. Para viabilizar o evento, o presidente do Conselho adiantou que vai propor uma parceria com o Conselho de Cultura da Casa de Mau\u00e1 e outras institui\u00e7\u00f5es, como o Sebrae.<\/p>\n\n\n\n<p>Al\u00e9m da realiza\u00e7\u00e3o do f\u00f3rum, os conselheiros fizeram diversas sugest\u00f5es que ser\u00e3o consolidadas para serem apresentadas ao presidente da ACRJ, Josier Vilar, que criou este ano um grupo de trabalho para desenvolver a\u00e7\u00f5es pelo ano do Rio, capital mundial do livro<\/p>\n","protected":false},"excerpt":{"rendered":"<p>O presidente do Conselho Empresarial das Micro e Pequenas Empresas da ACRJ, Thor Carvalho, prop\u00f4s a realiza\u00e7\u00e3o de um f\u00f3rum para debater o mercado editorial&hellip;<\/p>\n","protected":false},"author":3,"featured_media":35934,"comment_status":"closed","ping_status":"closed","sticky":false,"template":"","format":"standard","meta":{"_exactmetrics_skip_tracking":false,"_exactmetrics_sitenote_active":false,"_exactmetrics_sitenote_note":"","_exactmetrics_sitenote_category":0,"footnotes":""},"categories":[56,10],"tags":[],"class_list":["post-35933","post","type-post","status-publish","format-standard","has-post-thumbnail","hentry","category-destaque_conselhos","category-noticias"],"_links":{"self":[{"href":"https:\/\/acrj.org.br\/index.php\/wp-json\/wp\/v2\/posts\/35933","targetHints":{"allow":["GET"]}}],"collection":[{"href":"https:\/\/acrj.org.br\/index.php\/wp-json\/wp\/v2\/posts"}],"about":[{"href":"https:\/\/acrj.org.br\/index.php\/wp-json\/wp\/v2\/types\/post"}],"author":[{"embeddable":true,"href":"https:\/\/acrj.org.br\/index.php\/wp-json\/wp\/v2\/users\/3"}],"replies":[{"embeddable":true,"href":"https:\/\/acrj.org.br\/index.php\/wp-json\/wp\/v2\/comments?post=35933"}],"version-history":[{"count":0,"href":"https:\/\/acrj.org.br\/index.php\/wp-json\/wp\/v2\/posts\/35933\/revisions"}],"wp:featuredmedia":[{"embeddable":true,"href":"https:\/\/acrj.org.br\/index.php\/wp-json\/wp\/v2\/media\/35934"}],"wp:attachment":[{"href":"https:\/\/acrj.org.br\/index.php\/wp-json\/wp\/v2\/media?parent=35933"}],"wp:term":[{"taxonomy":"category","embeddable":true,"href":"https:\/\/acrj.org.br\/index.php\/wp-json\/wp\/v2\/categories?post=35933"},{"taxonomy":"post_tag","embeddable":true,"href":"https:\/\/acrj.org.br\/index.php\/wp-json\/wp\/v2\/tags?post=35933"}],"curies":[{"name":"wp","href":"https:\/\/api.w.org\/{rel}","templated":true}]}}