{"id":35864,"date":"2025-04-28T16:05:16","date_gmt":"2025-04-28T19:05:16","guid":{"rendered":"https:\/\/acrj.org.br\/?p=35864"},"modified":"2025-04-29T12:11:19","modified_gmt":"2025-04-29T15:11:19","slug":"ministra-da-economia-de-el-salvador-e-recebida-na-acrj","status":"publish","type":"post","link":"https:\/\/acrj.org.br\/index.php\/2025\/04\/28\/ministra-da-economia-de-el-salvador-e-recebida-na-acrj\/","title":{"rendered":"Ministra da Economia de El Salvador  \u00e9 recebida na ACRJ"},"content":{"rendered":"\n<p>A ministra da Economia de El Salvador, Mar\u00eda Luisa Hayem, foi recebida pelo presidente do Conselho Superior da ACRJ, Ruy Barreto Filho. Ela participou do almo\u00e7o promovido pelo diretor da ACRJ, Pedro Rafael, e estava acompanhada pelo embaixador de El Salvador no Brasil, Luis Alberto Aparicio Berm\u00fadez, entre outras autoridades.<\/p>\n\n\n\n<figure class=\"wp-block-image size-large is-resized\"><img fetchpriority=\"high\" decoding=\"async\" width=\"1024\" height=\"460\" src=\"https:\/\/acrj.org.br\/wp-content\/uploads\/2025\/04\/site-1024x460.jpg\" alt=\"\" class=\"wp-image-35868\" style=\"width:500px\" srcset=\"https:\/\/acrj.org.br\/wp-content\/uploads\/2025\/04\/site-1024x460.jpg 1024w, https:\/\/acrj.org.br\/wp-content\/uploads\/2025\/04\/site-300x135.jpg 300w, https:\/\/acrj.org.br\/wp-content\/uploads\/2025\/04\/site-768x345.jpg 768w, https:\/\/acrj.org.br\/wp-content\/uploads\/2025\/04\/site-1536x690.jpg 1536w, https:\/\/acrj.org.br\/wp-content\/uploads\/2025\/04\/site.jpg 2000w\" sizes=\"(max-width: 1024px) 100vw, 1024px\" \/><figcaption class=\"wp-element-caption\"><em>Ministra Mar\u00eda Luisa Hayem<\/em> <em>apresentou as potencialidades de El Salvador<\/em><\/figcaption><\/figure>\n\n\n\n<p>Ruy Barreto Filho saudou a ministra e os convidados. \u201cPara n\u00f3s \u00e9 uma grande honra receber a ministra representando o seu pa\u00eds, El Salvador. Espero que possamos enriquecer os la\u00e7os bilaterais do com\u00e9rcio entre nossos pa\u00edses\u201d, disse. A ministra fez uma apresenta\u00e7\u00e3o sobre as potencialidades de El Salvador e as oportunidades de neg\u00f3cios entre os dois pa\u00edses.<\/p>\n\n\n\n<figure class=\"wp-block-image size-large is-resized\"><img decoding=\"async\" width=\"1024\" height=\"502\" src=\"https:\/\/acrj.org.br\/wp-content\/uploads\/2025\/04\/site1-1024x502.jpg\" alt=\"\" class=\"wp-image-35867\" style=\"width:500px\" srcset=\"https:\/\/acrj.org.br\/wp-content\/uploads\/2025\/04\/site1-1024x502.jpg 1024w, https:\/\/acrj.org.br\/wp-content\/uploads\/2025\/04\/site1-300x147.jpg 300w, https:\/\/acrj.org.br\/wp-content\/uploads\/2025\/04\/site1-768x377.jpg 768w, https:\/\/acrj.org.br\/wp-content\/uploads\/2025\/04\/site1-1536x754.jpg 1536w, https:\/\/acrj.org.br\/wp-content\/uploads\/2025\/04\/site1.jpg 1832w\" sizes=\"(max-width: 1024px) 100vw, 1024px\" \/><\/figure>\n\n\n\n<figure class=\"wp-block-image size-large is-resized\"><img decoding=\"async\" width=\"2560\" height=\"1440\" src=\"https:\/\/acrj.org.br\/wp-content\/uploads\/2025\/04\/site2-edited-scaled.jpg\" alt=\"\" class=\"wp-image-35920\" style=\"width:500px\" srcset=\"https:\/\/acrj.org.br\/wp-content\/uploads\/2025\/04\/site2-edited-scaled.jpg 2560w, https:\/\/acrj.org.br\/wp-content\/uploads\/2025\/04\/site2-edited-300x169.jpg 300w, https:\/\/acrj.org.br\/wp-content\/uploads\/2025\/04\/site2-edited-1024x576.jpg 1024w, https:\/\/acrj.org.br\/wp-content\/uploads\/2025\/04\/site2-edited-768x432.jpg 768w, https:\/\/acrj.org.br\/wp-content\/uploads\/2025\/04\/site2-edited-1536x864.jpg 1536w, https:\/\/acrj.org.br\/wp-content\/uploads\/2025\/04\/site2-edited-2048x1152.jpg 2048w\" sizes=\"(max-width: 2560px) 100vw, 2560px\" \/><figcaption class=\"wp-element-caption\"><em>Pedro Rafael abriu o evento<\/em><\/figcaption><\/figure>\n","protected":false},"excerpt":{"rendered":"<p>A ministra da Economia de El Salvador, Mar\u00eda Luisa Hayem, foi recebida pelo presidente do Conselho Superior da ACRJ, Ruy Barreto Filho. Ela participou do&hellip;<\/p>\n","protected":false},"author":3,"featured_media":35866,"comment_status":"closed","ping_status":"closed","sticky":false,"template":"","format":"standard","meta":{"_exactmetrics_skip_tracking":false,"_exactmetrics_sitenote_active":false,"_exactmetrics_sitenote_note":"","_exactmetrics_sitenote_category":0,"footnotes":""},"categories":[10],"tags":[],"class_list":["post-35864","post","type-post","status-publish","format-standard","has-post-thumbnail","hentry","category-noticias"],"_links":{"self":[{"href":"https:\/\/acrj.org.br\/index.php\/wp-json\/wp\/v2\/posts\/35864","targetHints":{"allow":["GET"]}}],"collection":[{"href":"https:\/\/acrj.org.br\/index.php\/wp-json\/wp\/v2\/posts"}],"about":[{"href":"https:\/\/acrj.org.br\/index.php\/wp-json\/wp\/v2\/types\/post"}],"author":[{"embeddable":true,"href":"https:\/\/acrj.org.br\/index.php\/wp-json\/wp\/v2\/users\/3"}],"replies":[{"embeddable":true,"href":"https:\/\/acrj.org.br\/index.php\/wp-json\/wp\/v2\/comments?post=35864"}],"version-history":[{"count":0,"href":"https:\/\/acrj.org.br\/index.php\/wp-json\/wp\/v2\/posts\/35864\/revisions"}],"wp:featuredmedia":[{"embeddable":true,"href":"https:\/\/acrj.org.br\/index.php\/wp-json\/wp\/v2\/media\/35866"}],"wp:attachment":[{"href":"https:\/\/acrj.org.br\/index.php\/wp-json\/wp\/v2\/media?parent=35864"}],"wp:term":[{"taxonomy":"category","embeddable":true,"href":"https:\/\/acrj.org.br\/index.php\/wp-json\/wp\/v2\/categories?post=35864"},{"taxonomy":"post_tag","embeddable":true,"href":"https:\/\/acrj.org.br\/index.php\/wp-json\/wp\/v2\/tags?post=35864"}],"curies":[{"name":"wp","href":"https:\/\/api.w.org\/{rel}","templated":true}]}}