{"id":35790,"date":"2025-04-24T08:07:31","date_gmt":"2025-04-24T11:07:31","guid":{"rendered":"https:\/\/acrj.org.br\/?p=35790"},"modified":"2025-04-28T16:12:55","modified_gmt":"2025-04-28T19:12:55","slug":"35790","status":"publish","type":"post","link":"https:\/\/acrj.org.br\/index.php\/2025\/04\/24\/35790\/","title":{"rendered":"Presidente da ACRJ participa da assinatura do acordo entre Fiocruz e INL em Lisboa"},"content":{"rendered":"\n<p>O presidente da ACRJ, Josier Vilar, participou, dia 23\/4, da assinatura do acordo de coopera\u00e7\u00e3o entre a Fiocruz e o International Laboratory of Nanotechnology (INL), em Lisboa, para transfer\u00eancia de tecnologia de nanomedicina e nanoengenharia para a institui\u00e7\u00e3o brasileira. Tamb\u00e9m foi assinado o termo de cess\u00e3o do espaco cedido pela APEX-Brasil a Fiocruz, num belo e hist\u00f3rico pr\u00e9dio no centro de Lisboa onde ser\u00e1 instalado o escrit\u00f3rio da Fiocruz para a Europa.<\/p>\n\n\n\n<p>&#8220;A internacionaliza\u00e7\u00e3o da Fiocruz no continente europeu possibilitar\u00e1 a constru\u00e7\u00e3o de novas parcerias com institui\u00e7\u00f5es de pesquisas e com as ind\u00fastrias de f\u00e1rmacos da Europa. Uma grande conquista brasileira atrav\u00e9s da Apex e Fiocruz&#8221;, ressaltou Josier Vilar.<\/p>\n\n\n\n<figure class=\"wp-block-image size-medium is-resized\"><img fetchpriority=\"high\" decoding=\"async\" width=\"1200\" height=\"900\" src=\"https:\/\/acrj.org.br\/wp-content\/uploads\/2025\/04\/1000114587-edited.jpg\" alt=\"\" class=\"wp-image-35803\" style=\"width:500px\" srcset=\"https:\/\/acrj.org.br\/wp-content\/uploads\/2025\/04\/1000114587-edited.jpg 1200w, https:\/\/acrj.org.br\/wp-content\/uploads\/2025\/04\/1000114587-edited-300x225.jpg 300w, https:\/\/acrj.org.br\/wp-content\/uploads\/2025\/04\/1000114587-edited-1024x768.jpg 1024w, https:\/\/acrj.org.br\/wp-content\/uploads\/2025\/04\/1000114587-edited-768x576.jpg 768w\" sizes=\"(max-width: 1200px) 100vw, 1200px\" \/><figcaption class=\"wp-element-caption\"><em>Mario Moreira e Jorge Vianna<\/em><\/figcaption><\/figure>\n\n\n\n<p>Estiveram presentes o presidente da Fiocruz, Mario Moreira, o presidente da APEX Jorge Vianna, o Embaixador do Brasil em Portugal, Raimundo Carreiro, o ex-senador Aloysio Nunes, representantes do INL e diversas autoridades do mundo empresarial e cient\u00edfico, al\u00e9m de representantes do Itamaraty no continente europeu.<\/p>\n\n\n\n<p><\/p>\n\n\n\n<figure class=\"wp-block-image size-medium is-resized\"><img decoding=\"async\" width=\"300\" height=\"225\" src=\"https:\/\/acrj.org.br\/wp-content\/uploads\/2025\/04\/1000114586-300x225.jpg\" alt=\"\" class=\"wp-image-35813\" style=\"width:500px\" srcset=\"https:\/\/acrj.org.br\/wp-content\/uploads\/2025\/04\/1000114586-300x225.jpg 300w, https:\/\/acrj.org.br\/wp-content\/uploads\/2025\/04\/1000114586-1024x768.jpg 1024w, https:\/\/acrj.org.br\/wp-content\/uploads\/2025\/04\/1000114586-768x576.jpg 768w, https:\/\/acrj.org.br\/wp-content\/uploads\/2025\/04\/1000114586-1536x1152.jpg 1536w, https:\/\/acrj.org.br\/wp-content\/uploads\/2025\/04\/1000114586-2048x1536.jpg 2048w\" sizes=\"(max-width: 300px) 100vw, 300px\" \/><\/figure>\n","protected":false},"excerpt":{"rendered":"<p>O presidente da ACRJ, Josier Vilar, participou, dia 23\/4, da assinatura do acordo de coopera\u00e7\u00e3o entre a Fiocruz e o International Laboratory of Nanotechnology (INL), em Lisboa.<\/p>\n","protected":false},"author":3,"featured_media":35809,"comment_status":"closed","ping_status":"closed","sticky":false,"template":"","format":"standard","meta":{"_exactmetrics_skip_tracking":false,"_exactmetrics_sitenote_active":false,"_exactmetrics_sitenote_note":"","_exactmetrics_sitenote_category":0,"footnotes":""},"categories":[6,10],"tags":[],"class_list":["post-35790","post","type-post","status-publish","format-standard","has-post-thumbnail","hentry","category-destaque_noticias","category-noticias"],"_links":{"self":[{"href":"https:\/\/acrj.org.br\/index.php\/wp-json\/wp\/v2\/posts\/35790","targetHints":{"allow":["GET"]}}],"collection":[{"href":"https:\/\/acrj.org.br\/index.php\/wp-json\/wp\/v2\/posts"}],"about":[{"href":"https:\/\/acrj.org.br\/index.php\/wp-json\/wp\/v2\/types\/post"}],"author":[{"embeddable":true,"href":"https:\/\/acrj.org.br\/index.php\/wp-json\/wp\/v2\/users\/3"}],"replies":[{"embeddable":true,"href":"https:\/\/acrj.org.br\/index.php\/wp-json\/wp\/v2\/comments?post=35790"}],"version-history":[{"count":0,"href":"https:\/\/acrj.org.br\/index.php\/wp-json\/wp\/v2\/posts\/35790\/revisions"}],"wp:featuredmedia":[{"embeddable":true,"href":"https:\/\/acrj.org.br\/index.php\/wp-json\/wp\/v2\/media\/35809"}],"wp:attachment":[{"href":"https:\/\/acrj.org.br\/index.php\/wp-json\/wp\/v2\/media?parent=35790"}],"wp:term":[{"taxonomy":"category","embeddable":true,"href":"https:\/\/acrj.org.br\/index.php\/wp-json\/wp\/v2\/categories?post=35790"},{"taxonomy":"post_tag","embeddable":true,"href":"https:\/\/acrj.org.br\/index.php\/wp-json\/wp\/v2\/tags?post=35790"}],"curies":[{"name":"wp","href":"https:\/\/api.w.org\/{rel}","templated":true}]}}