{"id":35634,"date":"2025-04-14T11:21:16","date_gmt":"2025-04-14T14:21:16","guid":{"rendered":"https:\/\/acrj.org.br\/?p=35634"},"modified":"2025-05-14T13:02:22","modified_gmt":"2025-05-14T16:02:22","slug":"seminario-sobre-conselhos-consultivos-e-as-empresas-fechadas","status":"publish","type":"post","link":"https:\/\/acrj.org.br\/index.php\/2025\/04\/14\/seminario-sobre-conselhos-consultivos-e-as-empresas-fechadas\/","title":{"rendered":"Semin\u00e1rio sobre Conselhos Consultivos e as empresas fechadas"},"content":{"rendered":"\n<p>A ACRJ promove, dia 9 de maio, \u00e0s 10 horas, o Semin\u00e1rio \u201cA contribui\u00e7\u00e3o dos Conselhos Consultivos para a evolu\u00e7\u00e3o das empresas fechadas\u201d. Este \u00e9 o primeiro evento do ano em parceira com o IBGC (Instituto Brasileiro de Governan\u00e7a Corporativa) e \u00e9 mais uma iniciativa que faz parte do conv\u00eanio de coopera\u00e7\u00e3o firmado entre a ACRJ e o Instituto.<\/p>\n\n\n\n<p>O semin\u00e1rio contar\u00e1 com a presen\u00e7a dos conselheiros consultivos Leonardo Zylberman e Gaspar Carreira J\u00fanior. A iniciativa do evento \u00e9 do Conselho Empresarial de Governan\u00e7a, Compliance e Diversidade da ACRJ.<\/p>\n\n\n\n<p>&#x1f193; O encontro \u00e9 gratuito, mediante inscri\u00e7\u00e3o pr\u00e9via.<\/p>\n\n\n\n<p>&#x1f517; <strong><a href=\"https:\/\/forms.gle\/Zft3c5GdnwtNBkZy9\">Acesse aqui <\/a><\/strong>para se inscrever<\/p>\n\n\n\n<p><strong>SERVI\u00c7O<\/strong><\/p>\n\n\n\n<p>&#x1f5d3;&#xfe0f; Data: 09\/5\/2025<br>&#x1f552; Hor\u00e1rio: 10 horas<br>&#x1f3e2; Local: Sede da Associa\u00e7\u00e3o Comercial do RJ &#8211; ACRJ &#8211; Rua Candel\u00e1ria, 9\/12\u00ba andar &#8211; Centro &#8211; RJ<br>&#x260e; Informa\u00e7\u00f5es: 2514-1203<\/p>\n","protected":false},"excerpt":{"rendered":"<p>A ACRJ promove, dia 9 de maio, \u00e0s 10 horas, o Semin\u00e1rio \u201cA contribui\u00e7\u00e3o dos Conselhos Consultivos para a evolu\u00e7\u00e3o das empresas fechadas\u201d. Este \u00e9&hellip;<\/p>\n","protected":false},"author":3,"featured_media":35651,"comment_status":"closed","ping_status":"closed","sticky":false,"template":"","format":"standard","meta":{"_exactmetrics_skip_tracking":false,"_exactmetrics_sitenote_active":false,"_exactmetrics_sitenote_note":"","_exactmetrics_sitenote_category":0,"footnotes":""},"categories":[83],"tags":[],"class_list":["post-35634","post","type-post","status-publish","format-standard","has-post-thumbnail","hentry","category-eventos_acrj"],"_links":{"self":[{"href":"https:\/\/acrj.org.br\/index.php\/wp-json\/wp\/v2\/posts\/35634","targetHints":{"allow":["GET"]}}],"collection":[{"href":"https:\/\/acrj.org.br\/index.php\/wp-json\/wp\/v2\/posts"}],"about":[{"href":"https:\/\/acrj.org.br\/index.php\/wp-json\/wp\/v2\/types\/post"}],"author":[{"embeddable":true,"href":"https:\/\/acrj.org.br\/index.php\/wp-json\/wp\/v2\/users\/3"}],"replies":[{"embeddable":true,"href":"https:\/\/acrj.org.br\/index.php\/wp-json\/wp\/v2\/comments?post=35634"}],"version-history":[{"count":0,"href":"https:\/\/acrj.org.br\/index.php\/wp-json\/wp\/v2\/posts\/35634\/revisions"}],"wp:featuredmedia":[{"embeddable":true,"href":"https:\/\/acrj.org.br\/index.php\/wp-json\/wp\/v2\/media\/35651"}],"wp:attachment":[{"href":"https:\/\/acrj.org.br\/index.php\/wp-json\/wp\/v2\/media?parent=35634"}],"wp:term":[{"taxonomy":"category","embeddable":true,"href":"https:\/\/acrj.org.br\/index.php\/wp-json\/wp\/v2\/categories?post=35634"},{"taxonomy":"post_tag","embeddable":true,"href":"https:\/\/acrj.org.br\/index.php\/wp-json\/wp\/v2\/tags?post=35634"}],"curies":[{"name":"wp","href":"https:\/\/api.w.org\/{rel}","templated":true}]}}