{"id":35623,"date":"2025-04-09T15:47:09","date_gmt":"2025-04-09T18:47:09","guid":{"rendered":"https:\/\/acrj.org.br\/?p=35623"},"modified":"2025-04-11T15:49:06","modified_gmt":"2025-04-11T18:49:06","slug":"campanha-de-vacinacao-na-acrj","status":"publish","type":"post","link":"https:\/\/acrj.org.br\/index.php\/2025\/04\/09\/campanha-de-vacinacao-na-acrj\/","title":{"rendered":"Campanha de Vacina\u00e7\u00e3o na ACRJ"},"content":{"rendered":"\n<p>A Associa\u00e7\u00e3o Comercia do Rio de Janeiro, em parceria com a Secretaria Municipal de Sa\u00fade, promover\u00e1 a Campanha de Vacina\u00e7\u00e3o da Gripe e Tr\u00edplice Viral, dias 14 e 28 de abril, das 10h \u00e0s 16h.<\/p>\n\n\n\n<p><strong>Local:<\/strong> sede da ACRJ &#8211; Rua Candel\u00e1ria, 9 &#8211; hall de entrada do pr\u00e9dio &#8211; Gratuita. <\/p>\n\n\n\n<p><\/p>\n","protected":false},"excerpt":{"rendered":"<p>A Associa\u00e7\u00e3o Comercia do Rio de Janeiro, em parceria com a Secretaria Municipal de Sa\u00fade, promover\u00e1 a Campanha de Vacina\u00e7\u00e3o da Gripe e Tr\u00edplice Viral,&hellip;<\/p>\n","protected":false},"author":3,"featured_media":35624,"comment_status":"closed","ping_status":"closed","sticky":false,"template":"","format":"standard","meta":{"_exactmetrics_skip_tracking":false,"_exactmetrics_sitenote_active":false,"_exactmetrics_sitenote_note":"","_exactmetrics_sitenote_category":0,"footnotes":""},"categories":[10],"tags":[],"class_list":["post-35623","post","type-post","status-publish","format-standard","has-post-thumbnail","hentry","category-noticias"],"_links":{"self":[{"href":"https:\/\/acrj.org.br\/index.php\/wp-json\/wp\/v2\/posts\/35623","targetHints":{"allow":["GET"]}}],"collection":[{"href":"https:\/\/acrj.org.br\/index.php\/wp-json\/wp\/v2\/posts"}],"about":[{"href":"https:\/\/acrj.org.br\/index.php\/wp-json\/wp\/v2\/types\/post"}],"author":[{"embeddable":true,"href":"https:\/\/acrj.org.br\/index.php\/wp-json\/wp\/v2\/users\/3"}],"replies":[{"embeddable":true,"href":"https:\/\/acrj.org.br\/index.php\/wp-json\/wp\/v2\/comments?post=35623"}],"version-history":[{"count":0,"href":"https:\/\/acrj.org.br\/index.php\/wp-json\/wp\/v2\/posts\/35623\/revisions"}],"wp:featuredmedia":[{"embeddable":true,"href":"https:\/\/acrj.org.br\/index.php\/wp-json\/wp\/v2\/media\/35624"}],"wp:attachment":[{"href":"https:\/\/acrj.org.br\/index.php\/wp-json\/wp\/v2\/media?parent=35623"}],"wp:term":[{"taxonomy":"category","embeddable":true,"href":"https:\/\/acrj.org.br\/index.php\/wp-json\/wp\/v2\/categories?post=35623"},{"taxonomy":"post_tag","embeddable":true,"href":"https:\/\/acrj.org.br\/index.php\/wp-json\/wp\/v2\/tags?post=35623"}],"curies":[{"name":"wp","href":"https:\/\/api.w.org\/{rel}","templated":true}]}}