{"id":35596,"date":"2025-04-11T13:37:36","date_gmt":"2025-04-11T16:37:36","guid":{"rendered":"https:\/\/acrj.org.br\/?p=35596"},"modified":"2025-04-28T16:23:21","modified_gmt":"2025-04-28T19:23:21","slug":"35596","status":"publish","type":"post","link":"https:\/\/acrj.org.br\/index.php\/2025\/04\/11\/35596\/","title":{"rendered":"Conselheiros debatem novos projetos e analisam cen\u00e1rio das recentes tarifas americanas"},"content":{"rendered":"\n<p>O Conselho Empresarial de Varejo da ACRJ se reuniu nesta 5\u00aa feira, 10 de abril, para debater os projetos previstos para o 2\u00ba semestre do ano. Na pauta do Conselho est\u00e3o a produ\u00e7\u00e3o de um livro contando hist\u00f3rias inspiradoras das marcas do varejo que comp\u00f5em o Conselho e a realiza\u00e7\u00e3o do projeto Natal Solid\u00e1rio do Varejo. &nbsp;A reuni\u00e3o foi coordenada pelo presidente do Conselho, Juedir Viana Teixeira, e o vice, Ricardo Guin\u00e2ncio.<\/p>\n\n\n\n<figure class=\"wp-block-image size-large is-resized\"><img fetchpriority=\"high\" decoding=\"async\" width=\"1024\" height=\"623\" src=\"https:\/\/acrj.org.br\/wp-content\/uploads\/2025\/04\/juedir-1024x623.jpg\" alt=\"\" class=\"wp-image-35615\" style=\"width:500px\" srcset=\"https:\/\/acrj.org.br\/wp-content\/uploads\/2025\/04\/juedir-1024x623.jpg 1024w, https:\/\/acrj.org.br\/wp-content\/uploads\/2025\/04\/juedir-300x183.jpg 300w, https:\/\/acrj.org.br\/wp-content\/uploads\/2025\/04\/juedir-768x468.jpg 768w, https:\/\/acrj.org.br\/wp-content\/uploads\/2025\/04\/juedir-1536x935.jpg 1536w, https:\/\/acrj.org.br\/wp-content\/uploads\/2025\/04\/juedir-2048x1247.jpg 2048w\" sizes=\"(max-width: 1024px) 100vw, 1024px\" \/><figcaption class=\"wp-element-caption\"><em>Ricardo Guin\u00e2ncio e Juedir Teixeira<\/em><\/figcaption><\/figure>\n\n\n\n<p>Segundo o presidente do Conselho, Juedir Teixeira, este livro comemorativo, com o t\u00edtulo \u201cConex\u00f5es do Varejo: Hist\u00f3rias Inspiradoras das Marcas da ACRJ&#8221;\u00b4, vai resgatar as hist\u00f3rias das marcas que ajudaram a moldar o varejo no Rio de Janeiro. \u201cEste projeto ser\u00e1 mais do que um registro documental, ser\u00e1 um tributo \u00e0 for\u00e7a e resili\u00eancia das empresas que comp\u00f5em o Conselho de Varejo, destacando suas trajet\u00f3rias \u00fanicas, desafios superados e o impacto significativo na cidade do Rio de Janeiro\u201d, disse.<\/p>\n\n\n\n<p>O Natal Solid\u00e1rio, que no ano passado contou com a arrecada\u00e7\u00e3o de brinquedos e a campanha de doa\u00e7\u00e3o de sangue, este ano ser\u00e1 ampliada e coordenada pelo Conselho. \u201cVamos mobilizar empres\u00e1rios e profissionais unidos pelo desenvolvimento do ecossistema varejista do Rio de Janeiro em um movimento que vai promover a inclus\u00e3o social e a sustentabilidade atrav\u00e9s de a\u00e7\u00f5es solid\u00e1rias\u201d, explicou Juedir, informando que em breve ser\u00e3o divulgados os detalhes do projeto e como as empresas poder\u00e3o se engajar.<\/p>\n\n\n\n<p>Na se\u00e7\u00e3o \u201cHist\u00f3ria das Marcas\u201d, o conselheiro Jaime Ribeiro, diretor de Expans\u00e3o da Americanas, fez uma apresenta\u00e7\u00e3o sobre a trajet\u00f3ria da empresa, que tem 95 anos de atua\u00e7\u00e3o no pa\u00eds, e est\u00e1 presente hoje em todas as regi\u00f5es brasileiras com 1.600 lojas em mais de 800 cidades. Segundo o diretor, depois de um processo de recupera\u00e7\u00e3o judicial iniciado em 2023, a empresa come\u00e7ou sua reestrutura\u00e7\u00e3o e acelera as mudan\u00e7as, realizando o pagamento de credores, remodelando o sortimento de produtos e retomando o crescimento. Saiba mais <strong><a href=\"https:\/\/acrj.org.br\/wp-content\/uploads\/2025\/04\/Apresentacao-Americanas-Associacao-Comercial-RJ.pdf\">aqui<\/a><\/strong><\/p>\n\n\n\n<figure class=\"wp-block-image size-full is-resized\"><img decoding=\"async\" width=\"710\" height=\"473\" src=\"https:\/\/acrj.org.br\/wp-content\/uploads\/2025\/04\/jaime-1-edited.jpg\" alt=\"\" class=\"wp-image-35895\" style=\"width:500px\" srcset=\"https:\/\/acrj.org.br\/wp-content\/uploads\/2025\/04\/jaime-1-edited.jpg 710w, https:\/\/acrj.org.br\/wp-content\/uploads\/2025\/04\/jaime-1-edited-300x200.jpg 300w\" sizes=\"(max-width: 710px) 100vw, 710px\" \/><figcaption class=\"wp-element-caption\"><em>Jaime Ribeiro contou a hist\u00f3ria da Americanas<\/em><\/figcaption><\/figure>\n\n\n\n<p>Em outro item da pauta, o jovem empres\u00e1rio e conselheiro Victor Rocha apresentou o conceito do Lojaz, o primeiro Marketplace com delivery de moda do mundo que entrega o produto entre 30 e 60 minutos. A startup tem mais de 150 marcas cadastradas e cerca de 12 mil produtos no APP. \u201c\u00c9 um novo conceito de compra com entrega r\u00e1pida e segura para quem vende e quem compra\u201d, disse Victor. Saiba mais <strong><a href=\"https:\/\/acrj.org.br\/wp-content\/uploads\/2025\/04\/Apresentacao-Lojaz-ACRJ-varejo.pdf\">aqui<\/a><\/strong><\/p>\n\n\n\n<figure class=\"wp-block-image size-full is-resized\"><img decoding=\"async\" width=\"921\" height=\"614\" src=\"https:\/\/acrj.org.br\/wp-content\/uploads\/2025\/04\/victor-edited.jpg\" alt=\"\" class=\"wp-image-35605\" style=\"width:500px\" srcset=\"https:\/\/acrj.org.br\/wp-content\/uploads\/2025\/04\/victor-edited.jpg 921w, https:\/\/acrj.org.br\/wp-content\/uploads\/2025\/04\/victor-edited-300x200.jpg 300w, https:\/\/acrj.org.br\/wp-content\/uploads\/2025\/04\/victor-edited-768x512.jpg 768w\" sizes=\"(max-width: 921px) 100vw, 921px\" \/><figcaption class=\"wp-element-caption\"><em>Victor Rocha da Lojaz<\/em><\/figcaption><\/figure>\n\n\n\n<p>Os conselheiros tamb\u00e9m debateram os impactos das novas tarifas do governo Trump no varejo, analisando amea\u00e7as e oportunidades para o Brasil. O conselheiro Roberto Mathias fez um breve relato das \u00faltimas decis\u00f5es do presidente dos EUA, Donald Trump, destacando que, atualmente, h\u00e1 uma desorganiza\u00e7\u00e3o geopol\u00edtica que impacta diretamente a cadeia global de suprimentos.<\/p>\n\n\n\n<p>\u201cParte da produ\u00e7\u00e3o est\u00e1 na Alemanha, parte em Taiwan, parte na China, e quando h\u00e1 instabilidade, o efeito \u00e9 imediato para as grandes empresas. Se at\u00e9 gigantes como Apple e Motorola est\u00e3o enfrentando incertezas, como o consumidor ou o varejo poder\u00e1 planejar compras com confian\u00e7a? Entraremos no ciclo de vendas p\u00f3s-25 sem clareza sobre oferta, demanda ou inten\u00e7\u00e3o de consumo, o que trava o mercado\u201d, explicou.<\/p>\n\n\n\n<figure class=\"wp-block-image size-full is-resized\"><img loading=\"lazy\" decoding=\"async\" width=\"1508\" height=\"848\" src=\"https:\/\/acrj.org.br\/wp-content\/uploads\/2025\/04\/mathias-1-edited.jpg\" alt=\"\" class=\"wp-image-35613\" style=\"width:500px\" srcset=\"https:\/\/acrj.org.br\/wp-content\/uploads\/2025\/04\/mathias-1-edited.jpg 1508w, https:\/\/acrj.org.br\/wp-content\/uploads\/2025\/04\/mathias-1-edited-300x169.jpg 300w, https:\/\/acrj.org.br\/wp-content\/uploads\/2025\/04\/mathias-1-edited-1024x576.jpg 1024w, https:\/\/acrj.org.br\/wp-content\/uploads\/2025\/04\/mathias-1-edited-768x432.jpg 768w\" sizes=\"(max-width: 1508px) 100vw, 1508px\" \/><figcaption class=\"wp-element-caption\"><em>Roberto Mathias<\/em><\/figcaption><\/figure>\n\n\n\n<p>Mathias acrescentou que, apesar das incertezas, este momento pode ser uma oportunidade para o Brasil. \u201cO pa\u00eds pode ampliar a produ\u00e7\u00e3o de bens de menor rentabilidade com foco na exporta\u00e7\u00e3o para os Estados Unidos, aproveitando eventuais redu\u00e7\u00f5es tarif\u00e1rias, esta \u00e9 uma estrat\u00e9gia vi\u00e1vel e sem \u00f4nus pol\u00edtico direto. Paralelamente, fortalecer a produ\u00e7\u00e3o local \u00e9 essencial para reduzir custos no varejo e garantir maior competitividade. No entanto, essa din\u00e2mica depende de uma pol\u00edtica industrial consistente e de longo prazo. Caso contr\u00e1rio, o risco \u00e9 uma escassez global, e o Brasil perde por n\u00e3o enfrentar a realidade com a clareza necess\u00e1ria\u201d, disse.<\/p>\n","protected":false},"excerpt":{"rendered":"<p>O Conselho Empresarial de Varejo da ACRJ se reuniu nesta 5\u00aa feira, 10 de abril, para debater os projetos previstos para o 2\u00ba semestre do&hellip;<\/p>\n","protected":false},"author":3,"featured_media":35603,"comment_status":"closed","ping_status":"closed","sticky":false,"template":"","format":"standard","meta":{"_exactmetrics_skip_tracking":false,"_exactmetrics_sitenote_active":false,"_exactmetrics_sitenote_note":"","_exactmetrics_sitenote_category":0,"footnotes":""},"categories":[56],"tags":[],"class_list":["post-35596","post","type-post","status-publish","format-standard","has-post-thumbnail","hentry","category-destaque_conselhos"],"_links":{"self":[{"href":"https:\/\/acrj.org.br\/index.php\/wp-json\/wp\/v2\/posts\/35596","targetHints":{"allow":["GET"]}}],"collection":[{"href":"https:\/\/acrj.org.br\/index.php\/wp-json\/wp\/v2\/posts"}],"about":[{"href":"https:\/\/acrj.org.br\/index.php\/wp-json\/wp\/v2\/types\/post"}],"author":[{"embeddable":true,"href":"https:\/\/acrj.org.br\/index.php\/wp-json\/wp\/v2\/users\/3"}],"replies":[{"embeddable":true,"href":"https:\/\/acrj.org.br\/index.php\/wp-json\/wp\/v2\/comments?post=35596"}],"version-history":[{"count":0,"href":"https:\/\/acrj.org.br\/index.php\/wp-json\/wp\/v2\/posts\/35596\/revisions"}],"wp:featuredmedia":[{"embeddable":true,"href":"https:\/\/acrj.org.br\/index.php\/wp-json\/wp\/v2\/media\/35603"}],"wp:attachment":[{"href":"https:\/\/acrj.org.br\/index.php\/wp-json\/wp\/v2\/media?parent=35596"}],"wp:term":[{"taxonomy":"category","embeddable":true,"href":"https:\/\/acrj.org.br\/index.php\/wp-json\/wp\/v2\/categories?post=35596"},{"taxonomy":"post_tag","embeddable":true,"href":"https:\/\/acrj.org.br\/index.php\/wp-json\/wp\/v2\/tags?post=35596"}],"curies":[{"name":"wp","href":"https:\/\/api.w.org\/{rel}","templated":true}]}}