{"id":35575,"date":"2025-04-11T12:58:04","date_gmt":"2025-04-11T15:58:04","guid":{"rendered":"https:\/\/acrj.org.br\/?p=35575"},"modified":"2025-04-28T16:24:39","modified_gmt":"2025-04-28T19:24:39","slug":"subsecretaria-de-acoes-comunitarias-e-empreendedorismo-do-estado-participa-da-reuniao","status":"publish","type":"post","link":"https:\/\/acrj.org.br\/index.php\/2025\/04\/11\/subsecretaria-de-acoes-comunitarias-e-empreendedorismo-do-estado-participa-da-reuniao\/","title":{"rendered":"Subsecret\u00e1ria de Estado de A\u00e7\u00f5es Comunit\u00e1rias e Empreendedorismo participa da reuni\u00e3o"},"content":{"rendered":"\n<p>A subsecret\u00e1ria de A\u00e7\u00f5es Comunit\u00e1rias e Empreendedorismo do Estado do Rio de Janeiro, Karol Mendez, foi a convidada da reuni\u00e3o do Conselho Empresarial de Comunidades, Novos Neg\u00f3cios e Economia Solid\u00e1ria da ACRJ, dia 10 de mar\u00e7o. Ela falou sobre alguns projetos de sua pasta, que \u00e9 ligada \u00e0 Secretaria de Estado de Governo do Rio de Janeiro.<\/p>\n\n\n\n<p>Recebida pela presidente do Conselho, C\u00e9lia Domingues, e o vice, Robson Santos, a subsecret\u00e1ria mencionou tamb\u00e9m sobre alguns editais dispon\u00edveis para os empreendedores, como o Na Pista, realizado em parceria com a Faperj. Este edital visa apoiar projetos de inova\u00e7\u00e3o social e desenvolvimento local nas comunidades da Rocinha, Alem\u00e3o, Mar\u00e9, Cidade de Deus e no munic\u00edpio de Petr\u00f3polis, e contar\u00e1 com investimentos de at\u00e9 R$ 21 milh\u00f5es para financiar projetos inovadores nesses cinco territ\u00f3rios.<\/p>\n\n\n\n<figure class=\"wp-block-image size-large is-resized\"><img fetchpriority=\"high\" decoding=\"async\" width=\"2560\" height=\"1439\" src=\"https:\/\/acrj.org.br\/wp-content\/uploads\/2025\/04\/karol-edited-scaled.jpg\" alt=\"\" class=\"wp-image-35899\" style=\"width:500px\" srcset=\"https:\/\/acrj.org.br\/wp-content\/uploads\/2025\/04\/karol-edited-scaled.jpg 2560w, https:\/\/acrj.org.br\/wp-content\/uploads\/2025\/04\/karol-edited-300x169.jpg 300w, https:\/\/acrj.org.br\/wp-content\/uploads\/2025\/04\/karol-edited-1024x576.jpg 1024w, https:\/\/acrj.org.br\/wp-content\/uploads\/2025\/04\/karol-edited-768x432.jpg 768w, https:\/\/acrj.org.br\/wp-content\/uploads\/2025\/04\/karol-edited-1536x864.jpg 1536w, https:\/\/acrj.org.br\/wp-content\/uploads\/2025\/04\/karol-edited-2048x1151.jpg 2048w\" sizes=\"(max-width: 2560px) 100vw, 2560px\" \/><figcaption class=\"wp-element-caption\"><em>Robson Santos, C\u00e9lia Domingues e Karol Mendez<\/em><\/figcaption><\/figure>\n\n\n\n<p>C\u00e9lia Domingues aproveitou a oportunidade para falar sobre o \u201cNinho do Empreendedor\u201d, projeto criado pelo presidente da ACRJ, Josier Vilar, que deve entrar em opera\u00e7\u00e3o no segundo semestre, e ser\u00e1 um hub de apoio ao empreendedorismo, oferecendo servi\u00e7os de formaliza\u00e7\u00e3o, capacita\u00e7\u00e3o e orienta\u00e7\u00e3o empresarial, entre outros. \u201cEste \u00e9 um projeto maravilhoso, est\u00e1 praticamente pronto. A previs\u00e3o \u00e9 que a casa do empreendedor se torne refer\u00eancia no apoio a pequenos e m\u00e9dios neg\u00f3cios da regi\u00e3o\u201d, acrescentou C\u00e9lia.<\/p>\n\n\n\n<p>Celia sugeriu que seja agendada uma reuni\u00e3o do presidente da ACRJ com Karol Mendez para viabilizar uma parceria futura entre a Subsecretaria e a Associa\u00e7\u00e3o Comercial, para alinhar os pr\u00f3ximos passos e mapear outras oportunidades dentro da estrutura da Casa de Mau\u00e1. A reuni\u00e3o ser\u00e1 marcada no in\u00edcio de maio.<\/p>\n\n\n\n<p>Karol Mendez tamb\u00e9m falou sobre o projeto &#8220;Cidadania em A\u00e7\u00e3o&#8221; que percorre territ\u00f3rios de forma permanente com a\u00e7\u00f5es planejadas e intercaladas entre o social e o desenvolvimento territorial. \u201cJ\u00e1 realizamos duas a\u00e7\u00f5es sociais de impacto, ambas foram resultado direto de escuta ativa e deram origem \u00e0s primeiras oficinas da nossa Comiss\u00e3o de Governo Empreendedor, que s\u00e3o espa\u00e7os voltados para quem quer empreender, mas ainda n\u00e3o se formalizou ou sequer sabe por onde come\u00e7ar\u201d, explicou Karol, acrescentando que o \u201cCidadania em A\u00e7\u00e3o \u00e9 mais que um projeto, \u00e9 uma estrat\u00e9gia de transforma\u00e7\u00e3o territorial\u201d.<\/p>\n\n\n\n<figure class=\"wp-block-image size-large is-resized\"><img decoding=\"async\" width=\"1024\" height=\"460\" src=\"https:\/\/acrj.org.br\/wp-content\/uploads\/2025\/04\/mesa1-1024x460.jpg\" alt=\"\" class=\"wp-image-35583\" style=\"width:500px\" srcset=\"https:\/\/acrj.org.br\/wp-content\/uploads\/2025\/04\/mesa1-1024x460.jpg 1024w, https:\/\/acrj.org.br\/wp-content\/uploads\/2025\/04\/mesa1-300x135.jpg 300w, https:\/\/acrj.org.br\/wp-content\/uploads\/2025\/04\/mesa1-768x345.jpg 768w, https:\/\/acrj.org.br\/wp-content\/uploads\/2025\/04\/mesa1-1536x690.jpg 1536w, https:\/\/acrj.org.br\/wp-content\/uploads\/2025\/04\/mesa1.jpg 2000w\" sizes=\"(max-width: 1024px) 100vw, 1024px\" \/><\/figure>\n\n\n\n<p>A Subsecretaria tamb\u00e9m atua junto \u00e0 Prefeituras desenvolvendo um projeto para forma\u00e7\u00e3o espec\u00edfica para expositores locais. \u201cIdentificamos uma lacuna recorrente, onde muitas prefeituras disponibilizam espa\u00e7os para feiras, mas n\u00e3o oferecem suporte adequado para os expositores. O resultado \u00e9 o uso subaproveitado do potencial comercial desses eventos, j\u00e1 que nem toda feira \u00e9 igual e por esta raz\u00e3o a precifica\u00e7\u00e3o, a curadoria e a apresenta\u00e7\u00e3o do produto precisam ser adaptadas ao territ\u00f3rio\u201d, disse.<\/p>\n\n\n\n<p>Karol Mendez afirmou que a Subsecretaria quer institucionalizar a pol\u00edtica p\u00fablica de apoio ao empreendedorismo e conta com o apoio da ACRJ. \u201cE, nesse contexto, o papel deste Conselho \u00e9 estrat\u00e9gico. A representatividade aqui presente \u00e9 um ativo poderoso e \u00e9 por isso que a nossa presen\u00e7a conjunta neste momento \u00e9 t\u00e3o relevante. Precisamos garantir espa\u00e7o institucional para setores econ\u00f4micos cruciais, que ainda n\u00e3o t\u00eam voz ativa \u00e0 mesa, mas que s\u00e3o fundamentais para a din\u00e2mica da economia do Rio de Janeiro\u201d, ressaltou.<\/p>\n\n\n\n<p>Ela diz que costuma cobrar muito dos empres\u00e1rios e empreendedores que geram riqueza e impacto, \u201cmas \u00e9 nosso dever, como Governo, entregar estrutura, previsibilidade e pol\u00edtica p\u00fablica s\u00f3lida. Esse \u00e9 o ponto de virada&#8221;, finalizou.<\/p>\n\n\n\n<figure class=\"wp-block-image size-large is-resized\"><img decoding=\"async\" width=\"1024\" height=\"489\" src=\"https:\/\/acrj.org.br\/wp-content\/uploads\/2025\/04\/mesa2-3-1024x489.jpg\" alt=\"\" class=\"wp-image-35585\" style=\"width:500px\" srcset=\"https:\/\/acrj.org.br\/wp-content\/uploads\/2025\/04\/mesa2-3-1024x489.jpg 1024w, https:\/\/acrj.org.br\/wp-content\/uploads\/2025\/04\/mesa2-3-300x143.jpg 300w, https:\/\/acrj.org.br\/wp-content\/uploads\/2025\/04\/mesa2-3-768x366.jpg 768w, https:\/\/acrj.org.br\/wp-content\/uploads\/2025\/04\/mesa2-3-1536x733.jpg 1536w, https:\/\/acrj.org.br\/wp-content\/uploads\/2025\/04\/mesa2-3.jpg 1884w\" sizes=\"(max-width: 1024px) 100vw, 1024px\" \/><\/figure>\n","protected":false},"excerpt":{"rendered":"<p>A subsecret\u00e1ria de A\u00e7\u00f5es Comunit\u00e1rias e Empreendedorismo do Estado do Rio de Janeiro, Karol Mendez, foi a convidada da reuni\u00e3o do Conselho Empresarial de Comunidades,&hellip;<\/p>\n","protected":false},"author":3,"featured_media":35579,"comment_status":"closed","ping_status":"closed","sticky":false,"template":"","format":"standard","meta":{"_exactmetrics_skip_tracking":false,"_exactmetrics_sitenote_active":false,"_exactmetrics_sitenote_note":"","_exactmetrics_sitenote_category":0,"footnotes":""},"categories":[56,10],"tags":[],"class_list":["post-35575","post","type-post","status-publish","format-standard","has-post-thumbnail","hentry","category-destaque_conselhos","category-noticias"],"_links":{"self":[{"href":"https:\/\/acrj.org.br\/index.php\/wp-json\/wp\/v2\/posts\/35575","targetHints":{"allow":["GET"]}}],"collection":[{"href":"https:\/\/acrj.org.br\/index.php\/wp-json\/wp\/v2\/posts"}],"about":[{"href":"https:\/\/acrj.org.br\/index.php\/wp-json\/wp\/v2\/types\/post"}],"author":[{"embeddable":true,"href":"https:\/\/acrj.org.br\/index.php\/wp-json\/wp\/v2\/users\/3"}],"replies":[{"embeddable":true,"href":"https:\/\/acrj.org.br\/index.php\/wp-json\/wp\/v2\/comments?post=35575"}],"version-history":[{"count":0,"href":"https:\/\/acrj.org.br\/index.php\/wp-json\/wp\/v2\/posts\/35575\/revisions"}],"wp:featuredmedia":[{"embeddable":true,"href":"https:\/\/acrj.org.br\/index.php\/wp-json\/wp\/v2\/media\/35579"}],"wp:attachment":[{"href":"https:\/\/acrj.org.br\/index.php\/wp-json\/wp\/v2\/media?parent=35575"}],"wp:term":[{"taxonomy":"category","embeddable":true,"href":"https:\/\/acrj.org.br\/index.php\/wp-json\/wp\/v2\/categories?post=35575"},{"taxonomy":"post_tag","embeddable":true,"href":"https:\/\/acrj.org.br\/index.php\/wp-json\/wp\/v2\/tags?post=35575"}],"curies":[{"name":"wp","href":"https:\/\/api.w.org\/{rel}","templated":true}]}}