{"id":35502,"date":"2025-04-04T15:56:04","date_gmt":"2025-04-04T18:56:04","guid":{"rendered":"https:\/\/acrj.org.br\/?p=35502"},"modified":"2025-04-28T16:27:18","modified_gmt":"2025-04-28T19:27:18","slug":"conselho-de-longevidade-participa-de-reuniao-na-comissao-de-assuntos-urbanos-da-camara-municipal","status":"publish","type":"post","link":"https:\/\/acrj.org.br\/index.php\/2025\/04\/04\/conselho-de-longevidade-participa-de-reuniao-na-comissao-de-assuntos-urbanos-da-camara-municipal\/","title":{"rendered":"Conselho de Longevidade participa de reuni\u00e3o na Comiss\u00e3o de Assuntos Urbanos da C\u00e2mara"},"content":{"rendered":"\n<p>O presidente do Conselho Empresarial do Ecossistema da Longevidade da ACRJ, Carlos Molina, participou esta semana de uma reuni\u00e3o extraordin\u00e1ria da Comiss\u00e3o de Assuntos Urbanos (CAU) da C\u00e2mara Municipal, onde foi apresentada a nova composi\u00e7\u00e3o da Comiss\u00e3o e debatidas as principais \u00e1reas de atua\u00e7\u00e3o da CAU para os pr\u00f3ximos dois anos.&nbsp;<\/p>\n\n\n\n<p>Ap\u00f3s exposi\u00e7\u00e3o do Vereador Pedro Duarte, novo presidente da Comiss\u00e3o, Carlos Molina defendeu que a CAU atue no sentido de aprovar uma lei que padronize as cal\u00e7adas do Rio de Janeiro e atue para que se torne obrigat\u00f3rio o registro de quedas nas cal\u00e7adas nas UPAS e nos Hospitais Municipais quando esse for o motivo de entrada em Institui\u00e7\u00f5es da Rede de Sa\u00fade do munic\u00edpio.<\/p>\n\n\n\n<p>Carlos Molina refor\u00e7ou a necessidade dessas medidas considerando estimativas baseadas em estat\u00edsticas de outros munic\u00edpios, que indicam que, a cada ano, nove pessoas caem por cada mil habitantes, a um custo unit\u00e1rio de R$ 4 mil para os Sistemas de Sa\u00fade. \u201cSe considerados esses dados para o munic\u00edpio do Rio de Janeiro, representaria um n\u00famero de cerca de 60 mil quedas por ano, a um custo de 240 milh\u00f5es de Reais para os Sistemas de Sa\u00fade\u201d, disse.<\/p>\n\n\n\n<figure class=\"wp-block-image size-large is-resized\"><img fetchpriority=\"high\" decoding=\"async\" width=\"1024\" height=\"683\" src=\"https:\/\/acrj.org.br\/wp-content\/uploads\/2025\/04\/WhatsApp-Image-2025-04-02-at-17.33.37-1024x683.jpeg\" alt=\"\" class=\"wp-image-35504\" style=\"width:500px\" srcset=\"https:\/\/acrj.org.br\/wp-content\/uploads\/2025\/04\/WhatsApp-Image-2025-04-02-at-17.33.37-1024x683.jpeg 1024w, https:\/\/acrj.org.br\/wp-content\/uploads\/2025\/04\/WhatsApp-Image-2025-04-02-at-17.33.37-300x200.jpeg 300w, https:\/\/acrj.org.br\/wp-content\/uploads\/2025\/04\/WhatsApp-Image-2025-04-02-at-17.33.37-768x512.jpeg 768w, https:\/\/acrj.org.br\/wp-content\/uploads\/2025\/04\/WhatsApp-Image-2025-04-02-at-17.33.37.jpeg 1368w\" sizes=\"(max-width: 1024px) 100vw, 1024px\" \/><figcaption class=\"wp-element-caption\"><em>O vereador Pedro Duarte \u00e9 o presidente da Comiss\u00e3o<\/em> <\/figcaption><\/figure>\n","protected":false},"excerpt":{"rendered":"<p>O presidente do Conselho Empresarial do Ecossistema da Longevidade da ACRJ, Carlos Molina, participou esta semana de uma reuni\u00e3o extraordin\u00e1ria da Comiss\u00e3o de Assuntos Urbanos&hellip;<\/p>\n","protected":false},"author":3,"featured_media":35503,"comment_status":"closed","ping_status":"closed","sticky":false,"template":"","format":"standard","meta":{"_exactmetrics_skip_tracking":false,"_exactmetrics_sitenote_active":false,"_exactmetrics_sitenote_note":"","_exactmetrics_sitenote_category":0,"footnotes":""},"categories":[56,10],"tags":[],"class_list":["post-35502","post","type-post","status-publish","format-standard","has-post-thumbnail","hentry","category-destaque_conselhos","category-noticias"],"_links":{"self":[{"href":"https:\/\/acrj.org.br\/index.php\/wp-json\/wp\/v2\/posts\/35502","targetHints":{"allow":["GET"]}}],"collection":[{"href":"https:\/\/acrj.org.br\/index.php\/wp-json\/wp\/v2\/posts"}],"about":[{"href":"https:\/\/acrj.org.br\/index.php\/wp-json\/wp\/v2\/types\/post"}],"author":[{"embeddable":true,"href":"https:\/\/acrj.org.br\/index.php\/wp-json\/wp\/v2\/users\/3"}],"replies":[{"embeddable":true,"href":"https:\/\/acrj.org.br\/index.php\/wp-json\/wp\/v2\/comments?post=35502"}],"version-history":[{"count":0,"href":"https:\/\/acrj.org.br\/index.php\/wp-json\/wp\/v2\/posts\/35502\/revisions"}],"wp:featuredmedia":[{"embeddable":true,"href":"https:\/\/acrj.org.br\/index.php\/wp-json\/wp\/v2\/media\/35503"}],"wp:attachment":[{"href":"https:\/\/acrj.org.br\/index.php\/wp-json\/wp\/v2\/media?parent=35502"}],"wp:term":[{"taxonomy":"category","embeddable":true,"href":"https:\/\/acrj.org.br\/index.php\/wp-json\/wp\/v2\/categories?post=35502"},{"taxonomy":"post_tag","embeddable":true,"href":"https:\/\/acrj.org.br\/index.php\/wp-json\/wp\/v2\/tags?post=35502"}],"curies":[{"name":"wp","href":"https:\/\/api.w.org\/{rel}","templated":true}]}}