{"id":35396,"date":"2025-05-11T12:19:23","date_gmt":"2025-05-11T15:19:23","guid":{"rendered":"https:\/\/acrj.org.br\/?p=35396"},"modified":"2025-05-12T10:55:54","modified_gmt":"2025-05-12T13:55:54","slug":"eleicoes-da-acrj-bienio-2025-2027","status":"publish","type":"post","link":"https:\/\/acrj.org.br\/index.php\/2025\/05\/11\/eleicoes-da-acrj-bienio-2025-2027\/","title":{"rendered":"Elei\u00e7\u00f5es na ACRJ &#8211; Bi\u00eanio 2025\/2027"},"content":{"rendered":"\n<p>O Conselho Superior da Associa\u00e7\u00e3o Comercial do Rio de Janeiro se reunir\u00e1, dia 15 de maio, para realiza\u00e7\u00e3o das Elei\u00e7\u00f5es na ACRJ para o Bi\u00eanio 2025\/2027, em conformidade com o Estatuto (Artigos 31, inciso VI, Art. 32, par\u00e1grafos 1\u00ba, 4\u00ba e 5\u00ba, combinado com o Art. 72 letra \u201ce\u201d). Nesta data, os membros ir\u00e3o votar para presidente, vice-presidente e diretor-secret\u00e1rio do Conselho Superior e para a Presid\u00eancia da ACRJ.<\/p>\n\n\n\n<p>No dia 16 de maio ser\u00e1 realizada a reuni\u00e3o da Assembleia Geral Ordin\u00e1ria com a participa\u00e7\u00e3o dos Grandes Benem\u00e9ritos, Benem\u00e9ritos, Remidos, Associados e Contribuintes em dia com os seus Direitos Sociais, conforme estabelece o Estatuto (Artigos 27 e 28, Inciso I, par\u00e1grafos 1\u00ba ao 3\u00ba, combinado com o Art. 72 letra \u201ce\u201d), para delibera\u00e7\u00e3o sobre a Elei\u00e7\u00e3o dos membros do Conselho Diretor, Conselho Fiscal e Suplentes para o Bi\u00eanio 2025\/2027.<\/p>\n\n\n\n<p>As reuni\u00f5es ser\u00e3o realizadas na sede da ACRJ, no audit\u00f3rio do 12\u00ba andar, conforme calend\u00e1rio abaixo:<\/p>\n\n\n\n<p><strong>Reuni\u00e3o Ordin\u00e1ria do Conselho Superior:<\/strong><\/p>\n\n\n\n<p>15\/05 (5\u00aa feira) \u2013 entre 10h30\/11h<\/p>\n\n\n\n<p><strong>Assembleia Geral Ordin\u00e1ria:<\/strong><\/p>\n\n\n\n<p>16\/05 (6\u00aa feira) \u2013 1\u00aa convoca\u00e7\u00e3o \u00e0s 10h\u2013 2\u00aa convoca\u00e7\u00e3o \u00e0s 11h, com dura\u00e7\u00e3o at\u00e9 \u00e0s 17h<\/p>\n\n\n<div class=\"wp-block-image\">\n<figure class=\"aligncenter size-full is-resized\"><img fetchpriority=\"high\" decoding=\"async\" width=\"1263\" height=\"630\" src=\"https:\/\/acrj.org.br\/wp-content\/uploads\/2025\/04\/Imagem1.png\" alt=\"\" class=\"wp-image-35406\" style=\"width:450px\" srcset=\"https:\/\/acrj.org.br\/wp-content\/uploads\/2025\/04\/Imagem1.png 1263w, https:\/\/acrj.org.br\/wp-content\/uploads\/2025\/04\/Imagem1-300x150.png 300w, https:\/\/acrj.org.br\/wp-content\/uploads\/2025\/04\/Imagem1-1024x511.png 1024w, https:\/\/acrj.org.br\/wp-content\/uploads\/2025\/04\/Imagem1-768x383.png 768w\" sizes=\"(max-width: 1263px) 100vw, 1263px\" \/><figcaption class=\"wp-element-caption\"><em>Publica\u00e7\u00e3o dos editais no Monitor Mercantil em 14 de mar\u00e7o de 2025<\/em><\/figcaption><\/figure>\n<\/div>\n\n\n<div class=\"wp-block-columns is-layout-flex wp-container-core-columns-is-layout-9d6595d7 wp-block-columns-is-layout-flex\">\n<div class=\"wp-block-column is-layout-flow wp-block-column-is-layout-flow\" style=\"flex-basis:50%\"><\/div>\n\n\n\n<div class=\"wp-block-column is-layout-flow wp-block-column-is-layout-flow\" style=\"flex-basis:50%\"><\/div>\n<\/div>\n","protected":false},"excerpt":{"rendered":"<p>O Conselho Superior da Associa\u00e7\u00e3o Comercial do Rio de Janeiro se reunir\u00e1, dia 15 de maio, para realiza\u00e7\u00e3o das Elei\u00e7\u00f5es na ACRJ para o Bi\u00eanio&hellip;<\/p>\n","protected":false},"author":3,"featured_media":35413,"comment_status":"closed","ping_status":"closed","sticky":false,"template":"","format":"standard","meta":{"_exactmetrics_skip_tracking":false,"_exactmetrics_sitenote_active":false,"_exactmetrics_sitenote_note":"","_exactmetrics_sitenote_category":0,"footnotes":""},"categories":[6,10],"tags":[],"class_list":["post-35396","post","type-post","status-publish","format-standard","has-post-thumbnail","hentry","category-destaque_noticias","category-noticias"],"_links":{"self":[{"href":"https:\/\/acrj.org.br\/index.php\/wp-json\/wp\/v2\/posts\/35396","targetHints":{"allow":["GET"]}}],"collection":[{"href":"https:\/\/acrj.org.br\/index.php\/wp-json\/wp\/v2\/posts"}],"about":[{"href":"https:\/\/acrj.org.br\/index.php\/wp-json\/wp\/v2\/types\/post"}],"author":[{"embeddable":true,"href":"https:\/\/acrj.org.br\/index.php\/wp-json\/wp\/v2\/users\/3"}],"replies":[{"embeddable":true,"href":"https:\/\/acrj.org.br\/index.php\/wp-json\/wp\/v2\/comments?post=35396"}],"version-history":[{"count":0,"href":"https:\/\/acrj.org.br\/index.php\/wp-json\/wp\/v2\/posts\/35396\/revisions"}],"wp:featuredmedia":[{"embeddable":true,"href":"https:\/\/acrj.org.br\/index.php\/wp-json\/wp\/v2\/media\/35413"}],"wp:attachment":[{"href":"https:\/\/acrj.org.br\/index.php\/wp-json\/wp\/v2\/media?parent=35396"}],"wp:term":[{"taxonomy":"category","embeddable":true,"href":"https:\/\/acrj.org.br\/index.php\/wp-json\/wp\/v2\/categories?post=35396"},{"taxonomy":"post_tag","embeddable":true,"href":"https:\/\/acrj.org.br\/index.php\/wp-json\/wp\/v2\/tags?post=35396"}],"curies":[{"name":"wp","href":"https:\/\/api.w.org\/{rel}","templated":true}]}}