{"id":35255,"date":"2025-03-28T16:25:57","date_gmt":"2025-03-28T19:25:57","guid":{"rendered":"https:\/\/acrj.org.br\/?p=35255"},"modified":"2026-02-11T15:42:38","modified_gmt":"2026-02-11T18:42:38","slug":"acrj-homenageia-o-empresario-alexandre-accioly-com-o-premio-barao-de-maua-rio-empreendedor","status":"publish","type":"post","link":"https:\/\/acrj.org.br\/index.php\/2025\/03\/28\/acrj-homenageia-o-empresario-alexandre-accioly-com-o-premio-barao-de-maua-rio-empreendedor\/","title":{"rendered":"ACRJ homenageia o empres\u00e1rio Alexandre Accioly com o Pr\u00eamio Bar\u00e3o de Mau\u00e1 &#8211; Rio Empreendedor"},"content":{"rendered":"\n<p>A ACRJ promoveu, dia 28 de mar\u00e7o, o tradicional Almo\u00e7o do Empres\u00e1rio e prestou uma homenagem ao empres\u00e1rio Alexandre Accioly, que recebeu o<strong> Pr\u00eamio Bar\u00e3o de Mau\u00e1 &#8211; Rio Empreendedor. <\/strong>O empres\u00e1rio, escolhido por unanimidade, foi agraciado com esta premia\u00e7\u00e3o por sua atua\u00e7\u00e3o como empreendedor inovador e pioneiro em todas as \u00e1reas em que atua. Ele recebeu a medalha do bicenten\u00e1rio da ACRJ e um diploma. O Bar\u00e3o de Mau\u00e1, terceiro presidente da Associa\u00e7\u00e3o, e considerado o maior empreendedor brasileiro do s\u00e9culo 19. &nbsp;<\/p>\n\n\n\n<p>A premia\u00e7\u00e3o \u00e9 concedida a empres\u00e1rios com neg\u00f3cios estabelecidos no Rio de Janeiro que alcance os crit\u00e9rios de m\u00e9rito e inova\u00e7\u00e3o e tenha seu nome avaliado pelo Comit\u00ea de Elegibilidade e aprovado pela Presid\u00eancia e Diretoria da ACRJ.<\/p>\n\n\n\n<figure class=\"wp-block-image size-medium is-resized\"><img fetchpriority=\"high\" decoding=\"async\" width=\"1181\" height=\"887\" src=\"https:\/\/acrj.org.br\/wp-content\/uploads\/2025\/03\/josier-e-alexandre-edited.jpg\" alt=\"\" class=\"wp-image-35293\" style=\"width:350px\" srcset=\"https:\/\/acrj.org.br\/wp-content\/uploads\/2025\/03\/josier-e-alexandre-edited.jpg 1181w, https:\/\/acrj.org.br\/wp-content\/uploads\/2025\/03\/josier-e-alexandre-edited-300x225.jpg 300w, https:\/\/acrj.org.br\/wp-content\/uploads\/2025\/03\/josier-e-alexandre-edited-1024x769.jpg 1024w, https:\/\/acrj.org.br\/wp-content\/uploads\/2025\/03\/josier-e-alexandre-edited-768x577.jpg 768w\" sizes=\"(max-width: 1181px) 100vw, 1181px\" \/><figcaption class=\"wp-element-caption\"><em>Josier Vilar e o homenageado<\/em><\/figcaption><\/figure>\n\n\n\n<p>Accioly agradeceu a honraria ao presidente da ACRJ, Josier Vilar, que destacou a trajet\u00f3ria empresarial e a hist\u00f3ria de vida e empreendedorismo do empres\u00e1rio. \u201cEstar aqui nesta Casa \u00e9 um orgulho enorme para mim, um empres\u00e1rio nascido com toda minha hist\u00f3ria empresarial a partir desta cidade. Ainda mais, por receber um pr\u00eamio que leva o nome de um dos maiores empreendedores da hist\u00f3ria do Brasil: o Bar\u00e3o de Mau\u00e1\u201d, comemorou Alexandre Accioly.<\/p>\n\n\n\n<p>Depois de contar um pouco sobre sua trajet\u00f3ria profissional vitoriosa, o empres\u00e1rio ressaltou que nesse momento seu foco est\u00e1 em dois projetos que considera extremamente importantes em sua hist\u00f3ria empresarial, mas, principalmente, para o Rio de Janeiro: o Roxy Dinner Show e o novo Parque Jardim de Alah.<\/p>\n\n\n\n<p>\u201cO Roxy Dinner Show nasceu de um desejo pessoal, quando percebi uma car\u00eancia no Rio de Janeiro da falta de um equipamento tur\u00edstico noturno, voltado para toda a fam\u00edlia. N\u00e3o menos desafiador, o projeto do novo Parque Jardim de Alah, com \u00e1rea verde e um conjunto de lojas e servi\u00e7os voltados para lazer, entretenimento, esportes, que ter\u00e1 um forte impacto social e econ\u00f4mico na cidade\u201d, disse.<\/p>\n\n\n\n<figure class=\"wp-block-image size-large is-resized\"><img decoding=\"async\" width=\"1024\" height=\"682\" src=\"https:\/\/acrj.org.br\/wp-content\/uploads\/2025\/03\/livro-de-visitas-1024x682.jpg\" alt=\"\" class=\"wp-image-35257\" style=\"width:350px\" srcset=\"https:\/\/acrj.org.br\/wp-content\/uploads\/2025\/03\/livro-de-visitas-1024x682.jpg 1024w, https:\/\/acrj.org.br\/wp-content\/uploads\/2025\/03\/livro-de-visitas-300x200.jpg 300w, https:\/\/acrj.org.br\/wp-content\/uploads\/2025\/03\/livro-de-visitas-768x512.jpg 768w, https:\/\/acrj.org.br\/wp-content\/uploads\/2025\/03\/livro-de-visitas-1536x1024.jpg 1536w, https:\/\/acrj.org.br\/wp-content\/uploads\/2025\/03\/livro-de-visitas.jpg 1688w\" sizes=\"(max-width: 1024px) 100vw, 1024px\" \/><figcaption class=\"wp-element-caption\"><em>Josier Vilar, Alexandre Accioly e Ruy Barreto Filho<\/em><\/figcaption><\/figure>\n\n\n\n<p>No bate-papo conduzido pelo presidente Josier Vilar, o empres\u00e1rio Alexandre Accioly disse que se pudesse dar um conselho aos jovens empreendedores diria que \u201c\u00e9 preciso ter muita paix\u00e3o, porque a paix\u00e3o traz resili\u00eancia, a paix\u00e3o traz insist\u00eancia, e a vontade de dar certo \u00e9 important\u00edssima quando voc\u00ea est\u00e1 desenvolvendo um projeto\u201d.<\/p>\n\n\n\n<p>O evento contou com a presen\u00e7a de diversas personalidades do mundo empresarial e pol\u00edtico, al\u00e9m de vice-presdientes e diretores da Casa de Mau\u00e1.<\/p>\n\n\n\n<p><strong><a href=\"https:\/\/youtu.be\/c4iH_HDfVoc\">Acompanhe aqui <\/a><\/strong>o evento na \u00edntegra<\/p>\n\n\n\n<p>Confira os momentos do evento <a href=\"https:\/\/drive.google.com\/drive\/folders\/1WXiUnIRZ1q_RQyayvLkv3OyuNG-Sookn?usp=sharing\"><mark style=\"background-color:rgba(0, 0, 0, 0)\" class=\"has-inline-color has-vivid-cyan-blue-color\"><strong>aqui<\/strong><\/mark><\/a><\/p>\n\n\n\n<figure class=\"wp-block-image size-large is-resized\"><img decoding=\"async\" width=\"1024\" height=\"682\" src=\"https:\/\/acrj.org.br\/wp-content\/uploads\/2025\/03\/caetano-1024x682.jpg\" alt=\"\" class=\"wp-image-35259\" style=\"width:350px\" srcset=\"https:\/\/acrj.org.br\/wp-content\/uploads\/2025\/03\/caetano-1024x682.jpg 1024w, https:\/\/acrj.org.br\/wp-content\/uploads\/2025\/03\/caetano-300x200.jpg 300w, https:\/\/acrj.org.br\/wp-content\/uploads\/2025\/03\/caetano-768x512.jpg 768w, https:\/\/acrj.org.br\/wp-content\/uploads\/2025\/03\/caetano-1536x1024.jpg 1536w, https:\/\/acrj.org.br\/wp-content\/uploads\/2025\/03\/caetano.jpg 1688w\" sizes=\"(max-width: 1024px) 100vw, 1024px\" \/><figcaption class=\"wp-element-caption\"><em>Josier Vilar e Luiz Cesio Caetano<\/em><\/figcaption><\/figure>\n\n\n\n<figure class=\"wp-block-image size-large is-resized\"><img loading=\"lazy\" decoding=\"async\" width=\"1024\" height=\"846\" src=\"https:\/\/acrj.org.br\/wp-content\/uploads\/2025\/03\/ricardo-amaral-e-alexandre-1024x846.jpg\" alt=\"\" class=\"wp-image-35264\" style=\"width:350px\" srcset=\"https:\/\/acrj.org.br\/wp-content\/uploads\/2025\/03\/ricardo-amaral-e-alexandre-1024x846.jpg 1024w, https:\/\/acrj.org.br\/wp-content\/uploads\/2025\/03\/ricardo-amaral-e-alexandre-300x248.jpg 300w, https:\/\/acrj.org.br\/wp-content\/uploads\/2025\/03\/ricardo-amaral-e-alexandre-768x635.jpg 768w, https:\/\/acrj.org.br\/wp-content\/uploads\/2025\/03\/ricardo-amaral-e-alexandre.jpg 1361w\" sizes=\"(max-width: 1024px) 100vw, 1024px\" \/><figcaption class=\"wp-element-caption\"><em>Alexandre Accioly e Ricardo Amaral<\/em><\/figcaption><\/figure>\n\n\n\n<figure class=\"wp-block-image size-large is-resized\"><img loading=\"lazy\" decoding=\"async\" width=\"1024\" height=\"1024\" src=\"https:\/\/acrj.org.br\/wp-content\/uploads\/2025\/03\/Renata-e-Alexandre-Accioly-1024x1024.jpg\" alt=\"\" class=\"wp-image-35271\" style=\"width:350px\" srcset=\"https:\/\/acrj.org.br\/wp-content\/uploads\/2025\/03\/Renata-e-Alexandre-Accioly-1024x1024.jpg 1024w, https:\/\/acrj.org.br\/wp-content\/uploads\/2025\/03\/Renata-e-Alexandre-Accioly-300x300.jpg 300w, https:\/\/acrj.org.br\/wp-content\/uploads\/2025\/03\/Renata-e-Alexandre-Accioly-150x150.jpg 150w, https:\/\/acrj.org.br\/wp-content\/uploads\/2025\/03\/Renata-e-Alexandre-Accioly-768x768.jpg 768w, https:\/\/acrj.org.br\/wp-content\/uploads\/2025\/03\/Renata-e-Alexandre-Accioly.jpg 1125w\" sizes=\"(max-width: 1024px) 100vw, 1024px\" \/><figcaption class=\"wp-element-caption\"><em>Renata e Alexandre Accioly<\/em><\/figcaption><\/figure>\n\n\n\n<figure class=\"wp-block-image size-large is-resized\"><img loading=\"lazy\" decoding=\"async\" width=\"1024\" height=\"682\" src=\"https:\/\/acrj.org.br\/wp-content\/uploads\/2025\/03\/katia-e-andreia-1024x682.jpg\" alt=\"\" class=\"wp-image-35262\" style=\"width:350px\" srcset=\"https:\/\/acrj.org.br\/wp-content\/uploads\/2025\/03\/katia-e-andreia-1024x682.jpg 1024w, https:\/\/acrj.org.br\/wp-content\/uploads\/2025\/03\/katia-e-andreia-300x200.jpg 300w, https:\/\/acrj.org.br\/wp-content\/uploads\/2025\/03\/katia-e-andreia-768x512.jpg 768w, https:\/\/acrj.org.br\/wp-content\/uploads\/2025\/03\/katia-e-andreia-1536x1024.jpg 1536w, https:\/\/acrj.org.br\/wp-content\/uploads\/2025\/03\/katia-e-andreia.jpg 1688w\" sizes=\"(max-width: 1024px) 100vw, 1024px\" \/><figcaption class=\"wp-element-caption\"><em>K\u00e1tia Repsold e Andreia Repsold<\/em><\/figcaption><\/figure>\n\n\n\n<figure class=\"wp-block-image size-large is-resized\"><img loading=\"lazy\" decoding=\"async\" width=\"1024\" height=\"805\" src=\"https:\/\/acrj.org.br\/wp-content\/uploads\/2025\/03\/marcos-salles-e-josier-1024x805.jpg\" alt=\"\" class=\"wp-image-35263\" style=\"width:350px\" srcset=\"https:\/\/acrj.org.br\/wp-content\/uploads\/2025\/03\/marcos-salles-e-josier-1024x805.jpg 1024w, https:\/\/acrj.org.br\/wp-content\/uploads\/2025\/03\/marcos-salles-e-josier-300x236.jpg 300w, https:\/\/acrj.org.br\/wp-content\/uploads\/2025\/03\/marcos-salles-e-josier-768x604.jpg 768w, https:\/\/acrj.org.br\/wp-content\/uploads\/2025\/03\/marcos-salles-e-josier.jpg 1431w\" sizes=\"(max-width: 1024px) 100vw, 1024px\" \/><figcaption class=\"wp-element-caption\"><em>Marcos Salles, Josier Vilar e Ruy Barreto Filho<\/em><\/figcaption><\/figure>\n\n\n\n<figure class=\"wp-block-image size-large is-resized\"><img loading=\"lazy\" decoding=\"async\" width=\"1024\" height=\"946\" src=\"https:\/\/acrj.org.br\/wp-content\/uploads\/2025\/03\/correspondentes-1024x946.jpg\" alt=\"\" class=\"wp-image-35260\" style=\"width:350px\" srcset=\"https:\/\/acrj.org.br\/wp-content\/uploads\/2025\/03\/correspondentes-1024x946.jpg 1024w, https:\/\/acrj.org.br\/wp-content\/uploads\/2025\/03\/correspondentes-300x277.jpg 300w, https:\/\/acrj.org.br\/wp-content\/uploads\/2025\/03\/correspondentes-768x709.jpg 768w, https:\/\/acrj.org.br\/wp-content\/uploads\/2025\/03\/correspondentes.jpg 1218w\" sizes=\"(max-width: 1024px) 100vw, 1024px\" \/><figcaption class=\"wp-element-caption\"><em>Alexandre Accioly com correspondentes estrangeiros<\/em><\/figcaption><\/figure>\n\n\n\n<figure class=\"wp-block-image size-large is-resized\"><img loading=\"lazy\" decoding=\"async\" width=\"1024\" height=\"682\" src=\"https:\/\/acrj.org.br\/wp-content\/uploads\/2025\/03\/robson-carneiro-1024x682.jpg\" alt=\"\" class=\"wp-image-35265\" style=\"width:350px\" srcset=\"https:\/\/acrj.org.br\/wp-content\/uploads\/2025\/03\/robson-carneiro-1024x682.jpg 1024w, https:\/\/acrj.org.br\/wp-content\/uploads\/2025\/03\/robson-carneiro-300x200.jpg 300w, https:\/\/acrj.org.br\/wp-content\/uploads\/2025\/03\/robson-carneiro-768x512.jpg 768w, https:\/\/acrj.org.br\/wp-content\/uploads\/2025\/03\/robson-carneiro-1536x1024.jpg 1536w, https:\/\/acrj.org.br\/wp-content\/uploads\/2025\/03\/robson-carneiro.jpg 1688w\" sizes=\"(max-width: 1024px) 100vw, 1024px\" \/><figcaption class=\"wp-element-caption\"><em>Josier Vilar e Robson Carneiro<\/em><\/figcaption><\/figure>\n\n\n\n<figure class=\"wp-block-image size-large is-resized\"><img loading=\"lazy\" decoding=\"async\" width=\"1024\" height=\"791\" src=\"https:\/\/acrj.org.br\/wp-content\/uploads\/2025\/03\/jacyra-e-edmar-1024x791.jpg\" alt=\"\" class=\"wp-image-35261\" style=\"width:350px\" srcset=\"https:\/\/acrj.org.br\/wp-content\/uploads\/2025\/03\/jacyra-e-edmar-1024x791.jpg 1024w, https:\/\/acrj.org.br\/wp-content\/uploads\/2025\/03\/jacyra-e-edmar-300x232.jpg 300w, https:\/\/acrj.org.br\/wp-content\/uploads\/2025\/03\/jacyra-e-edmar-768x593.jpg 768w, https:\/\/acrj.org.br\/wp-content\/uploads\/2025\/03\/jacyra-e-edmar.jpg 1456w\" sizes=\"(max-width: 1024px) 100vw, 1024px\" \/><figcaption class=\"wp-element-caption\"><em>Jacyra Lucas, Edmar Figueiredo, Marcos Salles e Nat\u00e1lia Salles<\/em><\/figcaption><\/figure>\n\n\n\n<figure class=\"wp-block-image size-large is-resized\"><img loading=\"lazy\" decoding=\"async\" width=\"1024\" height=\"682\" src=\"https:\/\/acrj.org.br\/wp-content\/uploads\/2025\/03\/rodrigo-vilar-1024x682.jpg\" alt=\"\" class=\"wp-image-35266\" style=\"width:350px\" srcset=\"https:\/\/acrj.org.br\/wp-content\/uploads\/2025\/03\/rodrigo-vilar-1024x682.jpg 1024w, https:\/\/acrj.org.br\/wp-content\/uploads\/2025\/03\/rodrigo-vilar-300x200.jpg 300w, https:\/\/acrj.org.br\/wp-content\/uploads\/2025\/03\/rodrigo-vilar-768x512.jpg 768w, https:\/\/acrj.org.br\/wp-content\/uploads\/2025\/03\/rodrigo-vilar-1536x1024.jpg 1536w, https:\/\/acrj.org.br\/wp-content\/uploads\/2025\/03\/rodrigo-vilar.jpg 1688w\" sizes=\"(max-width: 1024px) 100vw, 1024px\" \/><figcaption class=\"wp-element-caption\"><em>Alexandre Accioly, Luiz Cesio Caetano, Josier Vilar e Rodrigo Vilar<\/em><\/figcaption><\/figure>\n\n\n\n<figure class=\"wp-block-image size-full is-resized\"><img loading=\"lazy\" decoding=\"async\" width=\"700\" height=\"561\" src=\"https:\/\/acrj.org.br\/wp-content\/uploads\/2025\/03\/savio.jpg\" alt=\"\" class=\"wp-image-35267\" style=\"width:350px\" srcset=\"https:\/\/acrj.org.br\/wp-content\/uploads\/2025\/03\/savio.jpg 700w, https:\/\/acrj.org.br\/wp-content\/uploads\/2025\/03\/savio-300x240.jpg 300w\" sizes=\"(max-width: 700px) 100vw, 700px\" \/><figcaption class=\"wp-element-caption\"><em>Pedro Guimar\u00e3es, S\u00e1vio Neves e Daniel Rocha Maia<\/em><\/figcaption><\/figure>\n\n\n\n<p>Fotos Kaique Galiza<\/p>\n","protected":false},"excerpt":{"rendered":"<p>A ACRJ promoveu, dia 28 de mar\u00e7o, o tradicional Almo\u00e7o do Empres\u00e1rio e prestou uma homenagem ao empres\u00e1rio Alexandre Accioly, que recebeu o Pr\u00eamio Bar\u00e3o&hellip;<\/p>\n","protected":false},"author":3,"featured_media":35256,"comment_status":"closed","ping_status":"closed","sticky":false,"template":"","format":"standard","meta":{"_exactmetrics_skip_tracking":false,"_exactmetrics_sitenote_active":false,"_exactmetrics_sitenote_note":"","_exactmetrics_sitenote_category":0,"footnotes":""},"categories":[6,10],"tags":[],"class_list":["post-35255","post","type-post","status-publish","format-standard","has-post-thumbnail","hentry","category-destaque_noticias","category-noticias"],"_links":{"self":[{"href":"https:\/\/acrj.org.br\/index.php\/wp-json\/wp\/v2\/posts\/35255","targetHints":{"allow":["GET"]}}],"collection":[{"href":"https:\/\/acrj.org.br\/index.php\/wp-json\/wp\/v2\/posts"}],"about":[{"href":"https:\/\/acrj.org.br\/index.php\/wp-json\/wp\/v2\/types\/post"}],"author":[{"embeddable":true,"href":"https:\/\/acrj.org.br\/index.php\/wp-json\/wp\/v2\/users\/3"}],"replies":[{"embeddable":true,"href":"https:\/\/acrj.org.br\/index.php\/wp-json\/wp\/v2\/comments?post=35255"}],"version-history":[{"count":1,"href":"https:\/\/acrj.org.br\/index.php\/wp-json\/wp\/v2\/posts\/35255\/revisions"}],"predecessor-version":[{"id":41678,"href":"https:\/\/acrj.org.br\/index.php\/wp-json\/wp\/v2\/posts\/35255\/revisions\/41678"}],"wp:featuredmedia":[{"embeddable":true,"href":"https:\/\/acrj.org.br\/index.php\/wp-json\/wp\/v2\/media\/35256"}],"wp:attachment":[{"href":"https:\/\/acrj.org.br\/index.php\/wp-json\/wp\/v2\/media?parent=35255"}],"wp:term":[{"taxonomy":"category","embeddable":true,"href":"https:\/\/acrj.org.br\/index.php\/wp-json\/wp\/v2\/categories?post=35255"},{"taxonomy":"post_tag","embeddable":true,"href":"https:\/\/acrj.org.br\/index.php\/wp-json\/wp\/v2\/tags?post=35255"}],"curies":[{"name":"wp","href":"https:\/\/api.w.org\/{rel}","templated":true}]}}