{"id":35212,"date":"2025-03-27T13:51:11","date_gmt":"2025-03-27T16:51:11","guid":{"rendered":"https:\/\/acrj.org.br\/?p=35212"},"modified":"2026-04-07T12:28:04","modified_gmt":"2026-04-07T15:28:04","slug":"turismo-para-o-bem-do-brasil","status":"publish","type":"post","link":"https:\/\/acrj.org.br\/index.php\/2025\/03\/27\/turismo-para-o-bem-do-brasil\/","title":{"rendered":"Turismo para o bem do Brasil"},"content":{"rendered":"\n<p>Por Josier Vilar &#8211; Presidente da Associa\u00e7\u00e3o Comercial do Rio de Janeiro &#8211; ACRJ e S\u00e1vio Neves &#8211; Presidente do Conselho Empresarial do Ecossistema do Turismo da ACRJ<\/p>\n\n\n\n<p>Em boa hora o Senado Federal rejeitou a inten\u00e7\u00e3o do Governo Brasileiro de voltar a exigir o visto de entrada no pa\u00eds para turistas norte-americanos, canadenses, australianos e japoneses sob a fr\u00e1gil e inaceit\u00e1vel argumenta\u00e7\u00e3o de requerer reciprocidade.<\/p>\n\n\n\n<p>Seria um enorme retrocesso que atingiria em cheio o ecossistema empresarial do turismo brasileiro, pois inibiria a vinda de visitantes para o turismo recreativo, o turismo de neg\u00f3cios, eventos diversos, o turismo da sa\u00fade, o turismo esportivo, o turismo cultural, o turismo ambiental etc. Essa triste medida impactaria negativamente nossa economia, pois reduziria a demanda por servi\u00e7os como taxis, casas de c\u00e2mbio, hot\u00e9is, pousadas, restaurantes, empresas a\u00e9reas, casas de entretenimento e empresas de turismo, entre outras.<\/p>\n\n\n\n<p>Vale ressaltar que os EUA s\u00e3o a principal fonte de turistas para todo o mundo e, aqui no Brasil, representam o 2\u00ba maior n\u00famero no turismo receptivo em nosso Pa\u00eds, superado apenas pela vizinha Argentina.<br>Somente em 2024, gra\u00e7as ao Sistema de Isen\u00e7\u00e3o de Vistos, vieram ao Brasil mais de 720 mil norte-americanos que consumiram produtos e servi\u00e7os brasileiros e fortaleceram os neg\u00f3cios. A mesma boa performance aconteceu com os canadenses e australianos.<\/p>\n\n\n\n<p>De acordo com um estudo da Universidade de S\u00e3o Paulo, houve um aumento de 80 mil turistas internacionais e R$ 328 milh\u00f5es na receita tur\u00edstica internacional de junho de 2019 a fevereiro de 2020.<br>Vamos agora torcer e cobrar que a C\u00e2mara dos Deputados mantenha a decis\u00e3o do Senado e fortale\u00e7a a economia nacional.<\/p>\n\n\n\n<p>O Turismo \u00e9 atividade de grande potencial econ\u00f4mico para o Brasil, pois gera divisas, cria empregos, distribui renda.<br>A ACRJ se une a todo ecossistema empresarial do turismo brasileiro, que contempla mais de 50 diferentes atividades econ\u00f4micas, na luta pela conserva\u00e7\u00e3o do modelo atual de isen\u00e7\u00e3o de vistos de entrada para aqueles pa\u00edses, fortalecendo, assim, o Brasil como o lugar mais atrativo para se visitar na Am\u00e9rica Latina.<\/p>\n\n\n\n<p>Incentivar a vinda de turistas sem exig\u00eancia de vistos de entrada no pa\u00eds, contribui para uma maior qualifica\u00e7\u00e3o dos servi\u00e7os prestados e aumenta a necessidade de melhor seguran\u00e7a p\u00fablica, maior mobilidade urbana e amplia a necess\u00e1ria gera\u00e7\u00e3o de empregos.<\/p>\n\n\n\n<p>O Brasil n\u00e3o pode retroceder.<\/p>\n\n\n\n<p><em>Artigo originalmente publicado no <strong><a href=\"https:\/\/diariodorio.com\/turismo-para-o-bem-do-brasil\/\">Di\u00e1rio do Rio<\/a><\/strong><\/em><\/p>\n\n\n\n<figure class=\"wp-block-image size-full is-resized\"><img fetchpriority=\"high\" decoding=\"async\" width=\"1000\" height=\"667\" src=\"https:\/\/acrj.org.br\/wp-content\/uploads\/2025\/03\/foto-principal-2-edited.jpeg\" alt=\"\" class=\"wp-image-35214\" style=\"width:350px\" srcset=\"https:\/\/acrj.org.br\/wp-content\/uploads\/2025\/03\/foto-principal-2-edited.jpeg 1000w, https:\/\/acrj.org.br\/wp-content\/uploads\/2025\/03\/foto-principal-2-edited-300x200.jpeg 300w, https:\/\/acrj.org.br\/wp-content\/uploads\/2025\/03\/foto-principal-2-edited-768x512.jpeg 768w\" sizes=\"(max-width: 1000px) 100vw, 1000px\" \/><figcaption class=\"wp-element-caption\">Josier Vilar<\/figcaption><\/figure>\n\n\n\n<figure class=\"wp-block-image size-full is-resized\"><img decoding=\"async\" width=\"419\" height=\"279\" src=\"https:\/\/acrj.org.br\/wp-content\/uploads\/2025\/03\/savio-1-edited.jpg\" alt=\"\" class=\"wp-image-35215\" style=\"width:350px\" srcset=\"https:\/\/acrj.org.br\/wp-content\/uploads\/2025\/03\/savio-1-edited.jpg 419w, https:\/\/acrj.org.br\/wp-content\/uploads\/2025\/03\/savio-1-edited-300x200.jpg 300w\" sizes=\"(max-width: 419px) 100vw, 419px\" \/><figcaption class=\"wp-element-caption\">Savio Neves<\/figcaption><\/figure>\n","protected":false},"excerpt":{"rendered":"<p>Por Josier Vilar &#8211; Presidente da ACRJ e S\u00e1vio Neves &#8211; Presidente do Conselho Empresarial do Ecossistema do Turismo da ACRJ.<br \/>\n27\/03\/2025<\/p>\n","protected":false},"author":3,"featured_media":35218,"comment_status":"closed","ping_status":"closed","sticky":false,"template":"","format":"standard","meta":{"_exactmetrics_skip_tracking":false,"_exactmetrics_sitenote_active":false,"_exactmetrics_sitenote_note":"","_exactmetrics_sitenote_category":0,"footnotes":""},"categories":[12,82,79],"tags":[],"class_list":["post-35212","post","type-post","status-publish","format-standard","has-post-thumbnail","hentry","category-artigos","category-destaque_artigos","category-fala_presidente"],"_links":{"self":[{"href":"https:\/\/acrj.org.br\/index.php\/wp-json\/wp\/v2\/posts\/35212","targetHints":{"allow":["GET"]}}],"collection":[{"href":"https:\/\/acrj.org.br\/index.php\/wp-json\/wp\/v2\/posts"}],"about":[{"href":"https:\/\/acrj.org.br\/index.php\/wp-json\/wp\/v2\/types\/post"}],"author":[{"embeddable":true,"href":"https:\/\/acrj.org.br\/index.php\/wp-json\/wp\/v2\/users\/3"}],"replies":[{"embeddable":true,"href":"https:\/\/acrj.org.br\/index.php\/wp-json\/wp\/v2\/comments?post=35212"}],"version-history":[{"count":1,"href":"https:\/\/acrj.org.br\/index.php\/wp-json\/wp\/v2\/posts\/35212\/revisions"}],"predecessor-version":[{"id":42563,"href":"https:\/\/acrj.org.br\/index.php\/wp-json\/wp\/v2\/posts\/35212\/revisions\/42563"}],"wp:featuredmedia":[{"embeddable":true,"href":"https:\/\/acrj.org.br\/index.php\/wp-json\/wp\/v2\/media\/35218"}],"wp:attachment":[{"href":"https:\/\/acrj.org.br\/index.php\/wp-json\/wp\/v2\/media?parent=35212"}],"wp:term":[{"taxonomy":"category","embeddable":true,"href":"https:\/\/acrj.org.br\/index.php\/wp-json\/wp\/v2\/categories?post=35212"},{"taxonomy":"post_tag","embeddable":true,"href":"https:\/\/acrj.org.br\/index.php\/wp-json\/wp\/v2\/tags?post=35212"}],"curies":[{"name":"wp","href":"https:\/\/api.w.org\/{rel}","templated":true}]}}