{"id":34939,"date":"2025-03-18T10:00:00","date_gmt":"2025-03-18T13:00:00","guid":{"rendered":"https:\/\/acrj.org.br\/?p=34939"},"modified":"2025-03-18T10:52:16","modified_gmt":"2025-03-18T13:52:16","slug":"seminario-mulheres-no-direito","status":"publish","type":"post","link":"https:\/\/acrj.org.br\/index.php\/2025\/03\/18\/seminario-mulheres-no-direito\/","title":{"rendered":"Semin\u00e1rio Mulheres no Direito"},"content":{"rendered":"\n<p>A ACRJ promove, dia 24 de mar\u00e7o, \u00e0s 10h30, o Semin\u00e1rio Mulheres no Direito: Desafios, Conquistas e o Futuro da Advocacia e da Magistratura. O encontro \u00e9 organizado pelo Conselho Empresarial da Mulher e proporcionar\u00e1 uma oportunidade valiosa para debater quest\u00f5es que impactam a atua\u00e7\u00e3o feminina nas \u00e1reas jur\u00eddicas, celebrar conquistas e refletir sobre os desafios que ainda persistem.<\/p>\n\n\n\n<p><strong>O encontro \u00e9 gratuito<\/strong>. Vagas Limitadas! <\/p>\n\n\n\n<p>&#x260e;&#xfe0f; Informa\u00e7\u00f5es sobre inscri\u00e7\u00f5es: entrar em contato pelo whatsapp: 21-97555-0019.<\/p>\n\n\n\n<p><strong>SERVI\u00c7O<\/strong><\/p>\n\n\n\n<p>&#x1f5d3;&#xfe0f; Data: 24 de mar\u00e7o de 2025<br>&#x1f552; Hor\u00e1rio: 10h30<br>&#x1f3e2; Local: Sede da ACRJ &#8211; Rua Candel\u00e1ria, 9\/Mezanino \u2013 Centro \u2013 RJ<br><\/p>\n\n\n\n<p><\/p>\n","protected":false},"excerpt":{"rendered":"<p>A ACRJ promove, dia 24 de mar\u00e7o, \u00e0s 10h30, o Semin\u00e1rio Mulheres no Direito: Desafios, Conquistas e o Futuro da Advocacia e da Magistratura. O&hellip;<\/p>\n","protected":false},"author":3,"featured_media":34947,"comment_status":"closed","ping_status":"closed","sticky":false,"template":"","format":"standard","meta":{"_exactmetrics_skip_tracking":false,"_exactmetrics_sitenote_active":false,"_exactmetrics_sitenote_note":"","_exactmetrics_sitenote_category":0,"footnotes":""},"categories":[55,83,1],"tags":[],"class_list":["post-34939","post","type-post","status-publish","format-standard","has-post-thumbnail","hentry","category-destaque_eventos","category-eventos_acrj","category-sem-categoria"],"_links":{"self":[{"href":"https:\/\/acrj.org.br\/index.php\/wp-json\/wp\/v2\/posts\/34939","targetHints":{"allow":["GET"]}}],"collection":[{"href":"https:\/\/acrj.org.br\/index.php\/wp-json\/wp\/v2\/posts"}],"about":[{"href":"https:\/\/acrj.org.br\/index.php\/wp-json\/wp\/v2\/types\/post"}],"author":[{"embeddable":true,"href":"https:\/\/acrj.org.br\/index.php\/wp-json\/wp\/v2\/users\/3"}],"replies":[{"embeddable":true,"href":"https:\/\/acrj.org.br\/index.php\/wp-json\/wp\/v2\/comments?post=34939"}],"version-history":[{"count":0,"href":"https:\/\/acrj.org.br\/index.php\/wp-json\/wp\/v2\/posts\/34939\/revisions"}],"wp:featuredmedia":[{"embeddable":true,"href":"https:\/\/acrj.org.br\/index.php\/wp-json\/wp\/v2\/media\/34947"}],"wp:attachment":[{"href":"https:\/\/acrj.org.br\/index.php\/wp-json\/wp\/v2\/media?parent=34939"}],"wp:term":[{"taxonomy":"category","embeddable":true,"href":"https:\/\/acrj.org.br\/index.php\/wp-json\/wp\/v2\/categories?post=34939"},{"taxonomy":"post_tag","embeddable":true,"href":"https:\/\/acrj.org.br\/index.php\/wp-json\/wp\/v2\/tags?post=34939"}],"curies":[{"name":"wp","href":"https:\/\/api.w.org\/{rel}","templated":true}]}}