{"id":34843,"date":"2025-03-13T17:19:19","date_gmt":"2025-03-13T20:19:19","guid":{"rendered":"https:\/\/acrj.org.br\/?p=34843"},"modified":"2026-02-11T17:32:59","modified_gmt":"2026-02-11T20:32:59","slug":"almoco-do-empresario-homenageia-desembargadores","status":"publish","type":"post","link":"https:\/\/acrj.org.br\/index.php\/2025\/03\/13\/almoco-do-empresario-homenageia-desembargadores\/","title":{"rendered":"Almo\u00e7o do Empres\u00e1rio homenageia Desembargadores"},"content":{"rendered":"\n<p>A ACRJ promoveu, nesta 5\u00aa feira, o tradicional Almo\u00e7o do Empres\u00e1rio. Durante o evento, o presidente da ACRJ, Josier Vilar, prestou homenagem aos desembargadores Ricardo Couto Castro, presidente do Tribunal de Justi\u00e7a do RJ; Henrique Figueira, presidente do Tribunal Regional Eleitoral &#8211; TRE-RJ; e Denise Nicoll Sim\u00f5es, presidente da M\u00fatua dos Magistrados. Os homenageados receberam a medalha de 200 anos da ACRJ e um diploma.<\/p>\n\n\n\n<figure class=\"wp-block-image size-large is-resized\"><img fetchpriority=\"high\" decoding=\"async\" width=\"1024\" height=\"678\" src=\"https:\/\/acrj.org.br\/wp-content\/uploads\/2025\/03\/eduardo-no-palco-1024x678.jpeg\" alt=\"\" class=\"wp-image-34847\" style=\"width:350px\" srcset=\"https:\/\/acrj.org.br\/wp-content\/uploads\/2025\/03\/eduardo-no-palco-1024x678.jpeg 1024w, https:\/\/acrj.org.br\/wp-content\/uploads\/2025\/03\/eduardo-no-palco-300x199.jpeg 300w, https:\/\/acrj.org.br\/wp-content\/uploads\/2025\/03\/eduardo-no-palco-768x508.jpeg 768w, https:\/\/acrj.org.br\/wp-content\/uploads\/2025\/03\/eduardo-no-palco-1536x1017.jpeg 1536w, https:\/\/acrj.org.br\/wp-content\/uploads\/2025\/03\/eduardo-no-palco.jpeg 1600w\" sizes=\"(max-width: 1024px) 100vw, 1024px\" \/><figcaption class=\"wp-element-caption\"><em>Ricardo Couto recebe a homenagem das <br>m\u00e3os de Eduardo Paes e Eduardo Cavallieri<\/em><\/figcaption><\/figure>\n\n\n\n<figure class=\"wp-block-image size-large is-resized\"><img decoding=\"async\" width=\"1024\" height=\"678\" src=\"https:\/\/acrj.org.br\/wp-content\/uploads\/2025\/03\/desembargadora-1024x678.jpeg\" alt=\"\" class=\"wp-image-34846\" style=\"width:350px\" srcset=\"https:\/\/acrj.org.br\/wp-content\/uploads\/2025\/03\/desembargadora-1024x678.jpeg 1024w, https:\/\/acrj.org.br\/wp-content\/uploads\/2025\/03\/desembargadora-300x199.jpeg 300w, https:\/\/acrj.org.br\/wp-content\/uploads\/2025\/03\/desembargadora-768x508.jpeg 768w, https:\/\/acrj.org.br\/wp-content\/uploads\/2025\/03\/desembargadora-1536x1017.jpeg 1536w, https:\/\/acrj.org.br\/wp-content\/uploads\/2025\/03\/desembargadora.jpeg 1600w\" sizes=\"(max-width: 1024px) 100vw, 1024px\" \/><figcaption class=\"wp-element-caption\"><em>Alexandre Accioly e Antonio Carlos Vilela na<\/em><br><em>homenagem a Denise Nicoll<\/em><\/figcaption><\/figure>\n\n\n\n<figure class=\"wp-block-image size-large is-resized\"><img decoding=\"async\" width=\"1024\" height=\"678\" src=\"https:\/\/acrj.org.br\/wp-content\/uploads\/2025\/03\/henrique-figueira-1024x678.jpeg\" alt=\"\" class=\"wp-image-34850\" style=\"width:350px\" srcset=\"https:\/\/acrj.org.br\/wp-content\/uploads\/2025\/03\/henrique-figueira-1024x678.jpeg 1024w, https:\/\/acrj.org.br\/wp-content\/uploads\/2025\/03\/henrique-figueira-300x199.jpeg 300w, https:\/\/acrj.org.br\/wp-content\/uploads\/2025\/03\/henrique-figueira-768x508.jpeg 768w, https:\/\/acrj.org.br\/wp-content\/uploads\/2025\/03\/henrique-figueira-1536x1017.jpeg 1536w, https:\/\/acrj.org.br\/wp-content\/uploads\/2025\/03\/henrique-figueira.jpeg 1600w\" sizes=\"(max-width: 1024px) 100vw, 1024px\" \/><figcaption class=\"wp-element-caption\"><em>Josier Vilar, Henrique Figueira, Antonio Queiroz e Mario Moreira<\/em><\/figcaption><\/figure>\n\n\n\n<p>O evento contou com a presen\u00e7a, entre outros convidados, do prefeito do Rio, Eduardo Paes; do vice-prefeito, Eduardo Cavallieri; da vice-prefeita de Niter\u00f3i, Isabel Swan, representando o prefeito Rodrigo Neves; do presidente da Fecom\u00e9rcio, Antonio Florencio Queiroz Junior; do do vice-presidente da Firjan, Antonio Carlos Vilela; do secret\u00e1rio municipal de Sa\u00fade, Daniel Soranz; do presidente da Fiocruz, Mario Moreira; do presidente do Conselho Superior da ACRJ, Ruy Barreto Filho; al\u00e9m de empres\u00e1rios, jornalistas e membros da diretoria e dos Conselhos Empresariais da Associa\u00e7\u00e3o Comercial.<\/p>\n\n\n\n<p>&#x1f517; O encontro na \u00edntegra est\u00e1 dispon\u00edvel no Canal ACRJ Divulga, no YouTube. <strong><a href=\"https:\/\/youtu.be\/NppZ8uRAh7c\">Acesse aqui<\/a><\/strong>.<\/p>\n\n\n\n<p>Confira os momentos do evento <strong><a href=\"https:\/\/drive.google.com\/drive\/folders\/1fnv6zrcZf-Bw1lVMULjLQVXlLNxUDWc1?usp=sharing\"><mark style=\"background-color:rgba(0, 0, 0, 0)\" class=\"has-inline-color has-vivid-cyan-blue-color\">aqui<\/mark><\/a><\/strong><\/p>\n\n\n\n<p><strong>Apoiadores<\/strong>: Naturgy, Rede Dor e Conselho Empresarial da Mulher da ACRJ<\/p>\n\n\n\n<figure class=\"wp-block-image size-large is-resized\"><img loading=\"lazy\" decoding=\"async\" width=\"1024\" height=\"678\" src=\"https:\/\/acrj.org.br\/wp-content\/uploads\/2025\/03\/daniel-soranz-1024x678.jpeg\" alt=\"\" class=\"wp-image-34845\" style=\"width:350px\" srcset=\"https:\/\/acrj.org.br\/wp-content\/uploads\/2025\/03\/daniel-soranz-1024x678.jpeg 1024w, https:\/\/acrj.org.br\/wp-content\/uploads\/2025\/03\/daniel-soranz-300x199.jpeg 300w, https:\/\/acrj.org.br\/wp-content\/uploads\/2025\/03\/daniel-soranz-768x508.jpeg 768w, https:\/\/acrj.org.br\/wp-content\/uploads\/2025\/03\/daniel-soranz-1536x1017.jpeg 1536w, https:\/\/acrj.org.br\/wp-content\/uploads\/2025\/03\/daniel-soranz.jpeg 1600w\" sizes=\"(max-width: 1024px) 100vw, 1024px\" \/><\/figure>\n\n\n\n<figure class=\"wp-block-image size-large is-resized\"><img loading=\"lazy\" decoding=\"async\" width=\"1024\" height=\"678\" src=\"https:\/\/acrj.org.br\/wp-content\/uploads\/2025\/03\/grupo-1024x678.jpeg\" alt=\"\" class=\"wp-image-34848\" style=\"width:350px\" srcset=\"https:\/\/acrj.org.br\/wp-content\/uploads\/2025\/03\/grupo-1024x678.jpeg 1024w, https:\/\/acrj.org.br\/wp-content\/uploads\/2025\/03\/grupo-300x199.jpeg 300w, https:\/\/acrj.org.br\/wp-content\/uploads\/2025\/03\/grupo-768x508.jpeg 768w, https:\/\/acrj.org.br\/wp-content\/uploads\/2025\/03\/grupo-1536x1017.jpeg 1536w, https:\/\/acrj.org.br\/wp-content\/uploads\/2025\/03\/grupo.jpeg 1600w\" sizes=\"(max-width: 1024px) 100vw, 1024px\" \/><\/figure>\n\n\n\n<figure class=\"wp-block-image size-large is-resized\"><img loading=\"lazy\" decoding=\"async\" width=\"1024\" height=\"678\" src=\"https:\/\/acrj.org.br\/wp-content\/uploads\/2025\/03\/josier-queiroz-e-prefeito-1024x678.jpeg\" alt=\"\" class=\"wp-image-34851\" style=\"width:350px\" srcset=\"https:\/\/acrj.org.br\/wp-content\/uploads\/2025\/03\/josier-queiroz-e-prefeito-1024x678.jpeg 1024w, https:\/\/acrj.org.br\/wp-content\/uploads\/2025\/03\/josier-queiroz-e-prefeito-300x199.jpeg 300w, https:\/\/acrj.org.br\/wp-content\/uploads\/2025\/03\/josier-queiroz-e-prefeito-768x508.jpeg 768w, https:\/\/acrj.org.br\/wp-content\/uploads\/2025\/03\/josier-queiroz-e-prefeito-1536x1017.jpeg 1536w, https:\/\/acrj.org.br\/wp-content\/uploads\/2025\/03\/josier-queiroz-e-prefeito.jpeg 1600w\" sizes=\"(max-width: 1024px) 100vw, 1024px\" \/><\/figure>\n\n\n\n<figure class=\"wp-block-image size-large is-resized\"><img loading=\"lazy\" decoding=\"async\" width=\"1042\" height=\"695\" src=\"https:\/\/acrj.org.br\/wp-content\/uploads\/2025\/03\/soranz-edited.jpeg\" alt=\"\" class=\"wp-image-34859\" style=\"width:349px\" srcset=\"https:\/\/acrj.org.br\/wp-content\/uploads\/2025\/03\/soranz-edited.jpeg 1042w, https:\/\/acrj.org.br\/wp-content\/uploads\/2025\/03\/soranz-edited-300x200.jpeg 300w, https:\/\/acrj.org.br\/wp-content\/uploads\/2025\/03\/soranz-edited-1024x683.jpeg 1024w, https:\/\/acrj.org.br\/wp-content\/uploads\/2025\/03\/soranz-edited-768x512.jpeg 768w\" sizes=\"(max-width: 1042px) 100vw, 1042px\" \/><figcaption class=\"wp-element-caption\">Josier Vilar, Daniel Soranz e Fernanda Bezerra<\/figcaption><\/figure>\n\n\n\n<figure class=\"wp-block-image size-large is-resized\"><img loading=\"lazy\" decoding=\"async\" width=\"1024\" height=\"678\" src=\"https:\/\/acrj.org.br\/wp-content\/uploads\/2025\/03\/queiroz-e-josier-1024x678.jpeg\" alt=\"\" class=\"wp-image-34852\" style=\"width:350px\" srcset=\"https:\/\/acrj.org.br\/wp-content\/uploads\/2025\/03\/queiroz-e-josier-1024x678.jpeg 1024w, https:\/\/acrj.org.br\/wp-content\/uploads\/2025\/03\/queiroz-e-josier-300x199.jpeg 300w, https:\/\/acrj.org.br\/wp-content\/uploads\/2025\/03\/queiroz-e-josier-768x508.jpeg 768w, https:\/\/acrj.org.br\/wp-content\/uploads\/2025\/03\/queiroz-e-josier-1536x1017.jpeg 1536w, https:\/\/acrj.org.br\/wp-content\/uploads\/2025\/03\/queiroz-e-josier.jpeg 1600w\" sizes=\"(max-width: 1024px) 100vw, 1024px\" \/><figcaption class=\"wp-element-caption\">Josier Vilar e Antonio Queiroz<\/figcaption><\/figure>\n\n\n\n<figure class=\"wp-block-image size-large is-resized\"><img loading=\"lazy\" decoding=\"async\" width=\"1024\" height=\"678\" src=\"https:\/\/acrj.org.br\/wp-content\/uploads\/2025\/03\/grupo1-1024x678.jpeg\" alt=\"\" class=\"wp-image-34849\" style=\"width:350px\" srcset=\"https:\/\/acrj.org.br\/wp-content\/uploads\/2025\/03\/grupo1-1024x678.jpeg 1024w, https:\/\/acrj.org.br\/wp-content\/uploads\/2025\/03\/grupo1-300x199.jpeg 300w, https:\/\/acrj.org.br\/wp-content\/uploads\/2025\/03\/grupo1-768x508.jpeg 768w, https:\/\/acrj.org.br\/wp-content\/uploads\/2025\/03\/grupo1-1536x1017.jpeg 1536w, https:\/\/acrj.org.br\/wp-content\/uploads\/2025\/03\/grupo1.jpeg 1600w\" sizes=\"(max-width: 1024px) 100vw, 1024px\" \/><\/figure>\n\n\n\n<figure class=\"wp-block-image size-full is-resized\"><img loading=\"lazy\" decoding=\"async\" width=\"824\" height=\"549\" src=\"https:\/\/acrj.org.br\/wp-content\/uploads\/2025\/03\/ruy-edited.jpeg\" alt=\"\" class=\"wp-image-34877\" style=\"width:350px\" srcset=\"https:\/\/acrj.org.br\/wp-content\/uploads\/2025\/03\/ruy-edited.jpeg 824w, https:\/\/acrj.org.br\/wp-content\/uploads\/2025\/03\/ruy-edited-300x200.jpeg 300w, https:\/\/acrj.org.br\/wp-content\/uploads\/2025\/03\/ruy-edited-768x512.jpeg 768w\" sizes=\"(max-width: 824px) 100vw, 824px\" \/><figcaption class=\"wp-element-caption\">Eduardo Paes e Ruy Barreto Filho<\/figcaption><\/figure>\n\n\n\n<figure class=\"wp-block-image size-large is-resized\"><img loading=\"lazy\" decoding=\"async\" width=\"1413\" height=\"942\" src=\"https:\/\/acrj.org.br\/wp-content\/uploads\/2025\/03\/mario-moreira-edited-1.jpeg\" alt=\"\" class=\"wp-image-34860\" style=\"width:360px\" srcset=\"https:\/\/acrj.org.br\/wp-content\/uploads\/2025\/03\/mario-moreira-edited-1.jpeg 1413w, https:\/\/acrj.org.br\/wp-content\/uploads\/2025\/03\/mario-moreira-edited-1-300x200.jpeg 300w, https:\/\/acrj.org.br\/wp-content\/uploads\/2025\/03\/mario-moreira-edited-1-1024x683.jpeg 1024w, https:\/\/acrj.org.br\/wp-content\/uploads\/2025\/03\/mario-moreira-edited-1-768x512.jpeg 768w\" sizes=\"(max-width: 1413px) 100vw, 1413px\" \/><\/figure>\n\n\n\n<figure class=\"wp-block-image size-large is-resized\"><img loading=\"lazy\" decoding=\"async\" width=\"1024\" height=\"678\" src=\"https:\/\/acrj.org.br\/wp-content\/uploads\/2025\/03\/mesa-1024x678.jpeg\" alt=\"\" class=\"wp-image-34881\" style=\"width:350px\" srcset=\"https:\/\/acrj.org.br\/wp-content\/uploads\/2025\/03\/mesa-1024x678.jpeg 1024w, https:\/\/acrj.org.br\/wp-content\/uploads\/2025\/03\/mesa-300x199.jpeg 300w, https:\/\/acrj.org.br\/wp-content\/uploads\/2025\/03\/mesa-768x508.jpeg 768w, https:\/\/acrj.org.br\/wp-content\/uploads\/2025\/03\/mesa-1536x1017.jpeg 1536w, https:\/\/acrj.org.br\/wp-content\/uploads\/2025\/03\/mesa.jpeg 1600w\" sizes=\"(max-width: 1024px) 100vw, 1024px\" \/><\/figure>\n\n\n\n<figure class=\"wp-block-image size-large is-resized\"><img loading=\"lazy\" decoding=\"async\" width=\"1024\" height=\"678\" src=\"https:\/\/acrj.org.br\/wp-content\/uploads\/2025\/03\/accioly-josier-e-joao-marcelo-1024x678.jpeg\" alt=\"\" class=\"wp-image-34864\" style=\"width:350px\" srcset=\"https:\/\/acrj.org.br\/wp-content\/uploads\/2025\/03\/accioly-josier-e-joao-marcelo-1024x678.jpeg 1024w, https:\/\/acrj.org.br\/wp-content\/uploads\/2025\/03\/accioly-josier-e-joao-marcelo-300x199.jpeg 300w, https:\/\/acrj.org.br\/wp-content\/uploads\/2025\/03\/accioly-josier-e-joao-marcelo-768x508.jpeg 768w, https:\/\/acrj.org.br\/wp-content\/uploads\/2025\/03\/accioly-josier-e-joao-marcelo-1536x1017.jpeg 1536w, https:\/\/acrj.org.br\/wp-content\/uploads\/2025\/03\/accioly-josier-e-joao-marcelo.jpeg 1600w\" sizes=\"(max-width: 1024px) 100vw, 1024px\" \/><figcaption class=\"wp-element-caption\">Alexandre Accioly, Josier Vilar e Jo\u00e3o Marcelo Barreto<\/figcaption><\/figure>\n\n\n\n<p>Fotos: Raul Moreira<\/p>\n","protected":false},"excerpt":{"rendered":"<p>A ACRJ promoveu, nesta 5\u00aa feira, o tradicional Almo\u00e7o do Empres\u00e1rio. Durante o evento, o presidente da ACRJ, Josier Vilar, prestou homenagem aos desembargadores Ricardo&hellip;<\/p>\n","protected":false},"author":3,"featured_media":34854,"comment_status":"closed","ping_status":"closed","sticky":false,"template":"","format":"standard","meta":{"_exactmetrics_skip_tracking":false,"_exactmetrics_sitenote_active":false,"_exactmetrics_sitenote_note":"","_exactmetrics_sitenote_category":0,"footnotes":""},"categories":[6,10],"tags":[],"class_list":["post-34843","post","type-post","status-publish","format-standard","has-post-thumbnail","hentry","category-destaque_noticias","category-noticias"],"_links":{"self":[{"href":"https:\/\/acrj.org.br\/index.php\/wp-json\/wp\/v2\/posts\/34843","targetHints":{"allow":["GET"]}}],"collection":[{"href":"https:\/\/acrj.org.br\/index.php\/wp-json\/wp\/v2\/posts"}],"about":[{"href":"https:\/\/acrj.org.br\/index.php\/wp-json\/wp\/v2\/types\/post"}],"author":[{"embeddable":true,"href":"https:\/\/acrj.org.br\/index.php\/wp-json\/wp\/v2\/users\/3"}],"replies":[{"embeddable":true,"href":"https:\/\/acrj.org.br\/index.php\/wp-json\/wp\/v2\/comments?post=34843"}],"version-history":[{"count":2,"href":"https:\/\/acrj.org.br\/index.php\/wp-json\/wp\/v2\/posts\/34843\/revisions"}],"predecessor-version":[{"id":41681,"href":"https:\/\/acrj.org.br\/index.php\/wp-json\/wp\/v2\/posts\/34843\/revisions\/41681"}],"wp:featuredmedia":[{"embeddable":true,"href":"https:\/\/acrj.org.br\/index.php\/wp-json\/wp\/v2\/media\/34854"}],"wp:attachment":[{"href":"https:\/\/acrj.org.br\/index.php\/wp-json\/wp\/v2\/media?parent=34843"}],"wp:term":[{"taxonomy":"category","embeddable":true,"href":"https:\/\/acrj.org.br\/index.php\/wp-json\/wp\/v2\/categories?post=34843"},{"taxonomy":"post_tag","embeddable":true,"href":"https:\/\/acrj.org.br\/index.php\/wp-json\/wp\/v2\/tags?post=34843"}],"curies":[{"name":"wp","href":"https:\/\/api.w.org\/{rel}","templated":true}]}}