{"id":34781,"date":"2025-03-11T10:56:44","date_gmt":"2025-03-11T13:56:44","guid":{"rendered":"https:\/\/acrj.org.br\/?p=34781"},"modified":"2025-03-11T12:04:15","modified_gmt":"2025-03-11T15:04:15","slug":"34781","status":"publish","type":"post","link":"https:\/\/acrj.org.br\/index.php\/2025\/03\/11\/34781\/","title":{"rendered":"Reuni\u00e3o debate agenda de eventos e projetos e faz balan\u00e7o do curso \u201cFazendo Meu 1\u00ba Filme\u201d"},"content":{"rendered":"\n<p>Na pauta da reuni\u00e3o do Conselho Empresarial de Cultura da ACRJ , realizada dia 10 de mar\u00e7o, os conselheiros debateram o calend\u00e1rio de eventos do Conselho, os projetos Fazendo Meu 1\u00ba Filme, coordenado pelo conselheiro Steve Solot, e Integra\u00e7\u00e3o Brasil-Portugal, iniciativa dos conselheiros Margareth Arag\u00e3o e Eric Herrero, entre outros assuntos.<\/p>\n\n\n\n<p>Em rela\u00e7\u00e3o \u00e0 realiza\u00e7\u00e3o de eventos, foram sugeridos os semin\u00e1rios \u201cOs Impactos dos Eventos para o Rio de Janeiro, presente e futuro\u201d, para mostrar o papel do Poder P\u00fablico na produ\u00e7\u00e3o cultural, e \u201cA produ\u00e7\u00e3o cultural na m\u00fasica cl\u00e1ssica\u201d. Ambas sugest\u00f5es, a serem viabilizadas ainda no primeiro semestre, ser\u00e3o definidas pelo Conselho e apresentadas \u00e0 presid\u00eancia da ACRJ.<\/p>\n\n\n\n<p>A proposta dos conselheiros Margareth Arag\u00e3o e Eric Herrero para a Integra\u00e7\u00e3o Brasil-Portugal prev\u00ea a realiza\u00e7\u00e3o de atividades, destacando a import\u00e2ncia das rela\u00e7\u00f5es culturais entre os dois pa\u00edses. Ser\u00e3o apresentados ao Conselho a agenda de eventos que marcar\u00e1 esta integra\u00e7\u00e3o.<\/p>\n\n\n\n<p>A conselheira Ana Cristina Carvalho falou sobre a C\u00e2mara \u00c1frica, Am\u00e9rica e Caribe e apresentou as alternativas culturais desses pa\u00edses atrav\u00e9s do Conselho de Cultura.<\/p>\n\n\n\n<figure class=\"wp-block-image size-large is-resized\"><img fetchpriority=\"high\" decoding=\"async\" width=\"1024\" height=\"588\" src=\"https:\/\/acrj.org.br\/wp-content\/uploads\/2025\/03\/mesa1-1024x588.jpg\" alt=\"\" class=\"wp-image-34785\" style=\"width:350px\" srcset=\"https:\/\/acrj.org.br\/wp-content\/uploads\/2025\/03\/mesa1-1024x588.jpg 1024w, https:\/\/acrj.org.br\/wp-content\/uploads\/2025\/03\/mesa1-300x172.jpg 300w, https:\/\/acrj.org.br\/wp-content\/uploads\/2025\/03\/mesa1-768x441.jpg 768w, https:\/\/acrj.org.br\/wp-content\/uploads\/2025\/03\/mesa1-1536x882.jpg 1536w, https:\/\/acrj.org.br\/wp-content\/uploads\/2025\/03\/mesa1.jpg 2045w\" sizes=\"(max-width: 1024px) 100vw, 1024px\" \/><\/figure>\n\n\n\n<p><strong>Projeto Fazendo Meu 1\u00ba Filme<\/strong><\/p>\n\n\n\n<p>O conselheiro Steve Solot fez um balan\u00e7o sobre o projeto Fazendo Meu 1\u00ba Filme, recentemente encerrado no munic\u00edpio de Nova Igua\u00e7u, o quarto j\u00e1 viabilizado at\u00e9 o momento, e destacou a import\u00e2ncia do apoio da Secretaria de Cultura do Estado do Rio, j\u00e1 que h\u00e1 interesse de diversas outras cidades do Estado em realizar o projeto. Ele adiantou que o pr\u00f3ximo curso ser\u00e1 na escola de cinema ABC Cursos de Cinema, nas Casas Casadas, em Laranjeiras, no final de maio, e mais um est\u00e1 programado para acontecer, ainda neste semestre, no Degase (Departamento Geral de A\u00e7\u00f5es Socioeducativas) da Ilha do Governador. <\/p>\n\n\n\n<p>Tamb\u00e9m est\u00e3o em andamento, segundo ele, conversas para a realiza\u00e7\u00e3o de um curso em Petr\u00f3polis, em parceria com a Secretaria de Cultura e a Associa\u00e7\u00e3o Comercial de Petr\u00f3polis, em data a ser definida. Qualquer cidade que oferecer infraestrutura b\u00e1sica poder\u00e1 viabilizar o curso, pois n\u00e3o investimento inicial, j\u00e1 que o projeto \u00e9 custeado por fontes privadas. Steve informou que as apresenta\u00e7\u00f5es do presidente do Conselho Superior da ACRJ, Ruy Barreto Filho, a outras Associa\u00e7\u00f5es Comerciais do Estado do Rio, ajudaram a conseguiu firmar parcerias para fornecer infraestrutura para os cursos em todas as cidades onde o curso est\u00e1 programado.<\/p>\n\n\n\n<p>O conselheiro explicou que como membro do Social Impact Entertainment Society-SIE, a alian\u00e7a global l\u00edder em entretenimento de impacto social, com sede em Los Angeles, o LATC (organizador principal do curso) recebe orienta\u00e7\u00e3o na concep\u00e7\u00e3o, desenho e implementa\u00e7\u00e3o de programas de educa\u00e7\u00e3o audiovisual que gerem impactos positivos, mensur\u00e1veis e duradouros na vida dos jovens de comunidades e munic\u00edpios da periferia do Rio. E disse ainda que filmes selecionados de todas as edi\u00e7\u00f5es do curso ser\u00e3o disponibilizados, com legendas em ingl\u00eas, na nova plataforma de streaming MAB+, sediada em Los Angeles, oferecendo uma nova \u201cjanela\u201d internacional e visibilidade para os filmes dos alunos do projeto.<\/p>\n\n\n\n<p>O curso \u00e9 um projeto de inclus\u00e3o social para forma\u00e7\u00e3o de jovens de baixa renda na cria\u00e7\u00e3o e produ\u00e7\u00e3o audiovisual, utilizando o audiovisual como ferramenta de transforma\u00e7\u00e3o, e \u00e9 destinado a comunidades e munic\u00edpios do Estado do Rio de Janeiro. Os alunos aprendem t\u00e9cnicas cinematogr\u00e1ficas e produzem curtas-metragens usando seus celulares que s\u00e3o exibidos ao final de cada curso. Idealizado pelo Conselho de Cultura da ACRJ, o projeto conta com a execu\u00e7\u00e3o da Latin American Training Center-LATC e apoio de diversos parceiros p\u00fablicos e privados.<br><\/p>\n\n\n\n<p><strong>Solidariedade \u00e0 conselheira Viviane de Assis<\/strong><\/p>\n\n\n\n<p>Um dos assuntos que mereceu aten\u00e7\u00e3o especial dos conselheiros foi o caso relatado pela conselheira Viviane de Assis, passista da Escola de Samba Viradouro, que foi v\u00edtima de preconceito durante sua apresenta\u00e7\u00e3o neste carnaval. Vivi contou que entrou na justi\u00e7a contra um humorista que fez piada durante sua apresenta\u00e7\u00e3o pelo fato de ela ser portadora de nanismo. A conselheira Viviane recebeu todo o apoio e solidariedade dos demais membros, em especial do presidente do Conselho, S\u00e9rgio Costa e Silva, que colocou o Conselho \u00e0 sua disposi\u00e7\u00e3o neste caso espec\u00edfico.<\/p>\n\n\n\n<figure class=\"wp-block-image size-large is-resized\"><img decoding=\"async\" width=\"2526\" height=\"1894\" src=\"https:\/\/acrj.org.br\/wp-content\/uploads\/2025\/03\/mesa-1-edited.jpg\" alt=\"\" class=\"wp-image-34784\" style=\"width:350px\" srcset=\"https:\/\/acrj.org.br\/wp-content\/uploads\/2025\/03\/mesa-1-edited.jpg 2526w, https:\/\/acrj.org.br\/wp-content\/uploads\/2025\/03\/mesa-1-edited-300x225.jpg 300w, https:\/\/acrj.org.br\/wp-content\/uploads\/2025\/03\/mesa-1-edited-1024x768.jpg 1024w, https:\/\/acrj.org.br\/wp-content\/uploads\/2025\/03\/mesa-1-edited-768x576.jpg 768w, https:\/\/acrj.org.br\/wp-content\/uploads\/2025\/03\/mesa-1-edited-1536x1152.jpg 1536w, https:\/\/acrj.org.br\/wp-content\/uploads\/2025\/03\/mesa-1-edited-2048x1536.jpg 2048w\" sizes=\"(max-width: 2526px) 100vw, 2526px\" \/><\/figure>\n","protected":false},"excerpt":{"rendered":"<p>Na pauta da reuni\u00e3o do Conselho Empresarial de Cultura da ACRJ , realizada dia 10 de mar\u00e7o, os conselheiros debateram o calend\u00e1rio de eventos do&hellip;<\/p>\n","protected":false},"author":3,"featured_media":34789,"comment_status":"closed","ping_status":"closed","sticky":false,"template":"","format":"standard","meta":{"_exactmetrics_skip_tracking":false,"_exactmetrics_sitenote_active":false,"_exactmetrics_sitenote_note":"","_exactmetrics_sitenote_category":0,"footnotes":""},"categories":[56,10],"tags":[],"class_list":["post-34781","post","type-post","status-publish","format-standard","has-post-thumbnail","hentry","category-destaque_conselhos","category-noticias"],"_links":{"self":[{"href":"https:\/\/acrj.org.br\/index.php\/wp-json\/wp\/v2\/posts\/34781","targetHints":{"allow":["GET"]}}],"collection":[{"href":"https:\/\/acrj.org.br\/index.php\/wp-json\/wp\/v2\/posts"}],"about":[{"href":"https:\/\/acrj.org.br\/index.php\/wp-json\/wp\/v2\/types\/post"}],"author":[{"embeddable":true,"href":"https:\/\/acrj.org.br\/index.php\/wp-json\/wp\/v2\/users\/3"}],"replies":[{"embeddable":true,"href":"https:\/\/acrj.org.br\/index.php\/wp-json\/wp\/v2\/comments?post=34781"}],"version-history":[{"count":0,"href":"https:\/\/acrj.org.br\/index.php\/wp-json\/wp\/v2\/posts\/34781\/revisions"}],"wp:featuredmedia":[{"embeddable":true,"href":"https:\/\/acrj.org.br\/index.php\/wp-json\/wp\/v2\/media\/34789"}],"wp:attachment":[{"href":"https:\/\/acrj.org.br\/index.php\/wp-json\/wp\/v2\/media?parent=34781"}],"wp:term":[{"taxonomy":"category","embeddable":true,"href":"https:\/\/acrj.org.br\/index.php\/wp-json\/wp\/v2\/categories?post=34781"},{"taxonomy":"post_tag","embeddable":true,"href":"https:\/\/acrj.org.br\/index.php\/wp-json\/wp\/v2\/tags?post=34781"}],"curies":[{"name":"wp","href":"https:\/\/api.w.org\/{rel}","templated":true}]}}