{"id":3473,"date":"2019-04-15T23:34:00","date_gmt":"2019-04-16T02:34:00","guid":{"rendered":"http:\/\/acrj2020.profissional.ws\/?p=3473"},"modified":"2020-07-10T13:26:33","modified_gmt":"2020-07-10T16:26:33","slug":"acrj-recebe-vice-governador-do-rio-de-janeiro","status":"publish","type":"post","link":"https:\/\/acrj.org.br\/index.php\/2019\/04\/15\/acrj-recebe-vice-governador-do-rio-de-janeiro\/","title":{"rendered":"ACRJ recebe Vice-Governador do Rio de Janeiro"},"content":{"rendered":"\t\t<div data-elementor-type=\"wp-post\" data-elementor-id=\"3473\" class=\"elementor elementor-3473\" data-elementor-post-type=\"post\">\n\t\t\t\t\t\t<section class=\"elementor-section elementor-top-section elementor-element elementor-element-707058ee elementor-section-boxed elementor-section-height-default elementor-section-height-default\" data-id=\"707058ee\" data-element_type=\"section\" data-e-type=\"section\">\n\t\t\t\t\t\t<div class=\"elementor-container elementor-column-gap-default\">\n\t\t\t\t\t<div class=\"elementor-column elementor-col-100 elementor-top-column elementor-element elementor-element-769037de\" data-id=\"769037de\" data-element_type=\"column\" data-e-type=\"column\">\n\t\t\t<div class=\"elementor-widget-wrap elementor-element-populated\">\n\t\t\t\t\t\t<div class=\"elementor-element elementor-element-15334b7e elementor-widget elementor-widget-text-editor\" data-id=\"15334b7e\" data-element_type=\"widget\" data-e-type=\"widget\" data-widget_type=\"text-editor.default\">\n\t\t\t\t<div class=\"elementor-widget-container\">\n\t\t\t\t\t\t\t\t\t\n<p>O Conselho Empresarial de Log\u00edstica e Transporte da Associa\u00e7\u00e3o Comercial do Rio de Janeiro recebeu o Vice-Governador do Rio de Janeiro, Cl\u00e1udio Castro, para um almo\u00e7o nesta segunda-feira, 15 de abril. Na presen\u00e7a de Conselheiros da Associa\u00e7\u00e3o, Castro debateu concess\u00f5es de rodovias e ferrovias federais, al\u00e9m de pol\u00edticas tribut\u00e1rias para amplia\u00e7\u00e3o das importa\u00e7\u00f5es e exporta\u00e7\u00f5es no estado.<\/p>\n\n<p>\u201cA palavra que vim trazer \u00e9 de \u00e2nimo. Os empres\u00e1rios saem de reuni\u00f5es no meu gabinete com o conforto de serem ouvidos. Temos que desburocratizar de vez a vida do empres\u00e1rio. Tenho certeza de que o governador vai transformar esse estado\u201d, disse o Vice-Governador, sob aplausos da plateia. \u201cN\u00e3o desistam do Rio. O Rio precisa muito mais dos empres\u00e1rios do que dos pol\u00edticos. As estrelas desse almo\u00e7o s\u00e3o voc\u00eas\u201d, concluiu Castro.<\/p>\n\n<p>Ap\u00f3s a apresenta\u00e7\u00e3o do Vice-Governador, o Presidente do Conselho Empresarial de Log\u00edstica e Transporte da ACRJ, Delmo Pinho, falou sobre a pujan\u00e7a produtiva brasileira, que infelizmente esbarra nas defici\u00eancias log\u00edsticas e de infraestrutura adequadas para o escoamento da produ\u00e7\u00e3o.<\/p>\n\n<p>Segundo ele, s\u00e3o necess\u00e1rias duas a\u00e7\u00f5es priorit\u00e1rias. Concess\u00f5es para irrigar o investimento privado e otimiza\u00e7\u00e3o das al\u00edquotas de importa\u00e7\u00e3o. \u201cO Rio ser\u00e1 o lugar do Brasil com a maior concess\u00e3o de rodovias e ferrovias em 30 anos. Isso vai permitir irrigar a economia do estado\u201d, afirmou. De acordo com Pinho, outra oportunidade como a que se apresenta atualmente para o Rio no setor s\u00f3 ocorrer\u00e1 novamente daqui a outros trinta anos.<\/p>\n\n<p>A Presidente Angela Costa sintetizou os pontos tratados pelos presentes durante toda a conversa. \u201cO Rio est\u00e1 vivendo esse momento em que precisa de uni\u00e3o. Muitas vezes nos sentimos oprimidos pelas travas do estado. Acho que esse momento \u00e9 de romper muros. As palavras do vice-governador soaram como m\u00fasica para os nossos ouvidos\u201d, disse. A Presidente entregou ao Vice-Governador a <a href=\"https:\/\/acrj.org.br\/index.php\/publicacoes\/\">Agenda Positiva<\/a> da ACRJ com 50 propostas de a\u00e7\u00e3o para o Governo do Estado, produzidas pelos Conselhos Empresariais da Casa.\u00a0<\/p>\n\n<p>\u00c0 mesa de honra do evento estiveram presentes a Presidente da Associa\u00e7\u00e3o Comercial do Rio de Janeiro, Angela Costa; o Vice-Governador do Estado do Rio de Janeiro, Cl\u00e1udio Castro; representando o Presidente do Conselho Superior, Humberto Mota, esteve presente o Grande Benem\u00e9rito e Vice-Presidente do Conselho Superior e de Rela\u00e7\u00f5es Internacionais da ACRJ, Marco Polo Moreira Leite; o Benem\u00e9rito e Vice-Presidente de Rela\u00e7\u00f5es Institucionais e Coordenador dos Conselhos Empresariais da ACRJ, Domingos Vargas; o Presidente do Conselho Empresarial de Log\u00edstica e Transporte da ACRJ, Delmo Pinho; o Presidente da Companhia de Desenvolvimento Industrial do Estado do Rio de Janeiro, F\u00e1bio Eduardo Galv\u00e3o Ferreira Costa e o Benem\u00e9rito e Vice-Presidente do Conselho Empresarial de Log\u00edstica e Transporte, Eduardo Rebuzzi.<\/p>\n\t\t\t\t\t\t\t\t<\/div>\n\t\t\t\t<\/div>\n\t\t\t\t\t<\/div>\n\t\t<\/div>\n\t\t\t\t\t<\/div>\n\t\t<\/section>\n\t\t\t\t<section class=\"elementor-section elementor-top-section elementor-element elementor-element-236428f elementor-section-boxed elementor-section-height-default elementor-section-height-default\" data-id=\"236428f\" data-element_type=\"section\" data-e-type=\"section\">\n\t\t\t\t\t\t<div class=\"elementor-container elementor-column-gap-default\">\n\t\t\t\t\t<div class=\"elementor-column elementor-col-100 elementor-top-column elementor-element elementor-element-49ec0f1\" data-id=\"49ec0f1\" data-element_type=\"column\" data-e-type=\"column\">\n\t\t\t<div class=\"elementor-widget-wrap elementor-element-populated\">\n\t\t\t\t\t\t<div class=\"elementor-element elementor-element-03f346d elementor-widget elementor-widget-gallery\" data-id=\"03f346d\" data-element_type=\"widget\" data-e-type=\"widget\" data-settings=\"{&quot;columns&quot;:3,&quot;lazyload&quot;:&quot;yes&quot;,&quot;gallery_layout&quot;:&quot;grid&quot;,&quot;columns_tablet&quot;:2,&quot;columns_mobile&quot;:1,&quot;gap&quot;:{&quot;unit&quot;:&quot;px&quot;,&quot;size&quot;:10,&quot;sizes&quot;:[]},&quot;gap_tablet&quot;:{&quot;unit&quot;:&quot;px&quot;,&quot;size&quot;:10,&quot;sizes&quot;:[]},&quot;gap_mobile&quot;:{&quot;unit&quot;:&quot;px&quot;,&quot;size&quot;:10,&quot;sizes&quot;:[]},&quot;link_to&quot;:&quot;file&quot;,&quot;aspect_ratio&quot;:&quot;3:2&quot;,&quot;overlay_background&quot;:&quot;yes&quot;,&quot;content_hover_animation&quot;:&quot;fade-in&quot;}\" data-widget_type=\"gallery.default\">\n\t\t\t\t<div class=\"elementor-widget-container\">\n\t\t\t\t\t\t\t<div class=\"elementor-gallery__container\">\n\t\t\t\t\t\t\t<a class=\"e-gallery-item elementor-gallery-item elementor-animated-content\" href=\"https:\/\/acrj.org.br\/wp-content\/uploads\/2020\/03\/dsc_5324.jpg\" data-elementor-open-lightbox=\"yes\" data-elementor-lightbox-slideshow=\"03f346d\" data-elementor-lightbox-title=\"dsc_5324\" data-e-action-hash=\"#elementor-action%3Aaction%3Dlightbox%26settings%3DeyJpZCI6MzQ3NiwidXJsIjoiaHR0cHM6XC9cL2Fjcmoub3JnLmJyXC93cC1jb250ZW50XC91cGxvYWRzXC8yMDIwXC8wM1wvZHNjXzUzMjQuanBnIiwic2xpZGVzaG93IjoiMDNmMzQ2ZCJ9\">\n\t\t\t\t\t<div class=\"e-gallery-image elementor-gallery-item__image\" data-thumbnail=\"https:\/\/acrj.org.br\/wp-content\/uploads\/2020\/03\/dsc_5324.jpg\" data-width=\"660\" data-height=\"490\" aria-label=\"\" role=\"img\" ><\/div>\n\t\t\t\t\t\t\t\t\t\t\t<div class=\"elementor-gallery-item__overlay\"><\/div>\n\t\t\t\t\t\t\t\t\t\t\t\t\t\t<\/a>\n\t\t\t\t\t\t\t<a class=\"e-gallery-item elementor-gallery-item elementor-animated-content\" href=\"https:\/\/acrj.org.br\/wp-content\/uploads\/2020\/03\/dsc_5355.jpg\" data-elementor-open-lightbox=\"yes\" data-elementor-lightbox-slideshow=\"03f346d\" data-elementor-lightbox-title=\"dsc_5355\" data-e-action-hash=\"#elementor-action%3Aaction%3Dlightbox%26settings%3DeyJpZCI6MzQ3NywidXJsIjoiaHR0cHM6XC9cL2Fjcmoub3JnLmJyXC93cC1jb250ZW50XC91cGxvYWRzXC8yMDIwXC8wM1wvZHNjXzUzNTUuanBnIiwic2xpZGVzaG93IjoiMDNmMzQ2ZCJ9\">\n\t\t\t\t\t<div class=\"e-gallery-image elementor-gallery-item__image\" data-thumbnail=\"https:\/\/acrj.org.br\/wp-content\/uploads\/2020\/03\/dsc_5355.jpg\" data-width=\"660\" data-height=\"490\" aria-label=\"\" role=\"img\" ><\/div>\n\t\t\t\t\t\t\t\t\t\t\t<div class=\"elementor-gallery-item__overlay\"><\/div>\n\t\t\t\t\t\t\t\t\t\t\t\t\t\t<\/a>\n\t\t\t\t\t\t\t<a class=\"e-gallery-item elementor-gallery-item elementor-animated-content\" href=\"https:\/\/acrj.org.br\/wp-content\/uploads\/2020\/03\/dsc_5382.jpg\" data-elementor-open-lightbox=\"yes\" data-elementor-lightbox-slideshow=\"03f346d\" data-elementor-lightbox-title=\"dsc_5382\" data-e-action-hash=\"#elementor-action%3Aaction%3Dlightbox%26settings%3DeyJpZCI6MzQ3OCwidXJsIjoiaHR0cHM6XC9cL2Fjcmoub3JnLmJyXC93cC1jb250ZW50XC91cGxvYWRzXC8yMDIwXC8wM1wvZHNjXzUzODIuanBnIiwic2xpZGVzaG93IjoiMDNmMzQ2ZCJ9\">\n\t\t\t\t\t<div class=\"e-gallery-image elementor-gallery-item__image\" data-thumbnail=\"https:\/\/acrj.org.br\/wp-content\/uploads\/2020\/03\/dsc_5382.jpg\" data-width=\"660\" data-height=\"490\" aria-label=\"\" role=\"img\" ><\/div>\n\t\t\t\t\t\t\t\t\t\t\t<div class=\"elementor-gallery-item__overlay\"><\/div>\n\t\t\t\t\t\t\t\t\t\t\t\t\t\t<\/a>\n\t\t\t\t\t\t\t<a class=\"e-gallery-item elementor-gallery-item elementor-animated-content\" href=\"https:\/\/acrj.org.br\/wp-content\/uploads\/2020\/03\/dsc_5543.jpg\" data-elementor-open-lightbox=\"yes\" data-elementor-lightbox-slideshow=\"03f346d\" data-elementor-lightbox-title=\"dsc_5543\" data-e-action-hash=\"#elementor-action%3Aaction%3Dlightbox%26settings%3DeyJpZCI6MzQ3OSwidXJsIjoiaHR0cHM6XC9cL2Fjcmoub3JnLmJyXC93cC1jb250ZW50XC91cGxvYWRzXC8yMDIwXC8wM1wvZHNjXzU1NDMuanBnIiwic2xpZGVzaG93IjoiMDNmMzQ2ZCJ9\">\n\t\t\t\t\t<div class=\"e-gallery-image elementor-gallery-item__image\" data-thumbnail=\"https:\/\/acrj.org.br\/wp-content\/uploads\/2020\/03\/dsc_5543.jpg\" data-width=\"660\" data-height=\"490\" aria-label=\"\" role=\"img\" ><\/div>\n\t\t\t\t\t\t\t\t\t\t\t<div class=\"elementor-gallery-item__overlay\"><\/div>\n\t\t\t\t\t\t\t\t\t\t\t\t\t\t<\/a>\n\t\t\t\t\t\t\t<a class=\"e-gallery-item elementor-gallery-item elementor-animated-content\" href=\"https:\/\/acrj.org.br\/wp-content\/uploads\/2020\/03\/dsc_5563.jpg\" data-elementor-open-lightbox=\"yes\" data-elementor-lightbox-slideshow=\"03f346d\" data-elementor-lightbox-title=\"dsc_5563\" data-e-action-hash=\"#elementor-action%3Aaction%3Dlightbox%26settings%3DeyJpZCI6MzQ4MCwidXJsIjoiaHR0cHM6XC9cL2Fjcmoub3JnLmJyXC93cC1jb250ZW50XC91cGxvYWRzXC8yMDIwXC8wM1wvZHNjXzU1NjMuanBnIiwic2xpZGVzaG93IjoiMDNmMzQ2ZCJ9\">\n\t\t\t\t\t<div class=\"e-gallery-image elementor-gallery-item__image\" data-thumbnail=\"https:\/\/acrj.org.br\/wp-content\/uploads\/2020\/03\/dsc_5563.jpg\" data-width=\"660\" data-height=\"490\" aria-label=\"\" role=\"img\" ><\/div>\n\t\t\t\t\t\t\t\t\t\t\t<div class=\"elementor-gallery-item__overlay\"><\/div>\n\t\t\t\t\t\t\t\t\t\t\t\t\t\t<\/a>\n\t\t\t\t\t\t\t<a class=\"e-gallery-item elementor-gallery-item elementor-animated-content\" href=\"https:\/\/acrj.org.br\/wp-content\/uploads\/2020\/03\/dsc_5574.jpg\" data-elementor-open-lightbox=\"yes\" data-elementor-lightbox-slideshow=\"03f346d\" data-elementor-lightbox-title=\"dsc_5574\" data-e-action-hash=\"#elementor-action%3Aaction%3Dlightbox%26settings%3DeyJpZCI6MzQ4MSwidXJsIjoiaHR0cHM6XC9cL2Fjcmoub3JnLmJyXC93cC1jb250ZW50XC91cGxvYWRzXC8yMDIwXC8wM1wvZHNjXzU1NzQuanBnIiwic2xpZGVzaG93IjoiMDNmMzQ2ZCJ9\">\n\t\t\t\t\t<div class=\"e-gallery-image elementor-gallery-item__image\" data-thumbnail=\"https:\/\/acrj.org.br\/wp-content\/uploads\/2020\/03\/dsc_5574.jpg\" data-width=\"660\" data-height=\"490\" aria-label=\"\" role=\"img\" ><\/div>\n\t\t\t\t\t\t\t\t\t\t\t<div class=\"elementor-gallery-item__overlay\"><\/div>\n\t\t\t\t\t\t\t\t\t\t\t\t\t\t<\/a>\n\t\t\t\t\t<\/div>\n\t\t\t\t\t<\/div>\n\t\t\t\t<\/div>\n\t\t\t\t\t<\/div>\n\t\t<\/div>\n\t\t\t\t\t<\/div>\n\t\t<\/section>\n\t\t\t\t<\/div>\n\t\t","protected":false},"excerpt":{"rendered":"<p>O Conselho Empresarial de Log\u00edstica e Transporte da Associa\u00e7\u00e3o Comercial do Rio de Janeiro recebeu o Vice-Governador do Rio de Janeiro, Cl\u00e1udio Castro, para um&hellip;<\/p>\n","protected":false},"author":1,"featured_media":3474,"comment_status":"closed","ping_status":"open","sticky":false,"template":"","format":"standard","meta":{"_exactmetrics_skip_tracking":false,"_exactmetrics_sitenote_active":false,"_exactmetrics_sitenote_note":"","_exactmetrics_sitenote_category":0,"footnotes":""},"categories":[10],"tags":[],"class_list":["post-3473","post","type-post","status-publish","format-standard","has-post-thumbnail","hentry","category-noticias"],"_links":{"self":[{"href":"https:\/\/acrj.org.br\/index.php\/wp-json\/wp\/v2\/posts\/3473","targetHints":{"allow":["GET"]}}],"collection":[{"href":"https:\/\/acrj.org.br\/index.php\/wp-json\/wp\/v2\/posts"}],"about":[{"href":"https:\/\/acrj.org.br\/index.php\/wp-json\/wp\/v2\/types\/post"}],"author":[{"embeddable":true,"href":"https:\/\/acrj.org.br\/index.php\/wp-json\/wp\/v2\/users\/1"}],"replies":[{"embeddable":true,"href":"https:\/\/acrj.org.br\/index.php\/wp-json\/wp\/v2\/comments?post=3473"}],"version-history":[{"count":0,"href":"https:\/\/acrj.org.br\/index.php\/wp-json\/wp\/v2\/posts\/3473\/revisions"}],"wp:featuredmedia":[{"embeddable":true,"href":"https:\/\/acrj.org.br\/index.php\/wp-json\/wp\/v2\/media\/3474"}],"wp:attachment":[{"href":"https:\/\/acrj.org.br\/index.php\/wp-json\/wp\/v2\/media?parent=3473"}],"wp:term":[{"taxonomy":"category","embeddable":true,"href":"https:\/\/acrj.org.br\/index.php\/wp-json\/wp\/v2\/categories?post=3473"},{"taxonomy":"post_tag","embeddable":true,"href":"https:\/\/acrj.org.br\/index.php\/wp-json\/wp\/v2\/tags?post=3473"}],"curies":[{"name":"wp","href":"https:\/\/api.w.org\/{rel}","templated":true}]}}