{"id":34603,"date":"2025-02-26T11:12:20","date_gmt":"2025-02-26T14:12:20","guid":{"rendered":"https:\/\/acrj.org.br\/?p=34603"},"modified":"2025-02-28T14:38:52","modified_gmt":"2025-02-28T17:38:52","slug":"planejamento-estrategico-das-mpes-apresenta-o-projeto-grandes-eventos","status":"publish","type":"post","link":"https:\/\/acrj.org.br\/index.php\/2025\/02\/26\/planejamento-estrategico-das-mpes-apresenta-o-projeto-grandes-eventos\/","title":{"rendered":"Planejamento Estrat\u00e9gico das MPEs apresenta o projeto \u201cGrandes Eventos\u201d"},"content":{"rendered":"\n<p>O Conselho Empresarial das Micro e Pequenas Empresas da ACRJ realizou sua reuni\u00e3o de Planejamento Estrat\u00e9gico nesta 3\u00aa feira (25\/2) quando apresentou o Projeto Grandes Eventos e Pan 2031. O projeto, uma iniciativa da Associa\u00e7\u00e3o Comercial do Rio de Janeiro, \u00e9 voltado para integrar micro e pequenas empresas e microempreendedores individuais (MEIs) \u00e0s oportunidades econ\u00f4micas geradas pelos grandes eventos, em especial os Jogos Pan e Parapan-Americanos de 2031, caso as cidades do Rio de Janeiro e Niter\u00f3i sejam as escolhidas como sede.<\/p>\n\n\n\n<p>\u201cO projeto focar\u00e1 na capacita\u00e7\u00e3o, conex\u00e3o e incentivo \u00e0 inova\u00e7\u00e3o, garantindo que pequenos neg\u00f3cios se beneficiem das demandas geradas pelos eventos e criem um legado sustent\u00e1vel para a economia local\u201d, destacou o presidente do Conselho, Th\u00f6r Carvalho. Est\u00e3o previstas a\u00e7\u00f5es como capacita\u00e7\u00e3o, rodadas de neg\u00f3cios, workshops, consultoria personalizada, entre outras, visando fomentar o desenvolvimento econ\u00f4mico local com foco nos grandes eventos promovidos no estado do Rio, especialmente na capital.<\/p>\n\n\n\n<p>Quatro eixos de atua\u00e7\u00e3o foram propostos: Capacita\u00e7\u00e3o e Qualifica\u00e7\u00e3o; Conex\u00e3o com Oportunidades; Apoio \u00e0 Formaliza\u00e7\u00e3o e Ativa\u00e7\u00e3o Comercial; e Turismo, cada um deles com tr\u00eas a\u00e7\u00f5es previstas. Foram discutidas ainda parcerias com Prefeituras e institui\u00e7\u00f5es como Sebrae, Facerj e Firjan, al\u00e9m da explora\u00e7\u00e3o de legados de eventos anteriores, incluindo a cria\u00e7\u00e3o de um modelo replic\u00e1vel para grandes eventos. Outras pautas destacaram o desenvolvimento de clusters esportivos, melhorias no receptivo tur\u00edstico, seguran\u00e7a p\u00fablica, associativismo e a implementa\u00e7\u00e3o de uma economia sustent\u00e1vel.<\/p>\n\n\n\n<p>O conselho definiu a cria\u00e7\u00e3o de um grupo de trabalho para dar continuidade \u00e0s discuss\u00f5es e a coleta de dados de eventos j\u00e1 realizados, al\u00e9m da elabora\u00e7\u00e3o de um programa de reconhecimento para pequenos empres\u00e1rios. A ideia, de acordo com os conselheiros, \u00e9 que este projeto se torne uma plataforma permanente de fomento ao empreendedorismo para apoiar microempresas e MEIs em futuros eventos e iniciativas no Rio de Janeiro.<\/p>\n\n\n\n<p><\/p>\n","protected":false},"excerpt":{"rendered":"<p>O Conselho Empresarial das Micro e Pequenas Empresas da ACRJ realizou sua reuni\u00e3o de Planejamento Estrat\u00e9gico nesta 3\u00aa feira (25\/2) quando apresentou o Projeto Grandes&hellip;<\/p>\n","protected":false},"author":3,"featured_media":34690,"comment_status":"closed","ping_status":"closed","sticky":false,"template":"","format":"standard","meta":{"_exactmetrics_skip_tracking":false,"_exactmetrics_sitenote_active":false,"_exactmetrics_sitenote_note":"","_exactmetrics_sitenote_category":0,"footnotes":""},"categories":[56,10],"tags":[],"class_list":["post-34603","post","type-post","status-publish","format-standard","has-post-thumbnail","hentry","category-destaque_conselhos","category-noticias"],"_links":{"self":[{"href":"https:\/\/acrj.org.br\/index.php\/wp-json\/wp\/v2\/posts\/34603","targetHints":{"allow":["GET"]}}],"collection":[{"href":"https:\/\/acrj.org.br\/index.php\/wp-json\/wp\/v2\/posts"}],"about":[{"href":"https:\/\/acrj.org.br\/index.php\/wp-json\/wp\/v2\/types\/post"}],"author":[{"embeddable":true,"href":"https:\/\/acrj.org.br\/index.php\/wp-json\/wp\/v2\/users\/3"}],"replies":[{"embeddable":true,"href":"https:\/\/acrj.org.br\/index.php\/wp-json\/wp\/v2\/comments?post=34603"}],"version-history":[{"count":0,"href":"https:\/\/acrj.org.br\/index.php\/wp-json\/wp\/v2\/posts\/34603\/revisions"}],"wp:featuredmedia":[{"embeddable":true,"href":"https:\/\/acrj.org.br\/index.php\/wp-json\/wp\/v2\/media\/34690"}],"wp:attachment":[{"href":"https:\/\/acrj.org.br\/index.php\/wp-json\/wp\/v2\/media?parent=34603"}],"wp:term":[{"taxonomy":"category","embeddable":true,"href":"https:\/\/acrj.org.br\/index.php\/wp-json\/wp\/v2\/categories?post=34603"},{"taxonomy":"post_tag","embeddable":true,"href":"https:\/\/acrj.org.br\/index.php\/wp-json\/wp\/v2\/tags?post=34603"}],"curies":[{"name":"wp","href":"https:\/\/api.w.org\/{rel}","templated":true}]}}