{"id":34593,"date":"2025-02-25T17:29:11","date_gmt":"2025-02-25T20:29:11","guid":{"rendered":"https:\/\/acrj.org.br\/?p=34593"},"modified":"2025-03-07T11:38:13","modified_gmt":"2025-03-07T14:38:13","slug":"presdiente-da-acrj-visita-a-bolsa-de-generos-alimenticios-do-rio","status":"publish","type":"post","link":"https:\/\/acrj.org.br\/index.php\/2025\/02\/25\/presdiente-da-acrj-visita-a-bolsa-de-generos-alimenticios-do-rio\/","title":{"rendered":"Presidente da ACRJ visita a Bolsa de G\u00eaneros Aliment\u00edcios do Rio"},"content":{"rendered":"\n<p>O presidente da ACRJ, Josier Vilar, e o presidente do Conselho Empresarial de Varejo da ACRJ, Juedir Teixeira, visitaram dia 25\/2 a Bolsa de G\u00eaneros Aliment\u00edcios do Estado do Rio de Janeiro (BGARJ). Eles foram recebidos pelo presidente da Bolsa, Everaldo Nascimento, e seu assessor, o empres\u00e1rio Abner Oliveira, membro do Conselho de Varejo.<\/p>\n\n\n\n<p>Josier Vilar e Juedir Teixeira visitaram as instala\u00e7\u00f5es da Bolsa, a \u00fanica do g\u00eanero em opera\u00e7\u00e3o no Brasil, e discutiram algumas a\u00e7\u00f5es com a diretoria da Bolsa que poder\u00e3o ser desenvolvidas em parceria entre a ACRJ e a BGARJ.<\/p>\n\n\n\n<p>Fundada em 1951, a Bolsa de G\u00eaneros Aliment\u00edcios do Rio de Janeiro (BGA-RJ), que j\u00e1 funcionou no pr\u00e9dio da ACRJ, \u00e9 um centro para a negocia\u00e7\u00e3o e distribui\u00e7\u00e3o de alimentos no estado.<\/p>\n\n\n\n<figure class=\"wp-block-image size-full is-resized\"><img fetchpriority=\"high\" decoding=\"async\" width=\"720\" height=\"480\" src=\"https:\/\/acrj.org.br\/wp-content\/uploads\/2025\/02\/josier-e-everaldo-edited.jpeg\" alt=\"\" class=\"wp-image-34598\" style=\"width:350px\" srcset=\"https:\/\/acrj.org.br\/wp-content\/uploads\/2025\/02\/josier-e-everaldo-edited.jpeg 720w, https:\/\/acrj.org.br\/wp-content\/uploads\/2025\/02\/josier-e-everaldo-edited-300x200.jpeg 300w\" sizes=\"(max-width: 720px) 100vw, 720px\" \/><figcaption class=\"wp-element-caption\">Josier Vilar e Everaldo Nascimento conversaram sobre parcerias<\/figcaption><\/figure>\n\n\n\n<figure class=\"wp-block-image size-full is-resized\"><img decoding=\"async\" width=\"720\" height=\"405\" src=\"https:\/\/acrj.org.br\/wp-content\/uploads\/2025\/02\/grupo-1-edited.jpeg\" alt=\"\" class=\"wp-image-34596\" style=\"width:350px\" srcset=\"https:\/\/acrj.org.br\/wp-content\/uploads\/2025\/02\/grupo-1-edited.jpeg 720w, https:\/\/acrj.org.br\/wp-content\/uploads\/2025\/02\/grupo-1-edited-300x169.jpeg 300w\" sizes=\"(max-width: 720px) 100vw, 720px\" \/><figcaption class=\"wp-element-caption\"> Abner Oliveira, Juedir Teixeira, Everaldo Nascimento e Josier Vilar<\/figcaption><\/figure>\n\n\n\n<p><\/p>\n","protected":false},"excerpt":{"rendered":"<p>O presidente da ACRJ, Josier Vilar, e o presidente do Conselho Empresarial de Varejo da ACRJ, Juedir Teixeira, visitaram dia 25\/2 a Bolsa de G\u00eaneros&hellip;<\/p>\n","protected":false},"author":3,"featured_media":34594,"comment_status":"closed","ping_status":"closed","sticky":false,"template":"","format":"standard","meta":{"_exactmetrics_skip_tracking":false,"_exactmetrics_sitenote_active":false,"_exactmetrics_sitenote_note":"","_exactmetrics_sitenote_category":0,"footnotes":""},"categories":[10],"tags":[],"class_list":["post-34593","post","type-post","status-publish","format-standard","has-post-thumbnail","hentry","category-noticias"],"_links":{"self":[{"href":"https:\/\/acrj.org.br\/index.php\/wp-json\/wp\/v2\/posts\/34593","targetHints":{"allow":["GET"]}}],"collection":[{"href":"https:\/\/acrj.org.br\/index.php\/wp-json\/wp\/v2\/posts"}],"about":[{"href":"https:\/\/acrj.org.br\/index.php\/wp-json\/wp\/v2\/types\/post"}],"author":[{"embeddable":true,"href":"https:\/\/acrj.org.br\/index.php\/wp-json\/wp\/v2\/users\/3"}],"replies":[{"embeddable":true,"href":"https:\/\/acrj.org.br\/index.php\/wp-json\/wp\/v2\/comments?post=34593"}],"version-history":[{"count":0,"href":"https:\/\/acrj.org.br\/index.php\/wp-json\/wp\/v2\/posts\/34593\/revisions"}],"wp:featuredmedia":[{"embeddable":true,"href":"https:\/\/acrj.org.br\/index.php\/wp-json\/wp\/v2\/media\/34594"}],"wp:attachment":[{"href":"https:\/\/acrj.org.br\/index.php\/wp-json\/wp\/v2\/media?parent=34593"}],"wp:term":[{"taxonomy":"category","embeddable":true,"href":"https:\/\/acrj.org.br\/index.php\/wp-json\/wp\/v2\/categories?post=34593"},{"taxonomy":"post_tag","embeddable":true,"href":"https:\/\/acrj.org.br\/index.php\/wp-json\/wp\/v2\/tags?post=34593"}],"curies":[{"name":"wp","href":"https:\/\/api.w.org\/{rel}","templated":true}]}}