{"id":34523,"date":"2025-02-20T10:30:44","date_gmt":"2025-02-20T13:30:44","guid":{"rendered":"https:\/\/acrj.org.br\/?p=34523"},"modified":"2025-02-20T10:30:50","modified_gmt":"2025-02-20T13:30:50","slug":"board-academy-homenageia-presidente-da-acrj","status":"publish","type":"post","link":"https:\/\/acrj.org.br\/index.php\/2025\/02\/20\/board-academy-homenageia-presidente-da-acrj\/","title":{"rendered":"Board Academy homenageia presidente da ACRJ"},"content":{"rendered":"\n<p>O presidente da ACRJ, Josier Vilar, foi um dos homenageados pela Board Academy durante a 2a edi\u00e7\u00e3o do Board Valley Rio de Janeiro, evento realizado nesta 4\u00aa feira (19\/2). Tamb\u00e9m receberam a homenagem, o CEO da Iniciativa FIS, Rodrigo Vilar, e o conselheiro da ACRJ, Mauro Wainstock.<\/p>\n\n\n\n<p>A Board Academy \u00e9 uma EdTech de forma\u00e7\u00e3o, desenvolvimento e certifica\u00e7\u00e3o de Conselheiros.<\/p>\n\n\n\n<figure class=\"wp-block-image size-large is-resized\"><img fetchpriority=\"high\" decoding=\"async\" width=\"1349\" height=\"759\" src=\"https:\/\/acrj.org.br\/wp-content\/uploads\/2025\/02\/post2-edited.jpg\" alt=\"\" class=\"wp-image-34526\" style=\"width:350px\" srcset=\"https:\/\/acrj.org.br\/wp-content\/uploads\/2025\/02\/post2-edited.jpg 1349w, https:\/\/acrj.org.br\/wp-content\/uploads\/2025\/02\/post2-edited-300x169.jpg 300w, https:\/\/acrj.org.br\/wp-content\/uploads\/2025\/02\/post2-edited-1024x576.jpg 1024w, https:\/\/acrj.org.br\/wp-content\/uploads\/2025\/02\/post2-edited-768x432.jpg 768w\" sizes=\"(max-width: 1349px) 100vw, 1349px\" \/><figcaption class=\"wp-element-caption\">Rodrigo Vilar, Josier Vilar e Mauro Wainstock (\u00e0 dir.)<\/figcaption><\/figure>\n\n\n\n<figure class=\"wp-block-image size-large is-resized\"><img decoding=\"async\" width=\"1024\" height=\"523\" src=\"https:\/\/acrj.org.br\/wp-content\/uploads\/2025\/02\/post3-1024x523.jpg\" alt=\"\" class=\"wp-image-34527\" style=\"width:350px\" srcset=\"https:\/\/acrj.org.br\/wp-content\/uploads\/2025\/02\/post3-1024x523.jpg 1024w, https:\/\/acrj.org.br\/wp-content\/uploads\/2025\/02\/post3-300x153.jpg 300w, https:\/\/acrj.org.br\/wp-content\/uploads\/2025\/02\/post3-768x393.jpg 768w, https:\/\/acrj.org.br\/wp-content\/uploads\/2025\/02\/post3-1536x785.jpg 1536w, https:\/\/acrj.org.br\/wp-content\/uploads\/2025\/02\/post3-2048x1047.jpg 2048w\" sizes=\"(max-width: 1024px) 100vw, 1024px\" \/><figcaption class=\"wp-element-caption\">Os homenageados no evento<\/figcaption><\/figure>\n\n\n\n<figure class=\"wp-block-image size-large is-resized\"><img decoding=\"async\" width=\"1024\" height=\"563\" src=\"https:\/\/acrj.org.br\/wp-content\/uploads\/2025\/02\/WhatsApp-Image-2025-02-20-at-08.29.12-1024x563.jpeg\" alt=\"\" class=\"wp-image-34528\" style=\"width:350px\" srcset=\"https:\/\/acrj.org.br\/wp-content\/uploads\/2025\/02\/WhatsApp-Image-2025-02-20-at-08.29.12-1024x563.jpeg 1024w, https:\/\/acrj.org.br\/wp-content\/uploads\/2025\/02\/WhatsApp-Image-2025-02-20-at-08.29.12-300x165.jpeg 300w, https:\/\/acrj.org.br\/wp-content\/uploads\/2025\/02\/WhatsApp-Image-2025-02-20-at-08.29.12-768x422.jpeg 768w, https:\/\/acrj.org.br\/wp-content\/uploads\/2025\/02\/WhatsApp-Image-2025-02-20-at-08.29.12.jpeg 1280w\" sizes=\"(max-width: 1024px) 100vw, 1024px\" \/><\/figure>\n\n\n\n<p><\/p>\n","protected":false},"excerpt":{"rendered":"<p>O presidente da ACRJ, Josier Vilar, foi um dos homenageados pela Board Academy durante a 2a edi\u00e7\u00e3o do Board Valley Rio de Janeiro, evento realizado&hellip;<\/p>\n","protected":false},"author":3,"featured_media":34524,"comment_status":"closed","ping_status":"closed","sticky":false,"template":"","format":"standard","meta":{"_exactmetrics_skip_tracking":false,"_exactmetrics_sitenote_active":false,"_exactmetrics_sitenote_note":"","_exactmetrics_sitenote_category":0,"footnotes":""},"categories":[6,10],"tags":[],"class_list":["post-34523","post","type-post","status-publish","format-standard","has-post-thumbnail","hentry","category-destaque_noticias","category-noticias"],"_links":{"self":[{"href":"https:\/\/acrj.org.br\/index.php\/wp-json\/wp\/v2\/posts\/34523","targetHints":{"allow":["GET"]}}],"collection":[{"href":"https:\/\/acrj.org.br\/index.php\/wp-json\/wp\/v2\/posts"}],"about":[{"href":"https:\/\/acrj.org.br\/index.php\/wp-json\/wp\/v2\/types\/post"}],"author":[{"embeddable":true,"href":"https:\/\/acrj.org.br\/index.php\/wp-json\/wp\/v2\/users\/3"}],"replies":[{"embeddable":true,"href":"https:\/\/acrj.org.br\/index.php\/wp-json\/wp\/v2\/comments?post=34523"}],"version-history":[{"count":0,"href":"https:\/\/acrj.org.br\/index.php\/wp-json\/wp\/v2\/posts\/34523\/revisions"}],"wp:featuredmedia":[{"embeddable":true,"href":"https:\/\/acrj.org.br\/index.php\/wp-json\/wp\/v2\/media\/34524"}],"wp:attachment":[{"href":"https:\/\/acrj.org.br\/index.php\/wp-json\/wp\/v2\/media?parent=34523"}],"wp:term":[{"taxonomy":"category","embeddable":true,"href":"https:\/\/acrj.org.br\/index.php\/wp-json\/wp\/v2\/categories?post=34523"},{"taxonomy":"post_tag","embeddable":true,"href":"https:\/\/acrj.org.br\/index.php\/wp-json\/wp\/v2\/tags?post=34523"}],"curies":[{"name":"wp","href":"https:\/\/api.w.org\/{rel}","templated":true}]}}