{"id":3418,"date":"2019-05-06T22:58:00","date_gmt":"2019-05-07T01:58:00","guid":{"rendered":"http:\/\/acrj2020.profissional.ws\/?p=3418"},"modified":"2020-03-02T22:58:49","modified_gmt":"2020-03-03T01:58:49","slug":"conselho-superior-realiza-eleicao-para-presidente-e-diretoria-do-conselho-superior-da-acrj","status":"publish","type":"post","link":"https:\/\/acrj.org.br\/index.php\/2019\/05\/06\/conselho-superior-realiza-eleicao-para-presidente-e-diretoria-do-conselho-superior-da-acrj\/","title":{"rendered":"Conselho Superior realiza elei\u00e7\u00e3o para Presidente e Diretoria do Conselho Superior da ACRJ"},"content":{"rendered":"\n<p>Em reuni\u00e3o ordin\u00e1ria, o Conselho Superior da Associa\u00e7\u00e3o Comercial do Rio de Janeiro realiza nesta ter\u00e7a-feira, 7 de maio, a elei\u00e7\u00e3o para Presidente, Vice-Presidente e Diretor Secret\u00e1rio do Conselho Superior e para a Presid\u00eancia da ACRJ bi\u00eanio 2019\/2021.<\/p>\n\n\n\n<p>A elei\u00e7\u00e3o ser\u00e1 realizada a partir das 10h30, no Audit\u00f3rio Ruy Barreto, 12\u00ba andar da Casa de Mau\u00e1, no Centro do Rio de Janeiro.<\/p>\n","protected":false},"excerpt":{"rendered":"<p>Em reuni\u00e3o ordin\u00e1ria, o Conselho Superior da Associa\u00e7\u00e3o Comercial do Rio de Janeiro realiza nesta ter\u00e7a-feira, 7 de maio, a elei\u00e7\u00e3o para Presidente, Vice-Presidente e&hellip;<\/p>\n","protected":false},"author":1,"featured_media":3411,"comment_status":"closed","ping_status":"open","sticky":false,"template":"","format":"standard","meta":{"_exactmetrics_skip_tracking":false,"_exactmetrics_sitenote_active":false,"_exactmetrics_sitenote_note":"","_exactmetrics_sitenote_category":0,"footnotes":""},"categories":[10],"tags":[],"class_list":["post-3418","post","type-post","status-publish","format-standard","has-post-thumbnail","hentry","category-noticias"],"_links":{"self":[{"href":"https:\/\/acrj.org.br\/index.php\/wp-json\/wp\/v2\/posts\/3418","targetHints":{"allow":["GET"]}}],"collection":[{"href":"https:\/\/acrj.org.br\/index.php\/wp-json\/wp\/v2\/posts"}],"about":[{"href":"https:\/\/acrj.org.br\/index.php\/wp-json\/wp\/v2\/types\/post"}],"author":[{"embeddable":true,"href":"https:\/\/acrj.org.br\/index.php\/wp-json\/wp\/v2\/users\/1"}],"replies":[{"embeddable":true,"href":"https:\/\/acrj.org.br\/index.php\/wp-json\/wp\/v2\/comments?post=3418"}],"version-history":[{"count":0,"href":"https:\/\/acrj.org.br\/index.php\/wp-json\/wp\/v2\/posts\/3418\/revisions"}],"wp:featuredmedia":[{"embeddable":true,"href":"https:\/\/acrj.org.br\/index.php\/wp-json\/wp\/v2\/media\/3411"}],"wp:attachment":[{"href":"https:\/\/acrj.org.br\/index.php\/wp-json\/wp\/v2\/media?parent=3418"}],"wp:term":[{"taxonomy":"category","embeddable":true,"href":"https:\/\/acrj.org.br\/index.php\/wp-json\/wp\/v2\/categories?post=3418"},{"taxonomy":"post_tag","embeddable":true,"href":"https:\/\/acrj.org.br\/index.php\/wp-json\/wp\/v2\/tags?post=3418"}],"curies":[{"name":"wp","href":"https:\/\/api.w.org\/{rel}","templated":true}]}}