{"id":3413,"date":"2019-05-09T21:54:00","date_gmt":"2019-05-10T00:54:00","guid":{"rendered":"http:\/\/acrj2020.profissional.ws\/?p=3413"},"modified":"2020-03-02T22:56:26","modified_gmt":"2020-03-03T01:56:26","slug":"stj-decide-que-icms-nao-integra-base-de-calculo-da-contribuicao-sobre-a-receita","status":"publish","type":"post","link":"https:\/\/acrj.org.br\/index.php\/2019\/05\/09\/stj-decide-que-icms-nao-integra-base-de-calculo-da-contribuicao-sobre-a-receita\/","title":{"rendered":"STJ decide que ICMS n\u00e3o integra base de c\u00e1lculo da Contribui\u00e7\u00e3o sobre a Receita"},"content":{"rendered":"\n<p>O Superior Tribunal de Justi\u00e7a (STJ) decidiu nesta ter\u00e7a-feira, 7 de maio, que \u201cos valores de ICMS n\u00e3o integram a base de c\u00e1lculo da Contribui\u00e7\u00e3o Previdenci\u00e1ria sobre a Receita Bruta (CPRB), institu\u00edda pela Medida Provis\u00f3ria 540\/2011, convertida na&nbsp;<strong><a href=\"http:\/\/www.planalto.gov.br\/CCIVIL_03\/_Ato2011-2014\/2011\/Lei\/L12546.htm\" target=\"_blank\" rel=\"noreferrer noopener\">Lei 12.546\/2011<\/a><\/strong>\u201d. Desta forma, a base de c\u00e1lculo dessa contribui\u00e7\u00e3o fica menor e os contribuintes que pagaram considerando o ICMS podem fazer as contas e pedir a restitui\u00e7\u00e3o ou compensar os valores recolhidos indevidamente, dentro do prazo de 5 anos.<\/p>\n\n\n\n<p>Esta sistem\u00e1tica de recolhimento da contribui\u00e7\u00e3o previdenci\u00e1ria sobre a receita bruta (CPRB), no lugar da folha de sal\u00e1rio, foi um incentivo fiscal criado pelo Governo da ent\u00e3o Presidenta Dilma Rousseff, pela Medida Provis\u00f3ria n\u00ba 540\/2011. Era parte do \u201cPlano Brasil Maior\u201d, cujo objetivo era estimular o desenvolvimento e promover o reaquecimento da economia nacional. A sistem\u00e1tica ficou conhecida como \u201cdesonera\u00e7\u00e3o da folha de sal\u00e1rios\u201d e visava a cria\u00e7\u00e3o de mais empregos pelas empresas dos setores beneficiados.<\/p>\n\n\n\n<p>Em 2018, o ent\u00e3o Presidente Michel Temer, come\u00e7ou a cortar esses incentivos e acabou conseguindo a aprova\u00e7\u00e3o do Congresso Nacional, pela Lei n\u00ba 13.670\/2018, para reduzir os setores beneficiados at\u00e9 a extin\u00e7\u00e3o total do programa prevista para 2020, quando as empresas ter\u00e3o que voltar a recolher a contribui\u00e7\u00e3o previdenci\u00e1ria de 20% sobre a folha, recolhida atualmente para quem n\u00e3o pode se aproveitar da benesse, al\u00e9m \u00e9 claro, do adicional de cerca de 6% destinado ao Sistema S, ao Sal\u00e1rio-Educa\u00e7\u00e3o e ao INCRA. Tudo isto \u00e9 claro, se n\u00e3o houver mudan\u00e7as nesta tributa\u00e7\u00e3o.<\/p>\n\n\n\n<p><strong>O julgamento do STJ<\/strong><\/p>\n\n\n\n<p>A Ministra Relatora dos recursos, Regina Helena Costa, considerou a quest\u00e3o semelhante ao caso julgado pelo STF no Recurso Extraordin\u00e1rio n\u00ba&nbsp;<strong><a href=\"http:\/\/www.stf.jus.br\/portal\/jurisprudencia\/listarJurisprudencia.asp?s1=%28RE%24%2ESCLA%2E+E+574706%2ENUME%2E%29+OU+%28RE%2EACMS%2E+ADJ2+574706%2EACMS%2E%29&amp;base=baseAcordaos&amp;url=http:\/\/tinyurl.com\/aelef8p\" target=\"_blank\" rel=\"noreferrer noopener\">574.706<\/a><\/strong>, no qual os Ministros consideraram inconstitucional a inclus\u00e3o do ICMS nas bases de c\u00e1lculo do PIS e da Cofins. A Ministra ressaltou que \u201c\u00e0 acep\u00e7\u00e3o de receita atrela-se o requisito da definitividade, motivo pelo qual, consoante pontuado pelo ministro Marco Aur\u00e9lio, no voto proferido, o contribuinte n\u00e3o fatura e n\u00e3o tem, como receita bruta, tributo, ou seja, o ICMS\u201d.<\/p>\n\n\n\n<p>A relatora observou que o STF j\u00e1 expandiu seu entendimento para as demandas envolvendo a inclus\u00e3o do ICMS na base de c\u00e1lculo da CPRB, assim como as turmas de direito p\u00fablico do STJ, que t\u00eam adotado as raz\u00f5es de decidir do recurso extraordin\u00e1rio para afastar a pretens\u00e3o de alargar a base de c\u00e1lculo da CPRB mediante a inser\u00e7\u00e3o de valores de ICMS.<\/p>\n\n\n\n<p>Esse julgamento foi julgado em um rito chamado \u201crecurso repetitivo\u201d cujo entendimento deve ser aplicado a todos os demais casos semelhantes.<\/p>\n\n\n\n<p>Pelo posicionamento do STJ e do STF, a receita bruta, base de c\u00e1lculo de muitos tributos, deve ter um outro conceito para fins de incid\u00eancia tribut\u00e1ria, o que consistir\u00e1 na redu\u00e7\u00e3o dos valores a serem pagos pelos contribuintes e na outra ponta impactar\u00e1 a arrecada\u00e7\u00e3o.<\/p>\n\n\n\n<p class=\"has-text-align-right has-medium-font-size\"> <strong>Cheryl Berno<\/strong><\/p>\n\n\n\n<p><strong>Fonte e outras decis\u00f5es do STJ que afetam a coletividade, consulte:<\/strong><\/p>\n\n\n\n<p><a href=\"http:\/\/www.stj.jus.br\/repetitivos\/temas_repetitivos\/?pesquisarPlurais=on&amp;pesquisarSinonimos=on\">http:\/\/www.stj.jus.br\/repetitivos\/temas_repetitivos\/?pesquisarPlurais=on&amp;pesquisarSinonimos=on<\/a><\/p>\n","protected":false},"excerpt":{"rendered":"<p>O Superior Tribunal de Justi\u00e7a (STJ) decidiu nesta ter\u00e7a-feira, 7 de maio, que \u201cos valores de ICMS n\u00e3o integram a base de c\u00e1lculo da Contribui\u00e7\u00e3o&hellip;<\/p>\n","protected":false},"author":1,"featured_media":2081,"comment_status":"closed","ping_status":"open","sticky":false,"template":"","format":"standard","meta":{"_exactmetrics_skip_tracking":false,"_exactmetrics_sitenote_active":false,"_exactmetrics_sitenote_note":"","_exactmetrics_sitenote_category":0,"footnotes":""},"categories":[10],"tags":[],"class_list":["post-3413","post","type-post","status-publish","format-standard","has-post-thumbnail","hentry","category-noticias"],"_links":{"self":[{"href":"https:\/\/acrj.org.br\/index.php\/wp-json\/wp\/v2\/posts\/3413","targetHints":{"allow":["GET"]}}],"collection":[{"href":"https:\/\/acrj.org.br\/index.php\/wp-json\/wp\/v2\/posts"}],"about":[{"href":"https:\/\/acrj.org.br\/index.php\/wp-json\/wp\/v2\/types\/post"}],"author":[{"embeddable":true,"href":"https:\/\/acrj.org.br\/index.php\/wp-json\/wp\/v2\/users\/1"}],"replies":[{"embeddable":true,"href":"https:\/\/acrj.org.br\/index.php\/wp-json\/wp\/v2\/comments?post=3413"}],"version-history":[{"count":0,"href":"https:\/\/acrj.org.br\/index.php\/wp-json\/wp\/v2\/posts\/3413\/revisions"}],"wp:featuredmedia":[{"embeddable":true,"href":"https:\/\/acrj.org.br\/index.php\/wp-json\/wp\/v2\/media\/2081"}],"wp:attachment":[{"href":"https:\/\/acrj.org.br\/index.php\/wp-json\/wp\/v2\/media?parent=3413"}],"wp:term":[{"taxonomy":"category","embeddable":true,"href":"https:\/\/acrj.org.br\/index.php\/wp-json\/wp\/v2\/categories?post=3413"},{"taxonomy":"post_tag","embeddable":true,"href":"https:\/\/acrj.org.br\/index.php\/wp-json\/wp\/v2\/tags?post=3413"}],"curies":[{"name":"wp","href":"https:\/\/api.w.org\/{rel}","templated":true}]}}