{"id":34083,"date":"2025-02-03T15:58:53","date_gmt":"2025-02-03T18:58:53","guid":{"rendered":"https:\/\/acrj.org.br\/?p=34083"},"modified":"2025-02-19T12:16:33","modified_gmt":"2025-02-19T15:16:33","slug":"seminario-rio-de-janeiro-berco-de-oportunidades-no-comercio-exterior","status":"publish","type":"post","link":"https:\/\/acrj.org.br\/index.php\/2025\/02\/03\/seminario-rio-de-janeiro-berco-de-oportunidades-no-comercio-exterior\/","title":{"rendered":"Semin\u00e1rio Rio de Janeiro: ber\u00e7o de oportunidades no com\u00e9rcio exterior"},"content":{"rendered":"\n<p>No pr\u00f3ximo da 18 de fevereiro, a partir das 9h, a ACRJ promover\u00e1 o semin\u00e1rio <strong>Rio de Janeiro: ber\u00e7o de oportunidades no com\u00e9rcio exterior<\/strong>, com a presen\u00e7a de especialistas dos setores p\u00fablico e privado. A iniciativa \u00e9 do Conselho Empresarial de Rela\u00e7\u00f5es Internacionais e Com\u00e9rcio Exterior da ACRJ, em parceria com a Secretaria de Estado de Desenvolvimento Econ\u00f4mico, Ind\u00fastria, Com\u00e9rcio e Servi\u00e7os (Sedeics).<\/p>\n\n\n\n<p>O evento ser\u00e1 aberto pelo presidente da ACRJ, Josier Vilar; a secret\u00e1ria da Sedeics, Fernanda Curdi; e a presidente do Conselho, Michelle Fernandes. Ser\u00e3o debatidos os seguintes temas: Oportunidades de Internacionaliza\u00e7\u00e3o nos Estados Unidos; na Exporta\u00e7\u00e3o e na Importa\u00e7\u00e3o. A Lei estadual que oferece benef\u00edcios fiscais para as opera\u00e7\u00f5es de com\u00e9rcio exterior no Rio de Janeiro ter\u00e1 um destaque especial no debate.  A Lei, apelidada de RioComex, foi criada a partir de uma parceria entre o poder p\u00fablico, empresas e associa\u00e7\u00f5es, entre elas a ACRJ.<\/p>\n\n\n\n<p>\u201cO RioComex \u00e9 um incentivo estrat\u00e9gico que fortalece o com\u00e9rcio exterior no Rio de Janeiro, tornando o estado mais competitivo e atraente para novos investimentos e o retorno de empresas que operam no Comex\u201d, disse Michelle Fernandes.<\/p>\n\n\n\n<p>Outro tema que ser\u00e1 abordado no evento \u00e9 a Zona de Processamento Industrial, que permite que empresas brasileiras se beneficiem de isen\u00e7\u00f5es fiscais nos Estados Unidos, entre outras vantagens tribut\u00e1rias. Assim podem competir de forma mais eficiente com produtos fabricados localmente.<\/p>\n\n\n\n<p>Confira abaixo a programa\u00e7\u00e3o completa.<\/p>\n\n\n\n<p>&#x1f517; <strong><a href=\"https:\/\/www.sympla.com.br\/evento\/seminario-rio-de-janeiro-berco-de-oportunidades-no-comercio-exterior\/2818307?token=63dc67e1a447ebebecc9ed30735fe6c9\">Acesse aqui<\/a><\/strong> para fazer sua ades\u00e3o ao evento. <strong>Desconto para Associados ACRJ<\/strong> <\/p>\n\n\n\n<p><strong>SERVI\u00c7O<\/strong><\/p>\n\n\n\n<p>&#x1f5d3;&#xfe0f; Data: 18\/2\/2025<\/p>\n\n\n\n<p>&#x1f552; Hor\u00e1rio: 9 horas<\/p>\n\n\n\n<p>&#x1f3e2; Local: Sede da Associa\u00e7\u00e3o Comercial do RJ &#8211; ACRJ &#8211; Rua Candel\u00e1ria, 9\/audit\u00f3rio do subsolo &#8211; Centro &#8211; RJ<\/p>\n\n\n\n<p>&#x260e; Informa\u00e7\u00f5es: 2514-1203<\/p>\n\n\n\n<figure class=\"wp-block-image size-large is-resized\"><img fetchpriority=\"high\" decoding=\"async\" width=\"461\" height=\"1024\" src=\"https:\/\/acrj.org.br\/wp-content\/uploads\/2025\/02\/folder_evento_-461x1024.png\" alt=\"\" class=\"wp-image-34090\" style=\"width:360px\" srcset=\"https:\/\/acrj.org.br\/wp-content\/uploads\/2025\/02\/folder_evento_-461x1024.png 461w, https:\/\/acrj.org.br\/wp-content\/uploads\/2025\/02\/folder_evento_-135x300.png 135w, https:\/\/acrj.org.br\/wp-content\/uploads\/2025\/02\/folder_evento_.png 506w\" sizes=\"(max-width: 461px) 100vw, 461px\" \/><\/figure>\n\n\n\n<p><\/p>\n","protected":false},"excerpt":{"rendered":"<p>No pr\u00f3ximo da 18 de fevereiro, a partir das 9h, a ACRJ promover\u00e1 o semin\u00e1rio Rio de Janeiro: ber\u00e7o de oportunidades no com\u00e9rcio exterior, com&hellip;<\/p>\n","protected":false},"author":3,"featured_media":34098,"comment_status":"closed","ping_status":"closed","sticky":false,"template":"","format":"standard","meta":{"_exactmetrics_skip_tracking":false,"_exactmetrics_sitenote_active":false,"_exactmetrics_sitenote_note":"","_exactmetrics_sitenote_category":0,"footnotes":""},"categories":[83],"tags":[],"class_list":["post-34083","post","type-post","status-publish","format-standard","has-post-thumbnail","hentry","category-eventos_acrj"],"_links":{"self":[{"href":"https:\/\/acrj.org.br\/index.php\/wp-json\/wp\/v2\/posts\/34083","targetHints":{"allow":["GET"]}}],"collection":[{"href":"https:\/\/acrj.org.br\/index.php\/wp-json\/wp\/v2\/posts"}],"about":[{"href":"https:\/\/acrj.org.br\/index.php\/wp-json\/wp\/v2\/types\/post"}],"author":[{"embeddable":true,"href":"https:\/\/acrj.org.br\/index.php\/wp-json\/wp\/v2\/users\/3"}],"replies":[{"embeddable":true,"href":"https:\/\/acrj.org.br\/index.php\/wp-json\/wp\/v2\/comments?post=34083"}],"version-history":[{"count":0,"href":"https:\/\/acrj.org.br\/index.php\/wp-json\/wp\/v2\/posts\/34083\/revisions"}],"wp:featuredmedia":[{"embeddable":true,"href":"https:\/\/acrj.org.br\/index.php\/wp-json\/wp\/v2\/media\/34098"}],"wp:attachment":[{"href":"https:\/\/acrj.org.br\/index.php\/wp-json\/wp\/v2\/media?parent=34083"}],"wp:term":[{"taxonomy":"category","embeddable":true,"href":"https:\/\/acrj.org.br\/index.php\/wp-json\/wp\/v2\/categories?post=34083"},{"taxonomy":"post_tag","embeddable":true,"href":"https:\/\/acrj.org.br\/index.php\/wp-json\/wp\/v2\/tags?post=34083"}],"curies":[{"name":"wp","href":"https:\/\/api.w.org\/{rel}","templated":true}]}}