{"id":33992,"date":"2025-01-29T17:42:27","date_gmt":"2025-01-29T20:42:27","guid":{"rendered":"https:\/\/acrj.org.br\/?p=33992"},"modified":"2025-02-11T16:32:19","modified_gmt":"2025-02-11T19:32:19","slug":"qualificacao-profissional-e-empregabilidade-serao-foco-do-conselho-de-educacao-este-ano","status":"publish","type":"post","link":"https:\/\/acrj.org.br\/index.php\/2025\/01\/29\/qualificacao-profissional-e-empregabilidade-serao-foco-do-conselho-de-educacao-este-ano\/","title":{"rendered":"Qualifica\u00e7\u00e3o profissional e empregabilidade ser\u00e3o foco do Conselho este ano"},"content":{"rendered":"\n<p>Na primeira reuni\u00e3o do ano do Conselho Empresarial de Educa\u00e7\u00e3o da ACRJ, realizada dia 29\/1, a presidente Ma\u00edra Pimentel apresentou o Planejamento de A\u00e7\u00f5es para 2025 com algumas oportunidades de atua\u00e7\u00e3o para o Conselho.<\/p>\n\n\n\n<p>No eixo tem\u00e1tico \u201cQualifica\u00e7\u00e3o Profissional\u201d uma das a\u00e7\u00f5es ser\u00e1 identificar quais as \u201cdores\u201d ligadas \u00e0 treinamento e desenvolvimento dos Associados da ACRJ, realizar mapeamento com essas empresas associadas, al\u00e9m de utilizar as informa\u00e7\u00f5es dispon\u00edveis no Report do F\u00f3rum Econ\u00f4mico Mundial, para organizar eventos sobre estes temas.<\/p>\n\n\n\n<p>\u201cUm dos desdobramentos desta a\u00e7\u00e3o ser\u00e1 fazer uma curadoria de solu\u00e7\u00f5es com RH Techs\/EdTechs, orientando os Associados para que deem apoio a seus funcion\u00e1rios\u201d, explicou Ma\u00edra.<\/p>\n\n\n\n<p>Na quest\u00e3o da empregabilidade, a atua\u00e7\u00e3o ser\u00e1 para descobrir porque existe um alto \u00edndice de desemprego e oportunidades em aberto por falta de m\u00e3o de obra qualificada. \u201cAo mesmo tempo, quem qualifica, n\u00e3o consegue garantir a inclus\u00e3o produtiva dessa m\u00e3o de obra\u201d, disse.<\/p>\n\n\n\n<p>Ma\u00edra Pimentel adiantou que a atua\u00e7\u00e3o do Conselho neste semestre pretende contar com a parceria de outros Conselhos da ACRJ, como os de Gest\u00e3o de Recursos Humanos e Desenvolvimento Organizacional; Varejo; Turismo; Comunidades, Novos Neg\u00f3cios e Economia Solid\u00e1ria; Micro e Pequenas Empresas; Desenvolvimento do Mercado de Capitais, e outros. Tamb\u00e9m ser\u00e3o convidadas outras institui\u00e7\u00f5es como Firjan, Sistema S, IMDS, que j\u00e1 t\u00eam pesquisas e fundamenta\u00e7\u00e3o sobre o tema.<\/p>\n\n\n\n<p>Tamb\u00e9m est\u00e1 na pauta do Conselho o mapeamento de oportunidades de neg\u00f3cios para as empresas Associadas e a realiza\u00e7\u00e3o de um evento com foco nas inova\u00e7\u00f5es na \u00e1rea de educa\u00e7\u00e3o.<\/p>\n","protected":false},"excerpt":{"rendered":"<p>Na primeira reuni\u00e3o do ano do Conselho Empresarial de Educa\u00e7\u00e3o da ACRJ, realizada dia 29\/1, a presidente Ma\u00edra Pimentel apresentou o Planejamento de A\u00e7\u00f5es para&hellip;<\/p>\n","protected":false},"author":3,"featured_media":34323,"comment_status":"closed","ping_status":"closed","sticky":false,"template":"","format":"standard","meta":{"_exactmetrics_skip_tracking":false,"_exactmetrics_sitenote_active":false,"_exactmetrics_sitenote_note":"","_exactmetrics_sitenote_category":0,"footnotes":""},"categories":[56,10],"tags":[],"class_list":["post-33992","post","type-post","status-publish","format-standard","has-post-thumbnail","hentry","category-destaque_conselhos","category-noticias"],"_links":{"self":[{"href":"https:\/\/acrj.org.br\/index.php\/wp-json\/wp\/v2\/posts\/33992","targetHints":{"allow":["GET"]}}],"collection":[{"href":"https:\/\/acrj.org.br\/index.php\/wp-json\/wp\/v2\/posts"}],"about":[{"href":"https:\/\/acrj.org.br\/index.php\/wp-json\/wp\/v2\/types\/post"}],"author":[{"embeddable":true,"href":"https:\/\/acrj.org.br\/index.php\/wp-json\/wp\/v2\/users\/3"}],"replies":[{"embeddable":true,"href":"https:\/\/acrj.org.br\/index.php\/wp-json\/wp\/v2\/comments?post=33992"}],"version-history":[{"count":0,"href":"https:\/\/acrj.org.br\/index.php\/wp-json\/wp\/v2\/posts\/33992\/revisions"}],"wp:featuredmedia":[{"embeddable":true,"href":"https:\/\/acrj.org.br\/index.php\/wp-json\/wp\/v2\/media\/34323"}],"wp:attachment":[{"href":"https:\/\/acrj.org.br\/index.php\/wp-json\/wp\/v2\/media?parent=33992"}],"wp:term":[{"taxonomy":"category","embeddable":true,"href":"https:\/\/acrj.org.br\/index.php\/wp-json\/wp\/v2\/categories?post=33992"},{"taxonomy":"post_tag","embeddable":true,"href":"https:\/\/acrj.org.br\/index.php\/wp-json\/wp\/v2\/tags?post=33992"}],"curies":[{"name":"wp","href":"https:\/\/api.w.org\/{rel}","templated":true}]}}