{"id":33944,"date":"2025-01-29T10:51:31","date_gmt":"2025-01-29T13:51:31","guid":{"rendered":"https:\/\/acrj.org.br\/?p=33944"},"modified":"2025-02-03T17:33:52","modified_gmt":"2025-02-03T20:33:52","slug":"palestra-sobre-corrupcao-e-assedio","status":"publish","type":"post","link":"https:\/\/acrj.org.br\/index.php\/2025\/01\/29\/palestra-sobre-corrupcao-e-assedio\/","title":{"rendered":"Palestra sobre corrup\u00e7\u00e3o e ass\u00e9dio"},"content":{"rendered":"\n<p>A ACRJ recebe, dia 7 de fevereiro, \u00e0s 10h, o corregedor-geral da Dataprev, Ant\u00f4nio N\u00f3brega, para falar sobre corrup\u00e7\u00e3o e ass\u00e9dio. A iniciativa \u00e9 do Conselho Empresarial de Governan\u00e7a, Compliance e Diversidade da ACRJ.<\/p>\n\n\n\n<p>&#x1f193; O encontro \u00e9 gratuito, mediante inscri\u00e7\u00e3o pr\u00e9via.<\/p>\n\n\n\n<p>&#x1f517; <strong><a href=\"https:\/\/forms.gle\/ttDmgFi3oSJ5ovb96\">Acesse aqui <\/a><\/strong>para se inscrever<\/p>\n\n\n\n<p><strong>SERVI\u00c7O<\/strong><\/p>\n\n\n\n<p>&#x1f5d3; Data: 07\/02\/2025<\/p>\n\n\n\n<p>&#x1f552; Hor\u00e1rio: 10 horas<\/p>\n\n\n\n<p>&#x1f3e2; Local: Sede da Associa\u00e7\u00e3o Comercial do RJ &#8211; ACRJ &#8211; Rua Candel\u00e1ria, 9\/12\u00ba andar &#8211; Centro &#8211; RJ<\/p>\n\n\n\n<p>&#x260e; Informa\u00e7\u00f5es: 2514-1203<\/p>\n","protected":false},"excerpt":{"rendered":"<p>A ACRJ recebe, dia 7 de fevereiro, \u00e0s 10h, o corregedor-geral da Dataprev, Ant\u00f4nio N\u00f3brega, para falar sobre corrup\u00e7\u00e3o e ass\u00e9dio. A iniciativa \u00e9 do&hellip;<\/p>\n","protected":false},"author":3,"featured_media":33970,"comment_status":"closed","ping_status":"closed","sticky":false,"template":"","format":"standard","meta":{"_exactmetrics_skip_tracking":false,"_exactmetrics_sitenote_active":false,"_exactmetrics_sitenote_note":"","_exactmetrics_sitenote_category":0,"footnotes":""},"categories":[55,83],"tags":[],"class_list":["post-33944","post","type-post","status-publish","format-standard","has-post-thumbnail","hentry","category-destaque_eventos","category-eventos_acrj"],"_links":{"self":[{"href":"https:\/\/acrj.org.br\/index.php\/wp-json\/wp\/v2\/posts\/33944","targetHints":{"allow":["GET"]}}],"collection":[{"href":"https:\/\/acrj.org.br\/index.php\/wp-json\/wp\/v2\/posts"}],"about":[{"href":"https:\/\/acrj.org.br\/index.php\/wp-json\/wp\/v2\/types\/post"}],"author":[{"embeddable":true,"href":"https:\/\/acrj.org.br\/index.php\/wp-json\/wp\/v2\/users\/3"}],"replies":[{"embeddable":true,"href":"https:\/\/acrj.org.br\/index.php\/wp-json\/wp\/v2\/comments?post=33944"}],"version-history":[{"count":0,"href":"https:\/\/acrj.org.br\/index.php\/wp-json\/wp\/v2\/posts\/33944\/revisions"}],"wp:featuredmedia":[{"embeddable":true,"href":"https:\/\/acrj.org.br\/index.php\/wp-json\/wp\/v2\/media\/33970"}],"wp:attachment":[{"href":"https:\/\/acrj.org.br\/index.php\/wp-json\/wp\/v2\/media?parent=33944"}],"wp:term":[{"taxonomy":"category","embeddable":true,"href":"https:\/\/acrj.org.br\/index.php\/wp-json\/wp\/v2\/categories?post=33944"},{"taxonomy":"post_tag","embeddable":true,"href":"https:\/\/acrj.org.br\/index.php\/wp-json\/wp\/v2\/tags?post=33944"}],"curies":[{"name":"wp","href":"https:\/\/api.w.org\/{rel}","templated":true}]}}